{"id":29391,"date":"2021-12-20T10:22:57","date_gmt":"2021-12-20T13:22:57","guid":{"rendered":"https:\/\/atecordoba.org\/?p=29391"},"modified":"2021-12-20T10:23:33","modified_gmt":"2021-12-20T13:23:33","slug":"el-salario-de-los-estatales-cayo-un-31-real-en-los-ultimos-cinco-anos","status":"publish","type":"post","link":"https:\/\/atecordoba.org\/?p=29391","title":{"rendered":"El salario de los estatales cay\u00f3 un 31% real en los \u00faltimos cinco a\u00f1os"},"content":{"rendered":"\n<div class=\"wp-block-image\"><figure class=\"aligncenter size-large is-resized\"><img loading=\"lazy\" decoding=\"async\" src=\"https:\/\/atecordoba.org\/wp-content\/uploads\/2021\/12\/indec-1024x683.jpg\" alt=\"\" class=\"wp-image-29392\" width=\"768\" height=\"512\" srcset=\"https:\/\/atecordoba.org\/wp-content\/uploads\/2021\/12\/indec-1024x683.jpg 1024w, https:\/\/atecordoba.org\/wp-content\/uploads\/2021\/12\/indec-300x200.jpg 300w, https:\/\/atecordoba.org\/wp-content\/uploads\/2021\/12\/indec-768x512.jpg 768w, https:\/\/atecordoba.org\/wp-content\/uploads\/2021\/12\/indec-750x500.jpg 750w, https:\/\/atecordoba.org\/wp-content\/uploads\/2021\/12\/indec-1140x760.jpg 1140w, https:\/\/atecordoba.org\/wp-content\/uploads\/2021\/12\/indec.jpg 1200w\" sizes=\"auto, (max-width: 768px) 100vw, 768px\" \/><\/figure><\/div>\n\n\n\n<p>A pesar del hermetismo con el que se desarrollan las negociaciones entre los funcionarios del gobierno y los del FMI, es posible inferir que el organismo pondr\u00e1 especial atenci\u00f3n en la reducci\u00f3n del d\u00e9ficit fiscal.<\/p>\n\n\n\n<p>All\u00ed importan los ingresos en materia tributaria que pudiera obtener el Estado y que, en principio, apuesta a incrementar a partir de la consolidaci\u00f3n de la recuperaci\u00f3n econ\u00f3mica, pero, al mismo tiempo y del otro lado, influyen los gastos que pudiera generar el Estado. Por eso, el foco est\u00e1 puesto, entre otros puntos, en la pol\u00edtica de subsidios a los servicios y en la obra p\u00fablica.<\/p>\n\n\n\n<p>Los salarios de los empleados p\u00fablicos nacionales tambi\u00e9n representan un gasto sensible del Estado que podr\u00eda estar en la mira del organismo, si no para un recorte, al menos para congelar el poder adquisitivo actual y postergar una recomposici\u00f3n pendiente luego de a\u00f1os de retroceso.<\/p>\n\n\n\n<p>Es que, si bien durante 2021 la evoluci\u00f3n de los haberes de los empleados p\u00fablicos nacionales estar\u00eda acompa\u00f1ando la suba de precios, lo cierto es que, seg\u00fan el seguimiento que realiza la Junta Interna de la Asociaci\u00f3n de Trabajadores del Estado (ATE) del Indec, junto con los t\u00e9cnicos del organismo basados en datos oficiales, arrastran hasta octubre una p\u00e9rdida del poder adquisitivo de un 31% desde noviembre de 2015 que, para diciembre de este a\u00f1o, proyectan en un 33,5% para la categor\u00eda laboral testigo D 0.<\/p>\n\n\n\n<p>Para los t\u00e9cnicos del Indec, esa p\u00e9rdida implica una deuda acumulada de $ 1,4 millones desde esa fecha para cada uno de los 120 mil empleados de los ministerios dependientes del Poder Ejecutivo Nacional y de unos 60 mil m\u00e1s que se desempe\u00f1an en los organismos descentralizados.<\/p>\n\n\n\n<p>Desde agosto, el salario bruto de esa categor\u00eda, sin adicionales por t\u00edtulos, se encuentra en $ 42.510 que, en forma neta, cae a poco m\u00e1s de $ 35 mil. As\u00ed, el salario de bolsillo de la categor\u00eda testigo equivale al 47% de la Canasta B\u00e1sica Total que mide el umbral de la pobreza para una familia integrada por dos mayores y dos menores, que en noviembre llegaba a los $ 73.918. Para encontrar una categor\u00eda laboral del escalaf\u00f3n estatal que, en t\u00e9rminos netos, supere la CBT es necesario escalar 20 pelda\u00f1os hasta la C 10. De hecho, de 60 categor\u00edas que se componen de seis letras y diez grados, apenas 20 superaban en noviembre el valor de la CBT.<\/p>\n\n\n\n<p>Sin embargo, la misma Junta Interna del Indec elabora una canasta que supera la l\u00ednea de pobreza y que incluye el alquiler y actividades de ocio y esparcimiento, entre otros consumos. Para sufragar esos gastos, en octubre, una familia necesitaba $ 116.134. Para encontrar una categor\u00eda que consiga reunir de bolsillo ese monto hay que escalar 15 categor\u00edas m\u00e1s. Dicho de otra forma, solo las cinco categor\u00edas superiores de la grilla, sin tomar en cuenta adicionales por t\u00edtulos, superan lo que, aseguran, necesita una familia para tener condiciones de vida dignas.<\/p>\n\n\n\n<p>A pesar de que el Presupuesto 2022 fue rechazado por el Congreso, el proyecto sirve al menos para explorar cu\u00e1l es la pol\u00edtica salarial del gobierno nacional el a\u00f1o pr\u00f3ximo. En el \u00edtem remuneraciones del Estado nacional, que incluye la masa salarial de todos los sectores incluyendo las fuerzas armadas y de seguridad, la pauta establece un incremento del 41,6% que se ubica por encima del pron\u00f3stico de inflaci\u00f3n del 33% que pauta el Presupuesto, pero muy por detr\u00e1s de las previsiones de las consultoras privadas que releva el BCRA, que pronosticaron en noviembre una suba del 52,1% para 2022.<\/p>\n\n\n\n<p>Hugo \u00abCachorro\u00bb Godoy, secretario general de ATE, se\u00f1al\u00f3 a Tiempo que, efectivamente, \u00abdesde 2015 se aceler\u00f3 la p\u00e9rdida del poder adquisitivo. En 2021 estamos palo a palo con la inflaci\u00f3n y hay un compromiso del gobierno de superarla. En un 70% de los organismos, incluyendo al SINEP, se ha superado y estamos esperando un bono que, aunque sea una suma fija, ayude a estar superando la inflaci\u00f3n en la mayor\u00eda del universo de los trabajadores estatales\u00bb.<\/p>\n\n\n\n<p>Sobre 2022, Godoy se\u00f1al\u00f3: \u00abNo descartamos una recuperaci\u00f3n del salario. En definitiva, los condicionantes del FMI tambi\u00e9n estuvieron este a\u00f1o, aunque es cierto que fue un a\u00f1o electoral. Si hay voluntad pol\u00edtica del gobierno de cumplir con el compromiso, es viable. Nosotros vamos a trabajar en esa direcci\u00f3n\u00bb.<\/p>\n\n\n\n<p>Desde la Junta Interna del Indec, el delegado general adjunto, Ra\u00fal Llaneza, se mostr\u00f3 menos optimista: \u00abNo creo que este gobierno, m\u00e1s all\u00e1 de los compromisos de regularizar el empleo precario en el Estado y jerarquizar a las plantas permanentes, tenga posibilidades reales de recuperar el salario. No hay vocaci\u00f3n porque priorizan el acuerdo con el FMI. Dentro de las contradicciones internas del gobierno, todos acuerdan que hay que tener una resoluci\u00f3n inmediata con el FMI, obviamente, a espaldas del pueblo trabajador\u00bb.<\/p>\n\n\n\n<p>Godoy advierte: \u00abNo queremos retroceder m\u00e1s, queremos recuperar. Para eso al FMI y a Macri hay que juzgarlos en los tribunales y despu\u00e9s sentarse a discutir. En este escenario toda negociaci\u00f3n va a ser perjudicial\u00bb<\/p>\n\n\n\n<p><sub>(fuente: tiempoar.com.ar)<\/sub><\/p>\n","protected":false},"excerpt":{"rendered":"<p>A pesar del hermetismo con el que se desarrollan las negociaciones entre los funcionarios del gobierno y los del FMI, es posible inferir que el organismo pondr\u00e1 especial atenci\u00f3n en la reducci\u00f3n del d\u00e9ficit fiscal. All\u00ed importan los ingresos en materia tributaria que pudiera obtener el Estado y que, en principio, apuesta a incrementar a [&hellip;]<\/p>\n","protected":false},"author":7,"featured_media":29392,"comment_status":"open","ping_status":"open","sticky":false,"template":"","format":"standard","meta":{"_exactmetrics_skip_tracking":false,"_exactmetrics_sitenote_active":false,"_exactmetrics_sitenote_note":"","_exactmetrics_sitenote_category":0,"jnews-multi-image_gallery":[],"jnews_single_post":{"subtitle":"El acuerdo con el FMI complica la recuperaci\u00f3n de los haberes a pesar de los compromisos. Este a\u00f1o empatar\u00edan con la suba de precios pero arrastran una ca\u00edda demasiado grande.","format":"standard","video":"","gallery":"","source_name":"","source_url":"","via_name":"","via_url":"","override":[{"template":"1","single_blog_custom":"","parallax":"1","fullscreen":"1","layout":"right-sidebar","sidebar":"default-sidebar","second_sidebar":"default-sidebar","sticky_sidebar":"1","share_position":"top","share_float_style":"share-monocrhome","show_share_counter":"1","show_view_counter":"1","show_featured":"1","show_post_meta":"1","show_post_author":"1","show_post_author_image":"1","show_post_date":"1","post_date_format":"default","post_date_format_custom":"Y\/m\/d","show_post_category":"1","post_reading_time_wpm":"300","zoom_button_out_step":"2","zoom_button_in_step":"3","show_post_tag":"1","show_prev_next_post":"1","show_popup_post":"1","number_popup_post":"1"}],"image_override":[{"single_post_thumbnail_size":"crop-500","single_post_gallery_size":"crop-500"}],"trending_post_position":"meta","trending_post_label":"Trending","sponsored_post_label":"Sponsored by","sponsored_post_name":"","sponsored_post_url":"","sponsored_post_logo":"","sponsored_post_desc":""},"jnews_primary_category":{"id":""},"jnews_social_meta":[],"jnews_review":[],"enable_review":"","type":"","name":"","summary":"","brand":"","sku":"","good":[],"bad":[],"score_override":"","override_value":"","rating":[],"price":[],"jnews_override_counter":[],"jnews_post_split":[],"footnotes":""},"categories":[18],"tags":[340],"class_list":["post-29391","post","type-post","status-publish","format-standard","has-post-thumbnail","hentry","category-nacionales","tag-salario"],"jetpack_featured_media_url":"https:\/\/atecordoba.org\/wp-content\/uploads\/2021\/12\/indec.jpg","_links":{"self":[{"href":"https:\/\/atecordoba.org\/index.php?rest_route=\/wp\/v2\/posts\/29391","targetHints":{"allow":["GET"]}}],"collection":[{"href":"https:\/\/atecordoba.org\/index.php?rest_route=\/wp\/v2\/posts"}],"about":[{"href":"https:\/\/atecordoba.org\/index.php?rest_route=\/wp\/v2\/types\/post"}],"author":[{"embeddable":true,"href":"https:\/\/atecordoba.org\/index.php?rest_route=\/wp\/v2\/users\/7"}],"replies":[{"embeddable":true,"href":"https:\/\/atecordoba.org\/index.php?rest_route=%2Fwp%2Fv2%2Fcomments&post=29391"}],"version-history":[{"count":1,"href":"https:\/\/atecordoba.org\/index.php?rest_route=\/wp\/v2\/posts\/29391\/revisions"}],"predecessor-version":[{"id":29393,"href":"https:\/\/atecordoba.org\/index.php?rest_route=\/wp\/v2\/posts\/29391\/revisions\/29393"}],"wp:featuredmedia":[{"embeddable":true,"href":"https:\/\/atecordoba.org\/index.php?rest_route=\/wp\/v2\/media\/29392"}],"wp:attachment":[{"href":"https:\/\/atecordoba.org\/index.php?rest_route=%2Fwp%2Fv2%2Fmedia&parent=29391"}],"wp:term":[{"taxonomy":"category","embeddable":true,"href":"https:\/\/atecordoba.org\/index.php?rest_route=%2Fwp%2Fv2%2Fcategories&post=29391"},{"taxonomy":"post_tag","embeddable":true,"href":"https:\/\/atecordoba.org\/index.php?rest_route=%2Fwp%2Fv2%2Ftags&post=29391"}],"curies":[{"name":"wp","href":"https:\/\/api.w.org\/{rel}","templated":true}]}}