{"id":29383,"date":"2021-12-17T16:00:13","date_gmt":"2021-12-17T19:00:13","guid":{"rendered":"https:\/\/atecordoba.org\/?p=29383"},"modified":"2021-12-20T12:34:26","modified_gmt":"2021-12-20T15:34:26","slug":"pikara-periodismo-feminista-en-el-sur-provincial","status":"publish","type":"post","link":"https:\/\/atecordoba.org\/?p=29383","title":{"rendered":"Picara: periodismo feminista en el sur provincial"},"content":{"rendered":"\n<p><\/p>\n\n\n\n<div class=\"wp-block-image\"><figure class=\"alignright size-large is-resized\"><img loading=\"lazy\" decoding=\"async\" src=\"https:\/\/atecordoba.org\/wp-content\/uploads\/2021\/12\/processed-79b8d078-11a0-4ea0-995d-23da8723682d_MWe5P5JF-652x1024.jpeg\" alt=\"\" class=\"wp-image-29388\" width=\"489\" height=\"768\" srcset=\"https:\/\/atecordoba.org\/wp-content\/uploads\/2021\/12\/processed-79b8d078-11a0-4ea0-995d-23da8723682d_MWe5P5JF-652x1024.jpeg 652w, https:\/\/atecordoba.org\/wp-content\/uploads\/2021\/12\/processed-79b8d078-11a0-4ea0-995d-23da8723682d_MWe5P5JF-191x300.jpeg 191w, https:\/\/atecordoba.org\/wp-content\/uploads\/2021\/12\/processed-79b8d078-11a0-4ea0-995d-23da8723682d_MWe5P5JF-768x1207.jpeg 768w, https:\/\/atecordoba.org\/wp-content\/uploads\/2021\/12\/processed-79b8d078-11a0-4ea0-995d-23da8723682d_MWe5P5JF-978x1536.jpeg 978w, https:\/\/atecordoba.org\/wp-content\/uploads\/2021\/12\/processed-79b8d078-11a0-4ea0-995d-23da8723682d_MWe5P5JF-750x1178.jpeg 750w, https:\/\/atecordoba.org\/wp-content\/uploads\/2021\/12\/processed-79b8d078-11a0-4ea0-995d-23da8723682d_MWe5P5JF.jpeg 1080w\" sizes=\"auto, (max-width: 489px) 100vw, 489px\" \/><\/figure><\/div>\n\n\n\n<p>La agenda de g\u00e9nero est\u00e1 siempre presente en el programa radial Entre Todos y Todas, que la Secretar\u00eda de Prensa de ATE C\u00f3rdoba emite cada martes por GEN FM 107.5, abordando diversos perfiles de una agenda con demanda permanente. <\/p>\n\n\n\n<p>Por eso, en esta oportunidad la emisi\u00f3n <a href=\"https:\/\/ar.radiocut.fm\/audiocut\/entrevista-a-mariela-mattana-revista-picara\/\">entrevist\u00f3 a Mariela Mattan<\/a>a, integrante del colectivo que edita el portal de internet Picara, un medio digital feminista oriundo de R\u00edo Cuarto, para conocer y difundir la experiencia de generar medios de comunicaci\u00f3n con demandas propias de las compa\u00f1eras que forman parte del colectivo editorial, pero que adem\u00e1s recogen  la agenda cotidiana que se desarrolla en la calle, para hacerse eco de las demandas por igualdad de g\u00e9neros y derechos para todas y todos. <\/p>\n\n\n\n<p>En tal sentido, Mattana cont\u00f3 que <a href=\"https:\/\/picara.ar\/\">Picara <\/a>&#8220;tiene un a\u00f1o de vida y nace para generar espacio de trabajo para j\u00f3venes feministas. Nos cuesta encontrar trabajo con la l\u00ednea editorial que proponemos y, adem\u00e1s, en condiciones dignas. Los medios tradicionales son espacios donde se viven demasiadas violencias, donde las y los j\u00f3venes no entramos o lo hacemos de forma recontra precarizada&#8221;.<\/p>\n\n\n\n<p>&#8220;Ahora tenemos un espacio propio donde ponemos nuestras reglas en la medida de lo posible&#8221;, sentenci\u00f3 la periodista feminista.<\/p>\n\n\n\n<p>Y conden\u00f3 a los medios tradicionales porque &#8220;ejercen violencia medi\u00e1tica y simb\u00f3lica pero tambi\u00e9n material. Las compa\u00f1eras que est\u00e1n ah\u00ed la pelean todos los d\u00edas, no se pueden tomar licencia por maternidad, cobran menos que sus compa\u00f1eros varones&#8221;.<\/p>\n\n\n\n<p>La experiencia de P\u00edcara se sostiene &#8220;con la suscripci\u00f3n de socies. Hay debates necesarios sobre como funcionan los medios de comunicaci\u00f3n, como es la pauta oficial. El com\u00fan de la gente necesita saber como se distribuye la pauta oficial, a d\u00f3nde va la plata, teniendo en cuenta que los medios tradicionales reciben millonadas de pauta y los m\u00e1s chicos, nada. Sabiendo eso podemos reclamar que las y los periodistas se capaciten en la Ley Micaela, que los directivos hagan lo mismo&#8221;.<\/p>\n\n\n\n<p>Por otro lado, la suscripci\u00f3n a Picara les permite a les socies participar desde adentro en la construcci\u00f3n de la agenda. &#8220;En los medios feministas la agenda no es algo que unos o unas pocas plantean sino que viene de las calles. Nuestras socias son las que ponen los temas en agenda porque son ellas las que est\u00e1n todos lo d\u00edas en sus respectivos \u00e1mbitos, dando la pelea en el trabajo o en su casas&#8221;. <\/p>\n\n\n\n<p>&#8220;As\u00ed que un m\u00e9todo de suscripci\u00f3n nos da la posibilidad de democratizar los medios de comunicaci\u00f3n, generando medios de forma m\u00e1s amable y m\u00e1s emp\u00e1tica&#8221;, concluy\u00f3.<\/p>\n\n\n\n<p><\/p>\n","protected":false},"excerpt":{"rendered":"<p>La agenda de g\u00e9nero est\u00e1 siempre presente en el programa radial Entre Todos y Todas, que la Secretar\u00eda de Prensa de ATE C\u00f3rdoba emite cada martes por GEN FM 107.5, abordando diversos perfiles de una agenda con demanda permanente. Por eso, en esta oportunidad la emisi\u00f3n entrevist\u00f3 a Mariela Mattana, integrante del colectivo que edita [&hellip;]<\/p>\n","protected":false},"author":7,"featured_media":29388,"comment_status":"open","ping_status":"open","sticky":false,"template":"","format":"standard","meta":{"_exactmetrics_skip_tracking":false,"_exactmetrics_sitenote_active":false,"_exactmetrics_sitenote_note":"","_exactmetrics_sitenote_category":0,"jnews-multi-image_gallery":[],"jnews_single_post":{"subtitle":"Un colectivo de periodistas de R\u00edo Cuarto promueve la publicaci\u00f3n. ","format":"standard","video":"","gallery":"","source_name":"","source_url":"","via_name":"","via_url":"","override":[{"template":"1","single_blog_custom":"","parallax":"1","fullscreen":"1","layout":"right-sidebar","sidebar":"default-sidebar","second_sidebar":"default-sidebar","sticky_sidebar":"1","share_position":"top","share_float_style":"share-monocrhome","show_share_counter":"1","show_view_counter":"1","show_featured":"1","show_post_meta":"1","show_post_author":"1","show_post_author_image":"1","show_post_date":"1","post_date_format":"default","post_date_format_custom":"Y\/m\/d","show_post_category":"1","post_reading_time_wpm":"300","zoom_button_out_step":"2","zoom_button_in_step":"3","show_post_tag":"1","show_prev_next_post":"1","show_popup_post":"1","number_popup_post":"1"}],"image_override":[{"single_post_thumbnail_size":"crop-500","single_post_gallery_size":"crop-500"}],"trending_post_position":"meta","trending_post_label":"Trending","sponsored_post_label":"Sponsored by","sponsored_post_name":"","sponsored_post_url":"","sponsored_post_logo":"","sponsored_post_desc":""},"jnews_primary_category":{"id":""},"jnews_social_meta":[],"jnews_review":[],"enable_review":"","type":"","name":"","summary":"","brand":"","sku":"","good":[],"bad":[],"score_override":"","override_value":"","rating":[],"price":[],"jnews_override_counter":[],"jnews_post_split":[],"footnotes":""},"categories":[346],"tags":[987],"class_list":["post-29383","post","type-post","status-publish","format-standard","has-post-thumbnail","hentry","category-prensa-y-comunicacion","tag-revista-pikara"],"jetpack_featured_media_url":"https:\/\/atecordoba.org\/wp-content\/uploads\/2021\/12\/processed-79b8d078-11a0-4ea0-995d-23da8723682d_MWe5P5JF.jpeg","_links":{"self":[{"href":"https:\/\/atecordoba.org\/index.php?rest_route=\/wp\/v2\/posts\/29383","targetHints":{"allow":["GET"]}}],"collection":[{"href":"https:\/\/atecordoba.org\/index.php?rest_route=\/wp\/v2\/posts"}],"about":[{"href":"https:\/\/atecordoba.org\/index.php?rest_route=\/wp\/v2\/types\/post"}],"author":[{"embeddable":true,"href":"https:\/\/atecordoba.org\/index.php?rest_route=\/wp\/v2\/users\/7"}],"replies":[{"embeddable":true,"href":"https:\/\/atecordoba.org\/index.php?rest_route=%2Fwp%2Fv2%2Fcomments&post=29383"}],"version-history":[{"count":3,"href":"https:\/\/atecordoba.org\/index.php?rest_route=\/wp\/v2\/posts\/29383\/revisions"}],"predecessor-version":[{"id":29411,"href":"https:\/\/atecordoba.org\/index.php?rest_route=\/wp\/v2\/posts\/29383\/revisions\/29411"}],"wp:featuredmedia":[{"embeddable":true,"href":"https:\/\/atecordoba.org\/index.php?rest_route=\/wp\/v2\/media\/29388"}],"wp:attachment":[{"href":"https:\/\/atecordoba.org\/index.php?rest_route=%2Fwp%2Fv2%2Fmedia&parent=29383"}],"wp:term":[{"taxonomy":"category","embeddable":true,"href":"https:\/\/atecordoba.org\/index.php?rest_route=%2Fwp%2Fv2%2Fcategories&post=29383"},{"taxonomy":"post_tag","embeddable":true,"href":"https:\/\/atecordoba.org\/index.php?rest_route=%2Fwp%2Fv2%2Ftags&post=29383"}],"curies":[{"name":"wp","href":"https:\/\/api.w.org\/{rel}","templated":true}]}}