{"id":29368,"date":"2021-12-17T13:36:40","date_gmt":"2021-12-17T16:36:40","guid":{"rendered":"https:\/\/atecordoba.org\/?p=29368"},"modified":"2021-12-17T13:37:30","modified_gmt":"2021-12-17T16:37:30","slug":"la-megamineria-contaminante-no-tiene-licencia-social-solidaridad-con-el-pueblo-chubutense","status":"publish","type":"post","link":"https:\/\/atecordoba.org\/?p=29368","title":{"rendered":"La megaminer\u00eda contaminante no tiene licencia social: solidaridad con el pueblo chubutense"},"content":{"rendered":"\n<div class=\"wp-block-image\"><figure class=\"aligncenter size-large is-resized\"><img loading=\"lazy\" decoding=\"async\" src=\"https:\/\/atecordoba.org\/wp-content\/uploads\/2021\/12\/17-12-Megamineria-Chubut-2-1024x576.jpg\" alt=\"\" class=\"wp-image-29370\" width=\"768\" height=\"432\" srcset=\"https:\/\/atecordoba.org\/wp-content\/uploads\/2021\/12\/17-12-Megamineria-Chubut-2-1024x576.jpg 1024w, https:\/\/atecordoba.org\/wp-content\/uploads\/2021\/12\/17-12-Megamineria-Chubut-2-300x169.jpg 300w, https:\/\/atecordoba.org\/wp-content\/uploads\/2021\/12\/17-12-Megamineria-Chubut-2-768x432.jpg 768w, https:\/\/atecordoba.org\/wp-content\/uploads\/2021\/12\/17-12-Megamineria-Chubut-2-1536x864.jpg 1536w, https:\/\/atecordoba.org\/wp-content\/uploads\/2021\/12\/17-12-Megamineria-Chubut-2-750x422.jpg 750w, https:\/\/atecordoba.org\/wp-content\/uploads\/2021\/12\/17-12-Megamineria-Chubut-2-1140x641.jpg 1140w, https:\/\/atecordoba.org\/wp-content\/uploads\/2021\/12\/17-12-Megamineria-Chubut-2.jpg 1920w\" sizes=\"auto, (max-width: 768px) 100vw, 768px\" \/><\/figure><\/div>\n\n\n\n<p>El consejo Directivo Provincial de ATE C\u00f3rdoba repudia la brutal represi\u00f3n que el gobierno de Chubut aplic\u00f3 ayer sobre las masivas movilizaciones, que el pueblo de esa provincia llev\u00f3 adelante en rechazo a la ley que habilita la megaminer\u00eda en la regi\u00f3n.<\/p>\n\n\n\n<p>En tal sentido, ATE expresa la m\u00e1s absoluta solidaridad con las y los compa\u00f1eros reprimidos, golpeados y detenidos, y exige la inmediata liberaci\u00f3n de los manifestantes demorados.<\/p>\n\n\n\n<div class=\"wp-block-image\"><figure class=\"alignright size-large is-resized\"><img loading=\"lazy\" decoding=\"async\" src=\"https:\/\/atecordoba.org\/wp-content\/uploads\/2021\/12\/17-12-Megamineria-Chubut5-1.jpg\" alt=\"\" class=\"wp-image-29371\" width=\"360\" height=\"203\" srcset=\"https:\/\/atecordoba.org\/wp-content\/uploads\/2021\/12\/17-12-Megamineria-Chubut5-1.jpg 720w, https:\/\/atecordoba.org\/wp-content\/uploads\/2021\/12\/17-12-Megamineria-Chubut5-1-300x169.jpg 300w\" sizes=\"auto, (max-width: 360px) 100vw, 360px\" \/><\/figure><\/div>\n\n\n\n<p>El pueblo se manifest\u00f3 frente a la traici\u00f3n de la clase dirigente, que con la aprobaci\u00f3n de la ley de zonificaci\u00f3n traiciona su contrato electoral: cabe recordar que el gobernador Arcioni gan\u00f3 las elecciones prometiendo que nunca permitir\u00eda un proyecto como el aprobado en la Legislatura a propuesta del propio Ejecutivo que encabeza Arcioni.<\/p>\n\n\n\n<p>Ahora, el gobierno que tiene sumida a la provincia en la m\u00e1s grave crisis financiera que recuerde la historia chubutense, habilita a las multinacionales mineras a devastar con sus proyectos de socav\u00f3n el ambiente y las fuentes de agua en la provincia, sin contar con la indispensable licencia social para avanzar en cualquier iniciativa de este tenor.<\/p>\n\n\n\n<p>Desde el recordado refer\u00e9ndum en Esquel, en 2003, el pueblo chubutense ha sabido construir dos d\u00e9cadas de rechazo a la megaminer\u00eda contaminante, consciente de que ning\u00fan proyecto productivo puede ser aprobado si no es ambientalmente sustentable. Por eso ATE refrenda su solidaridad y exige la liberaci\u00f3n de todas y todos los detenidos.<\/p>\n\n\n\n<p class=\"has-text-align-center\">Federico Giuliani<\/p>\n\n\n\n<p class=\"has-text-align-center\">Secretario General<\/p>\n","protected":false},"excerpt":{"rendered":"<p>El consejo Directivo Provincial de ATE C\u00f3rdoba repudia la brutal represi\u00f3n que el gobierno de Chubut aplic\u00f3 ayer sobre las masivas movilizaciones, que el pueblo de esa provincia llev\u00f3 adelante en rechazo a la ley que habilita la megaminer\u00eda en la regi\u00f3n. En tal sentido, ATE expresa la m\u00e1s absoluta solidaridad con las y los [&hellip;]<\/p>\n","protected":false},"author":7,"featured_media":29372,"comment_status":"open","ping_status":"open","sticky":false,"template":"","format":"standard","meta":{"_exactmetrics_skip_tracking":false,"_exactmetrics_sitenote_active":false,"_exactmetrics_sitenote_note":"","_exactmetrics_sitenote_category":0,"jnews-multi-image_gallery":[],"jnews_single_post":{"subtitle":"ATE reclama la inmediata liberaci\u00f3n de todas y todos los detenidos en la brutal represi\u00f3n. ","format":"standard","video":"","gallery":"","source_name":"","source_url":"","via_name":"","via_url":"","override":[{"template":"1","single_blog_custom":"","parallax":"1","fullscreen":"1","layout":"right-sidebar","sidebar":"default-sidebar","second_sidebar":"default-sidebar","sticky_sidebar":"1","share_position":"top","share_float_style":"share-monocrhome","show_share_counter":"1","show_view_counter":"1","show_featured":"1","show_post_meta":"1","show_post_author":"1","show_post_author_image":"1","show_post_date":"1","post_date_format":"default","post_date_format_custom":"Y\/m\/d","show_post_category":"1","post_reading_time_wpm":"300","zoom_button_out_step":"2","zoom_button_in_step":"3","show_post_tag":"1","show_prev_next_post":"1","show_popup_post":"1","number_popup_post":"1"}],"image_override":[{"single_post_thumbnail_size":"crop-500","single_post_gallery_size":"crop-500"}],"trending_post_position":"meta","trending_post_label":"Trending","sponsored_post_label":"Sponsored by","sponsored_post_name":"","sponsored_post_url":"","sponsored_post_logo":"","sponsored_post_desc":""},"jnews_primary_category":{"id":""},"jnews_social_meta":[],"jnews_review":[],"enable_review":"","type":"","name":"","summary":"","brand":"","sku":"","good":[],"bad":[],"score_override":"","override_value":"","rating":[],"price":[],"jnews_override_counter":[],"jnews_post_split":[],"footnotes":""},"categories":[10],"tags":[985,986,331],"class_list":["post-29368","post","type-post","status-publish","format-standard","has-post-thumbnail","hentry","category-accion-politica","tag-chubut","tag-megamineria-2","tag-solidaridad"],"jetpack_featured_media_url":"https:\/\/atecordoba.org\/wp-content\/uploads\/2021\/12\/17-12-Megamineria-Chubut3.jpg","_links":{"self":[{"href":"https:\/\/atecordoba.org\/index.php?rest_route=\/wp\/v2\/posts\/29368","targetHints":{"allow":["GET"]}}],"collection":[{"href":"https:\/\/atecordoba.org\/index.php?rest_route=\/wp\/v2\/posts"}],"about":[{"href":"https:\/\/atecordoba.org\/index.php?rest_route=\/wp\/v2\/types\/post"}],"author":[{"embeddable":true,"href":"https:\/\/atecordoba.org\/index.php?rest_route=\/wp\/v2\/users\/7"}],"replies":[{"embeddable":true,"href":"https:\/\/atecordoba.org\/index.php?rest_route=%2Fwp%2Fv2%2Fcomments&post=29368"}],"version-history":[{"count":1,"href":"https:\/\/atecordoba.org\/index.php?rest_route=\/wp\/v2\/posts\/29368\/revisions"}],"predecessor-version":[{"id":29373,"href":"https:\/\/atecordoba.org\/index.php?rest_route=\/wp\/v2\/posts\/29368\/revisions\/29373"}],"wp:featuredmedia":[{"embeddable":true,"href":"https:\/\/atecordoba.org\/index.php?rest_route=\/wp\/v2\/media\/29372"}],"wp:attachment":[{"href":"https:\/\/atecordoba.org\/index.php?rest_route=%2Fwp%2Fv2%2Fmedia&parent=29368"}],"wp:term":[{"taxonomy":"category","embeddable":true,"href":"https:\/\/atecordoba.org\/index.php?rest_route=%2Fwp%2Fv2%2Fcategories&post=29368"},{"taxonomy":"post_tag","embeddable":true,"href":"https:\/\/atecordoba.org\/index.php?rest_route=%2Fwp%2Fv2%2Ftags&post=29368"}],"curies":[{"name":"wp","href":"https:\/\/api.w.org\/{rel}","templated":true}]}}