{"id":29354,"date":"2021-12-17T12:03:07","date_gmt":"2021-12-17T15:03:07","guid":{"rendered":"https:\/\/atecordoba.org\/?p=29354"},"modified":"2021-12-17T12:03:27","modified_gmt":"2021-12-17T15:03:27","slug":"ate-rio-cuarto-mantuvo-reuniones-con-funcionarios-municipales-de-las-areas-de-ddhh-y-discapacidad","status":"publish","type":"post","link":"https:\/\/atecordoba.org\/?p=29354","title":{"rendered":"ATE R\u00edo Cuarto mantuvo reuniones con funcionarios municipales de las \u00e1reas de DDHH y Discapacidad"},"content":{"rendered":"\n<div class=\"wp-block-image\"><figure class=\"alignleft size-large is-resized\"><img loading=\"lazy\" decoding=\"async\" src=\"https:\/\/atecordoba.org\/wp-content\/uploads\/2021\/12\/17_12_DDHHRioCuarto.jpg\" alt=\"\" class=\"wp-image-29355\" width=\"353\" height=\"251\" srcset=\"https:\/\/atecordoba.org\/wp-content\/uploads\/2021\/12\/17_12_DDHHRioCuarto.jpg 596w, https:\/\/atecordoba.org\/wp-content\/uploads\/2021\/12\/17_12_DDHHRioCuarto-300x213.jpg 300w, https:\/\/atecordoba.org\/wp-content\/uploads\/2021\/12\/17_12_DDHHRioCuarto-120x86.jpg 120w, https:\/\/atecordoba.org\/wp-content\/uploads\/2021\/12\/17_12_DDHHRioCuarto-350x250.jpg 350w\" sizes=\"auto, (max-width: 353px) 100vw, 353px\" \/><\/figure><\/div>\n\n\n\n<p>El pasado 7 de diciembre, el Departamento de Derechos Humanos \u201cIrma Laciar de Carrica\u201d de ATE R\u00edo Cuarto mantuvo un reuni\u00f3n con Daniela Miranda, titular de la Subsecretar\u00eda de Derechos Humanos de la Municipalidad de R\u00edo Cuarto y Maximiliano Luna, Coordinador del espacio.<\/p>\n\n\n\n<p>Walter \u00c1valos, Director del Departamento; Rafaela Alcoba. Secretaria General de la Seccional de ATE R\u00edo Cuarto y Secretaria Gremial de la CTA Aut\u00f3noma y N\u00e9stor Form\u00eda, Secretario de Acci\u00f3n Social del gremio, presentaron algunos de los temas que como trabajadores y trabajadoras se discuten en el espacio.<\/p>\n\n\n\n<p>Uno de los objetivos del espacio es institucionalizar y llevar los planteos como trabajadores y trabajadoras a otras organizaciones. Fue en ese marco, que se estableci\u00f3 la audiencia.<\/p>\n\n\n\n<p>Otro tema planteado por Alcoba fue la vulneraci\u00f3n de derechos en la Secretar\u00eda de Ni\u00f1ez, Adolescencia y Familia (SENAF), situaci\u00f3n que ATE viene denunciando en diferentes \u00e1mbitos.<\/p>\n\n\n\n<p>Finalmente, se acord\u00f3 comenzar a articular y a vincular los espacios para pr\u00f3ximas actividades en conjunto.<\/p>\n\n\n\n<p><strong>Reuni\u00f3n con el Director del \u00c1rea de Discapacidad Municipal<\/strong><\/p>\n\n\n\n<div class=\"wp-block-image\"><figure class=\"alignleft size-large is-resized\"><img loading=\"lazy\" decoding=\"async\" src=\"https:\/\/atecordoba.org\/wp-content\/uploads\/2021\/12\/17_12_DiscapacidadRioCuarto-1024x461.jpg\" alt=\"\" class=\"wp-image-29356\" width=\"455\" height=\"204\" srcset=\"https:\/\/atecordoba.org\/wp-content\/uploads\/2021\/12\/17_12_DiscapacidadRioCuarto-1024x461.jpg 1024w, https:\/\/atecordoba.org\/wp-content\/uploads\/2021\/12\/17_12_DiscapacidadRioCuarto-300x135.jpg 300w, https:\/\/atecordoba.org\/wp-content\/uploads\/2021\/12\/17_12_DiscapacidadRioCuarto-768x346.jpg 768w, https:\/\/atecordoba.org\/wp-content\/uploads\/2021\/12\/17_12_DiscapacidadRioCuarto-750x337.jpg 750w, https:\/\/atecordoba.org\/wp-content\/uploads\/2021\/12\/17_12_DiscapacidadRioCuarto-1140x513.jpg 1140w, https:\/\/atecordoba.org\/wp-content\/uploads\/2021\/12\/17_12_DiscapacidadRioCuarto.jpg 1536w\" sizes=\"auto, (max-width: 455px) 100vw, 455px\" \/><\/figure><\/div>\n\n\n\n<p>El lunes 13 se realiz\u00f3 una reuni\u00f3n en la sede de ATE R\u00edo Cuarto con Germ\u00e1n Blanc, Director del \u00c1rea de Discapacidad de la Municipalidad de Rio Cuarto -quien concurri\u00f3 acompa\u00f1ado por su esposa, Ana Carrera-. Por el sindicato participaron Rafaela Alcoba, Secretaria General de ATE R\u00edo Cuarto; Franco Orsato, Director del Departamento de Discapacidad de ATE C\u00f3rdoba, titular del \u00c1rea de Discapacidad de la Seccional R\u00edo Cuarto y Secretario de Organizaci\u00f3n de ATE R\u00edo Cuarto; y N\u00e9stor Form\u00eda.<\/p>\n\n\n\n<p>En el encuentro se plante\u00f3 el trabajo en conjunto para la realizaci\u00f3n de actividades en el mes de febrero del a\u00f1o pr\u00f3ximo donde se trabajar\u00e1 como \u00c1rea transversal de Derechos Humanos, Discapacidad y Diversidades Sexuales, planteado sobre todo como un eje inclusivo y trabajando las intersecciones entre discapacidad y mujer. <\/p>\n\n\n\n<p>Adem\u00e1s de esta actividad concreta se replante\u00f3 la participaci\u00f3n dentro del Consejo\u00a0Asesor de Discapacidad de la Municipalidad y una serie de problem\u00e1ticas que se tratar\u00e1n en las pr\u00f3ximas reuniones del Consejo a partir del cumplimiento del Cupo de Discapacidad en diversas \u00e1reas del Estado Nacional que est\u00e1n radicadas en la ciudad de R\u00edo Cuarto. Se habl\u00f3 espec\u00edficamente de la Universidad Nacional de R\u00edo Cuarto que es uno de los entes aut\u00e1rquicos que posee la Naci\u00f3n en la ciudad y que tiene la mayor cantidad de empleados a nivel docente y no docente pero que incumple el Cupo de Discapacidad hace varios a\u00f1os a pesar de las reuniones realizadas. La propuesta es trabajarlo de manera conjunta con el Consejo Asesor. \u201cCreemos que es urgente que se empiece a tratar ese tema y que se empiece a producir la apertura de las vacantes para las Personas Con Discapacidad para que puedan acceder al cumplimiento del Cupo Laboral\u201d, coment\u00f3 Orsato.<\/p>\n\n\n\n<p>Adem\u00e1s, se abord\u00f3 la necesidad de que la Secretar\u00eda de Discapacidad Municipal pueda tener a su cargo un presupuesto en funci\u00f3n en cantidad de \u00e1reas de las cuales se encarga, incluyendo el Taller Protegido. En funci\u00f3n de la cantidad de personal a cargo, la cantidad de tareas y su ejecuci\u00f3n que dependen de esa \u00e1rea, es importante poner en valor para el desarrollo de las pol\u00edticas de inclusi\u00f3n de Discapacidad, que la Secretar\u00eda maneje un presupuesto acorde a las dimensiones y a la cantidad de personas que trabajan y dependen de la misma.<\/p>\n\n\n\n<p><strong>Fuentes: www.riocuarto.ate.org.ar y www.ctaacordoba.org<\/strong><a rel=\"noreferrer noopener\" href=\"http:\/\/ctaacordoba.org\/#facebook\" target=\"_blank\"><\/a><\/p>\n","protected":false},"excerpt":{"rendered":"<p>El pasado 7 de diciembre, el Departamento de Derechos Humanos \u201cIrma Laciar de Carrica\u201d de ATE R\u00edo Cuarto mantuvo un reuni\u00f3n con Daniela Miranda, titular de la Subsecretar\u00eda de Derechos Humanos de la Municipalidad de R\u00edo Cuarto y Maximiliano Luna, Coordinador del espacio. Walter \u00c1valos, Director del Departamento; Rafaela Alcoba. Secretaria General de la Seccional [&hellip;]<\/p>\n","protected":false},"author":6,"featured_media":29356,"comment_status":"open","ping_status":"open","sticky":false,"template":"","format":"standard","meta":{"_exactmetrics_skip_tracking":false,"_exactmetrics_sitenote_active":false,"_exactmetrics_sitenote_note":"","_exactmetrics_sitenote_category":0,"jnews-multi-image_gallery":[],"jnews_single_post":{"subtitle":"Esta semana que pas\u00f3, esa Seccional del sur cordob\u00e9s realiz\u00f3 sendas reuniones en pos de avanzar con pol\u00edticas de inclusi\u00f3n y por reclamos laborales de las y los trabajadores del municipio de la capital departamental.","format":"standard","video":"","gallery":"","source_name":"","source_url":"","via_name":"","via_url":"","override":[{"template":"1","single_blog_custom":"","parallax":"1","fullscreen":"1","layout":"right-sidebar","sidebar":"default-sidebar","second_sidebar":"default-sidebar","sticky_sidebar":"1","share_position":"top","share_float_style":"share-monocrhome","show_share_counter":"1","show_view_counter":"1","show_featured":"1","show_post_meta":"1","show_post_author":"1","show_post_author_image":"1","show_post_date":"1","post_date_format":"default","post_date_format_custom":"Y\/m\/d","show_post_category":"1","post_reading_time_wpm":"300","zoom_button_out_step":"2","zoom_button_in_step":"3","show_post_tag":"1","show_prev_next_post":"1","show_popup_post":"1","number_popup_post":"1"}],"image_override":[{"single_post_thumbnail_size":"crop-500","single_post_gallery_size":"crop-500"}],"trending_post_position":"meta","trending_post_label":"Trending","sponsored_post_label":"Sponsored by","sponsored_post_name":"","sponsored_post_url":"","sponsored_post_logo":"","sponsored_post_desc":""},"jnews_primary_category":{"id":""},"jnews_social_meta":[],"jnews_review":[],"enable_review":"","type":"","name":"","summary":"","brand":"","sku":"","good":[],"bad":[],"score_override":"","override_value":"","rating":[],"price":[],"jnews_override_counter":[],"jnews_post_split":[],"footnotes":""},"categories":[122,625,20,12],"tags":[],"class_list":["post-29354","post","type-post","status-publish","format-standard","has-post-thumbnail","hentry","category-ddhh","category-discapacidad","category-municipales","category-rio-cuarto"],"jetpack_featured_media_url":"https:\/\/atecordoba.org\/wp-content\/uploads\/2021\/12\/17_12_DiscapacidadRioCuarto.jpg","_links":{"self":[{"href":"https:\/\/atecordoba.org\/index.php?rest_route=\/wp\/v2\/posts\/29354","targetHints":{"allow":["GET"]}}],"collection":[{"href":"https:\/\/atecordoba.org\/index.php?rest_route=\/wp\/v2\/posts"}],"about":[{"href":"https:\/\/atecordoba.org\/index.php?rest_route=\/wp\/v2\/types\/post"}],"author":[{"embeddable":true,"href":"https:\/\/atecordoba.org\/index.php?rest_route=\/wp\/v2\/users\/6"}],"replies":[{"embeddable":true,"href":"https:\/\/atecordoba.org\/index.php?rest_route=%2Fwp%2Fv2%2Fcomments&post=29354"}],"version-history":[{"count":2,"href":"https:\/\/atecordoba.org\/index.php?rest_route=\/wp\/v2\/posts\/29354\/revisions"}],"predecessor-version":[{"id":29358,"href":"https:\/\/atecordoba.org\/index.php?rest_route=\/wp\/v2\/posts\/29354\/revisions\/29358"}],"wp:featuredmedia":[{"embeddable":true,"href":"https:\/\/atecordoba.org\/index.php?rest_route=\/wp\/v2\/media\/29356"}],"wp:attachment":[{"href":"https:\/\/atecordoba.org\/index.php?rest_route=%2Fwp%2Fv2%2Fmedia&parent=29354"}],"wp:term":[{"taxonomy":"category","embeddable":true,"href":"https:\/\/atecordoba.org\/index.php?rest_route=%2Fwp%2Fv2%2Fcategories&post=29354"},{"taxonomy":"post_tag","embeddable":true,"href":"https:\/\/atecordoba.org\/index.php?rest_route=%2Fwp%2Fv2%2Ftags&post=29354"}],"curies":[{"name":"wp","href":"https:\/\/api.w.org\/{rel}","templated":true}]}}