{"id":29308,"date":"2021-12-16T13:31:02","date_gmt":"2021-12-16T16:31:02","guid":{"rendered":"https:\/\/atecordoba.org\/?p=29308"},"modified":"2021-12-16T13:32:55","modified_gmt":"2021-12-16T16:32:55","slug":"se-realizo-la-asamblea-provincial-anual-del-movimiento-campesino-indigena-de-santiago-del-estero-mocase","status":"publish","type":"post","link":"https:\/\/atecordoba.org\/?p=29308","title":{"rendered":"Se realiz\u00f3 la Asamblea Provincial Anual del Movimiento Campesino Ind\u00edgena de Santiago del Estero (MOCASE)"},"content":{"rendered":"\n<div class=\"wp-block-image\"><figure class=\"aligncenter size-large is-resized\"><img loading=\"lazy\" decoding=\"async\" src=\"https:\/\/atecordoba.org\/wp-content\/uploads\/2021\/12\/mocase_diego-1024x766.jpg\" alt=\"\" class=\"wp-image-29309\" width=\"768\" height=\"575\" srcset=\"https:\/\/atecordoba.org\/wp-content\/uploads\/2021\/12\/mocase_diego-1024x766.jpg 1024w, https:\/\/atecordoba.org\/wp-content\/uploads\/2021\/12\/mocase_diego-300x224.jpg 300w, https:\/\/atecordoba.org\/wp-content\/uploads\/2021\/12\/mocase_diego-768x575.jpg 768w, https:\/\/atecordoba.org\/wp-content\/uploads\/2021\/12\/mocase_diego-1536x1149.jpg 1536w, https:\/\/atecordoba.org\/wp-content\/uploads\/2021\/12\/mocase_diego-750x561.jpg 750w, https:\/\/atecordoba.org\/wp-content\/uploads\/2021\/12\/mocase_diego-1140x853.jpg 1140w, https:\/\/atecordoba.org\/wp-content\/uploads\/2021\/12\/mocase_diego.jpg 2048w\" sizes=\"auto, (max-width: 768px) 100vw, 768px\" \/><\/figure><\/div>\n\n\n\n<p>El Movimiento Campesino Ind\u00edgena de Santiago del Estero (MOCASE) realiz\u00f3 su Asamblea General Provincial el pasado fin de semana en las instalaciones del la Universidad Nacional de Santiago del Estero, en la capital de la provincia.<\/p>\n\n\n\n<p>Para abordar los detalles de la importante actividad desarrollada el programa radial Entre Todos y Todas, que la Secretaria de Prensa de ATE C\u00f3rdoba realiza cada martes en la GEN FM 107.5, mantuvo una comunicaci\u00f3n con Juan Chazarreta, vocero de la organizaci\u00f3n social.<\/p>\n\n\n\n<div class=\"wp-block-image\"><figure class=\"alignright size-large is-resized\"><img loading=\"lazy\" decoding=\"async\" src=\"https:\/\/atecordoba.org\/wp-content\/uploads\/2021\/12\/mocase_escenario-1024x768.jpg\" alt=\"\" class=\"wp-image-29310\" width=\"512\" height=\"384\" srcset=\"https:\/\/atecordoba.org\/wp-content\/uploads\/2021\/12\/mocase_escenario-1024x768.jpg 1024w, https:\/\/atecordoba.org\/wp-content\/uploads\/2021\/12\/mocase_escenario-300x225.jpg 300w, https:\/\/atecordoba.org\/wp-content\/uploads\/2021\/12\/mocase_escenario-768x576.jpg 768w, https:\/\/atecordoba.org\/wp-content\/uploads\/2021\/12\/mocase_escenario-1536x1152.jpg 1536w, https:\/\/atecordoba.org\/wp-content\/uploads\/2021\/12\/mocase_escenario-750x563.jpg 750w, https:\/\/atecordoba.org\/wp-content\/uploads\/2021\/12\/mocase_escenario-1140x855.jpg 1140w, https:\/\/atecordoba.org\/wp-content\/uploads\/2021\/12\/mocase_escenario.jpg 1600w\" sizes=\"auto, (max-width: 512px) 100vw, 512px\" \/><\/figure><\/div>\n\n\n\n<p>Chazarreta describi\u00f3 que en la ocasi\u00f3n &#8220;participaron de m\u00e1s de 3 mil compa\u00f1eras y compa\u00f1eros, delegados y delegadas del Mocase. Se trat\u00f3 de una asamblea hist\u00f3rica para lo que significa la lucha para Argentina y Am\u00e9rica Latina de la lucha por la tierra. El encuentro se coron\u00f3 el lunes 13 de diciembre con una multitudinaria movilizaci\u00f3n, que expresa la potencia organizativa del Mocase. Marchamos por el Puente Carretero, hicimos presencia en el Estadio \u00danico, junto a la imagen de Diego Maradona&#8221;. <\/p>\n\n\n\n<p>&#8220;Estuvieron cuatro pueblos ind\u00edgenas que est\u00e1n organizados en el Mocase, lo que habla de la diversidad e inmensidad de este movimiento. Participaron funcionarios nacionales y provinciales, la fiscal general de la provincia, un diputado nacional, en la apertura del acto. Posteriormente, los delegados abordaron el estado de situaci\u00f3n de todas las \u00e1reas de funcionamiento del Mocase: informaci\u00f3n y educaci\u00f3n, producci\u00f3n, salud, comunicaci\u00f3n y territorio, entre otros&#8221;.<\/p>\n\n\n\n<p><strong>Organizaci\u00f3n<\/strong><\/p>\n\n\n\n<p>&#8220;Ac\u00e1 las comunidades se organizan para defender la tierra y sus derechos -prosigui\u00f3 Chazarreta-, enfrent\u00e1ndonos a grandes empresarios y terratenientes que quieren sacarnos de nuestras tierras. Ellos quieren que nuestro destino est\u00e9 en las ciudades, pero nos resistimos para quedarnos en nuestro lugar, en nuestra tierra, porque sabemos que las comunidades campesinas somos los \u00fanicos que garantizamos alimentos sanos para solucionar el hambre, en Argentina, en Latinoam\u00e9rica y en el mundo&#8221;.<\/p>\n\n\n\n<p>&#8220;Ese es el modelo que defendemos frente a los poderosos extranjeros y locales que proponen un modelo de monocultivo, con campo sin campesinos, con envenenamiento, con exportaciones en negro y de contrabando. Muchos de ellos se dedican a la trata, el narcotr\u00e1fico: son delincuentes organizados. Mientras, los grupos medi\u00e1ticos como Clar\u00edn tratan a las organizaciones campesinas como los delincuentes. Son ellos, los representantes de la Sociedad Rural, de la CRA los que usurpan, los que roban, nacieron a partir del genocidio de las comunidades campesinas ind\u00edgenas&#8221;, acus\u00f3 Chazarreta.<\/p>\n\n\n\n<div class=\"wp-block-image\"><figure class=\"aligncenter size-large is-resized\"><img loading=\"lazy\" decoding=\"async\" src=\"https:\/\/atecordoba.org\/wp-content\/uploads\/2021\/12\/mocase_cels-1024x768.jpg\" alt=\"\" class=\"wp-image-29311\" width=\"768\" height=\"576\" srcset=\"https:\/\/atecordoba.org\/wp-content\/uploads\/2021\/12\/mocase_cels-1024x768.jpg 1024w, https:\/\/atecordoba.org\/wp-content\/uploads\/2021\/12\/mocase_cels-300x225.jpg 300w, https:\/\/atecordoba.org\/wp-content\/uploads\/2021\/12\/mocase_cels-768x576.jpg 768w, https:\/\/atecordoba.org\/wp-content\/uploads\/2021\/12\/mocase_cels-1536x1152.jpg 1536w, https:\/\/atecordoba.org\/wp-content\/uploads\/2021\/12\/mocase_cels-750x563.jpg 750w, https:\/\/atecordoba.org\/wp-content\/uploads\/2021\/12\/mocase_cels-1140x855.jpg 1140w, https:\/\/atecordoba.org\/wp-content\/uploads\/2021\/12\/mocase_cels.jpg 1600w\" sizes=\"auto, (max-width: 768px) 100vw, 768px\" \/><\/figure><\/div>\n\n\n\n<p>Y concluy\u00f3: &#8220;pero las vasta y larga historia de lucha del pueblo argentino organizado est\u00e1 en nuestro origen y no vamos a ceder un pedacito de tierra. podemos decir de los conflictos desarrollamos que no perdimos ninguno en el Mocase, lo decimos con mucha alegr\u00eda y orgullo&#8221;.<\/p>\n","protected":false},"excerpt":{"rendered":"<p>El Movimiento Campesino Ind\u00edgena de Santiago del Estero (MOCASE) realiz\u00f3 su Asamblea General Provincial el pasado fin de semana en las instalaciones del la Universidad Nacional de Santiago del Estero, en la capital de la provincia. Para abordar los detalles de la importante actividad desarrollada el programa radial Entre Todos y Todas, que la Secretaria [&hellip;]<\/p>\n","protected":false},"author":7,"featured_media":29309,"comment_status":"open","ping_status":"open","sticky":false,"template":"","format":"standard","meta":{"_exactmetrics_skip_tracking":false,"_exactmetrics_sitenote_active":false,"_exactmetrics_sitenote_note":"","_exactmetrics_sitenote_category":0,"jnews-multi-image_gallery":[],"jnews_single_post":{"subtitle":"Tres mil delegados y delegadas reafirmaron el compromiso de la organizaci\u00f3n en defensa de la tierra y del modelo productivo sustentable, agroecol\u00f3gico y en rechazo del monocultivo y las fumigaciones indiscriminadas. ","format":"standard","video":"","gallery":"","source_name":"","source_url":"","via_name":"","via_url":"","override":[{"template":"1","single_blog_custom":"","parallax":"1","fullscreen":"1","layout":"right-sidebar","sidebar":"default-sidebar","second_sidebar":"default-sidebar","sticky_sidebar":"1","share_position":"top","share_float_style":"share-monocrhome","show_share_counter":"1","show_view_counter":"1","show_featured":"1","show_post_meta":"1","show_post_author":"1","show_post_author_image":"1","show_post_date":"1","post_date_format":"default","post_date_format_custom":"Y\/m\/d","show_post_category":"1","post_reading_time_wpm":"300","zoom_button_out_step":"2","zoom_button_in_step":"3","show_post_tag":"1","show_prev_next_post":"1","show_popup_post":"1","number_popup_post":"1"}],"image_override":[{"single_post_thumbnail_size":"crop-500","single_post_gallery_size":"crop-500"}],"trending_post_position":"meta","trending_post_label":"Trending","sponsored_post_label":"Sponsored by","sponsored_post_name":"","sponsored_post_url":"","sponsored_post_logo":"","sponsored_post_desc":""},"jnews_primary_category":{"id":""},"jnews_social_meta":[],"jnews_review":[],"enable_review":"","type":"","name":"","summary":"","brand":"","sku":"","good":[],"bad":[],"score_override":"","override_value":"","rating":[],"price":[],"jnews_override_counter":[],"jnews_post_split":[],"footnotes":""},"categories":[10],"tags":[],"class_list":["post-29308","post","type-post","status-publish","format-standard","has-post-thumbnail","hentry","category-accion-politica"],"jetpack_featured_media_url":"https:\/\/atecordoba.org\/wp-content\/uploads\/2021\/12\/mocase_diego.jpg","_links":{"self":[{"href":"https:\/\/atecordoba.org\/index.php?rest_route=\/wp\/v2\/posts\/29308","targetHints":{"allow":["GET"]}}],"collection":[{"href":"https:\/\/atecordoba.org\/index.php?rest_route=\/wp\/v2\/posts"}],"about":[{"href":"https:\/\/atecordoba.org\/index.php?rest_route=\/wp\/v2\/types\/post"}],"author":[{"embeddable":true,"href":"https:\/\/atecordoba.org\/index.php?rest_route=\/wp\/v2\/users\/7"}],"replies":[{"embeddable":true,"href":"https:\/\/atecordoba.org\/index.php?rest_route=%2Fwp%2Fv2%2Fcomments&post=29308"}],"version-history":[{"count":1,"href":"https:\/\/atecordoba.org\/index.php?rest_route=\/wp\/v2\/posts\/29308\/revisions"}],"predecessor-version":[{"id":29312,"href":"https:\/\/atecordoba.org\/index.php?rest_route=\/wp\/v2\/posts\/29308\/revisions\/29312"}],"wp:featuredmedia":[{"embeddable":true,"href":"https:\/\/atecordoba.org\/index.php?rest_route=\/wp\/v2\/media\/29309"}],"wp:attachment":[{"href":"https:\/\/atecordoba.org\/index.php?rest_route=%2Fwp%2Fv2%2Fmedia&parent=29308"}],"wp:term":[{"taxonomy":"category","embeddable":true,"href":"https:\/\/atecordoba.org\/index.php?rest_route=%2Fwp%2Fv2%2Fcategories&post=29308"},{"taxonomy":"post_tag","embeddable":true,"href":"https:\/\/atecordoba.org\/index.php?rest_route=%2Fwp%2Fv2%2Ftags&post=29308"}],"curies":[{"name":"wp","href":"https:\/\/api.w.org\/{rel}","templated":true}]}}