{"id":29292,"date":"2021-12-16T10:49:36","date_gmt":"2021-12-16T13:49:36","guid":{"rendered":"https:\/\/atecordoba.org\/?p=29292"},"modified":"2021-12-16T10:54:55","modified_gmt":"2021-12-16T13:54:55","slug":"avances-en-la-constitucion-de-la-seccional-san-justo","status":"publish","type":"post","link":"https:\/\/atecordoba.org\/?p=29292","title":{"rendered":"Avances en la constituci\u00f3n de la seccional San Justo"},"content":{"rendered":"\n<div class=\"wp-block-image\"><figure class=\"aligncenter size-large is-resized\"><img loading=\"lazy\" decoding=\"async\" src=\"https:\/\/atecordoba.org\/wp-content\/uploads\/2021\/12\/IMG-20211216-WA0053-1024x461.jpg\" alt=\"\" class=\"wp-image-29293\" width=\"768\" height=\"346\" \/><\/figure><\/div>\n\n\n\n<p>El secretario General de ATE C\u00f3rdoba, Federico Giuliani, particip\u00f3 ayer de una reuni\u00f3n en San Francisco con los candidatos a conducir la seccional ATE San Justo,  cuya lista est\u00e1 encabezada por el compa\u00f1ero Dar\u00edo Paredes, actualmente delegado normalizador y trabajador de la Municipalidad de San Francisco. Paredes estuvo secundado por la candidata a secretaria Adjunta, Florencia Lucero<\/p>\n\n\n\n<p>La comitiva del Consejo Directivo Provincial estuvo integrada tambi\u00e9n pro el secretario de Formaci\u00f3n, C\u00e9sar Theaux, y su par de Finanzas, Ricardo Reyna. <\/p>\n\n\n\n<p>&#8220;Avanzamos en una charla sobre los conceptos en base a los cuales estos nuevos dirigentes van a construir la seccional&#8221;, explic\u00f3 Theaux. Cabe se\u00f1alar que las elecciones normalizadoras se llevar\u00e1n a cabo el pr\u00f3ximo 23 de febrero de 2022. <\/p>\n\n\n\n<p>Seguidamente, el propio Theaux brind\u00f3 una taller de formaci\u00f3n a trabajadores y trabajadoras estatales provinciales y municipales.<\/p>\n\n\n\n<p>En la oportunidad, se realiz\u00f3 tambi\u00e9n el lanzamiento de la Mesa Regional de la FeNaT en San Francisco. &#8220;La CTA Aut\u00f3noma provincia de C\u00f3rdoba se fortalece desde las barriadas populares&#8221;, dijo Giuliani.<\/p>\n\n\n\n<p>Por su parte, Dar\u00edo Paredes a\u00f1adi\u00f3 que en la FENAT participaron &#8220;referentes de distintos barrios de la ciudad y de la localidad de Frontera, que son los avances territoriales que vamos construyendo en la actualidad&#8221;<\/p>\n\n\n\n<p>Finalmente, los dirigentes hicieron entrega de las cajas navide\u00f1as para las y los afiliados de la seccional.<\/p>\n\n\n\n<figure class=\"wp-block-gallery columns-3 is-cropped wp-block-gallery-1 is-layout-flex wp-block-gallery-is-layout-flex\"><ul class=\"blocks-gallery-grid\"><li class=\"blocks-gallery-item\"><figure><img loading=\"lazy\" decoding=\"async\" width=\"1024\" height=\"462\" src=\"https:\/\/atecordoba.org\/wp-content\/uploads\/2021\/12\/IMG-20211216-WA0056-1024x462.jpg\" alt=\"\" data-id=\"29294\" data-full-url=\"https:\/\/atecordoba.org\/wp-content\/uploads\/2021\/12\/IMG-20211216-WA0056.jpg\" data-link=\"https:\/\/atecordoba.org\/?attachment_id=29294\" class=\"wp-image-29294\" srcset=\"https:\/\/atecordoba.org\/wp-content\/uploads\/2021\/12\/IMG-20211216-WA0056-1024x462.jpg 1024w, https:\/\/atecordoba.org\/wp-content\/uploads\/2021\/12\/IMG-20211216-WA0056-300x135.jpg 300w, https:\/\/atecordoba.org\/wp-content\/uploads\/2021\/12\/IMG-20211216-WA0056-768x346.jpg 768w, https:\/\/atecordoba.org\/wp-content\/uploads\/2021\/12\/IMG-20211216-WA0056-750x338.jpg 750w, https:\/\/atecordoba.org\/wp-content\/uploads\/2021\/12\/IMG-20211216-WA0056-1140x514.jpg 1140w, https:\/\/atecordoba.org\/wp-content\/uploads\/2021\/12\/IMG-20211216-WA0056.jpg 1280w\" sizes=\"auto, (max-width: 1024px) 100vw, 1024px\" \/><\/figure><\/li><li class=\"blocks-gallery-item\"><figure><img loading=\"lazy\" decoding=\"async\" width=\"1024\" height=\"461\" src=\"https:\/\/atecordoba.org\/wp-content\/uploads\/2021\/12\/IMG-20211216-WA0057-1024x461.jpg\" alt=\"\" data-id=\"29295\" data-full-url=\"https:\/\/atecordoba.org\/wp-content\/uploads\/2021\/12\/IMG-20211216-WA0057.jpg\" data-link=\"https:\/\/atecordoba.org\/?attachment_id=29295\" class=\"wp-image-29295\" srcset=\"https:\/\/atecordoba.org\/wp-content\/uploads\/2021\/12\/IMG-20211216-WA0057-1024x461.jpg 1024w, https:\/\/atecordoba.org\/wp-content\/uploads\/2021\/12\/IMG-20211216-WA0057-300x135.jpg 300w, https:\/\/atecordoba.org\/wp-content\/uploads\/2021\/12\/IMG-20211216-WA0057-768x346.jpg 768w, https:\/\/atecordoba.org\/wp-content\/uploads\/2021\/12\/IMG-20211216-WA0057-750x338.jpg 750w, https:\/\/atecordoba.org\/wp-content\/uploads\/2021\/12\/IMG-20211216-WA0057-1140x513.jpg 1140w, https:\/\/atecordoba.org\/wp-content\/uploads\/2021\/12\/IMG-20211216-WA0057.jpg 1280w\" sizes=\"auto, (max-width: 1024px) 100vw, 1024px\" \/><\/figure><\/li><li class=\"blocks-gallery-item\"><figure><img loading=\"lazy\" decoding=\"async\" width=\"1024\" height=\"461\" src=\"https:\/\/atecordoba.org\/wp-content\/uploads\/2021\/12\/IMG-20211216-WA0058-1024x461.jpg\" alt=\"\" data-id=\"29296\" data-full-url=\"https:\/\/atecordoba.org\/wp-content\/uploads\/2021\/12\/IMG-20211216-WA0058.jpg\" data-link=\"https:\/\/atecordoba.org\/?attachment_id=29296\" class=\"wp-image-29296\" srcset=\"https:\/\/atecordoba.org\/wp-content\/uploads\/2021\/12\/IMG-20211216-WA0058-1024x461.jpg 1024w, https:\/\/atecordoba.org\/wp-content\/uploads\/2021\/12\/IMG-20211216-WA0058-300x135.jpg 300w, https:\/\/atecordoba.org\/wp-content\/uploads\/2021\/12\/IMG-20211216-WA0058-768x346.jpg 768w, https:\/\/atecordoba.org\/wp-content\/uploads\/2021\/12\/IMG-20211216-WA0058-750x338.jpg 750w, https:\/\/atecordoba.org\/wp-content\/uploads\/2021\/12\/IMG-20211216-WA0058-1140x513.jpg 1140w, https:\/\/atecordoba.org\/wp-content\/uploads\/2021\/12\/IMG-20211216-WA0058.jpg 1280w\" sizes=\"auto, (max-width: 1024px) 100vw, 1024px\" \/><\/figure><\/li><li class=\"blocks-gallery-item\"><figure><img loading=\"lazy\" decoding=\"async\" width=\"1024\" height=\"768\" src=\"https:\/\/atecordoba.org\/wp-content\/uploads\/2021\/12\/IMG-20211216-WA0037-1024x768.jpg\" alt=\"\" data-id=\"29297\" data-full-url=\"https:\/\/atecordoba.org\/wp-content\/uploads\/2021\/12\/IMG-20211216-WA0037.jpg\" data-link=\"https:\/\/atecordoba.org\/?attachment_id=29297\" class=\"wp-image-29297\" srcset=\"https:\/\/atecordoba.org\/wp-content\/uploads\/2021\/12\/IMG-20211216-WA0037-1024x768.jpg 1024w, https:\/\/atecordoba.org\/wp-content\/uploads\/2021\/12\/IMG-20211216-WA0037-300x225.jpg 300w, https:\/\/atecordoba.org\/wp-content\/uploads\/2021\/12\/IMG-20211216-WA0037-768x576.jpg 768w, https:\/\/atecordoba.org\/wp-content\/uploads\/2021\/12\/IMG-20211216-WA0037-1536x1152.jpg 1536w, https:\/\/atecordoba.org\/wp-content\/uploads\/2021\/12\/IMG-20211216-WA0037-750x563.jpg 750w, https:\/\/atecordoba.org\/wp-content\/uploads\/2021\/12\/IMG-20211216-WA0037-1140x855.jpg 1140w, https:\/\/atecordoba.org\/wp-content\/uploads\/2021\/12\/IMG-20211216-WA0037.jpg 1600w\" sizes=\"auto, (max-width: 1024px) 100vw, 1024px\" \/><\/figure><\/li><li class=\"blocks-gallery-item\"><figure><img loading=\"lazy\" decoding=\"async\" width=\"1024\" height=\"768\" src=\"https:\/\/atecordoba.org\/wp-content\/uploads\/2021\/12\/IMG-20211216-WA0038-1024x768.jpg\" alt=\"\" data-id=\"29298\" data-full-url=\"https:\/\/atecordoba.org\/wp-content\/uploads\/2021\/12\/IMG-20211216-WA0038.jpg\" data-link=\"https:\/\/atecordoba.org\/?attachment_id=29298\" class=\"wp-image-29298\" srcset=\"https:\/\/atecordoba.org\/wp-content\/uploads\/2021\/12\/IMG-20211216-WA0038-1024x768.jpg 1024w, https:\/\/atecordoba.org\/wp-content\/uploads\/2021\/12\/IMG-20211216-WA0038-300x225.jpg 300w, https:\/\/atecordoba.org\/wp-content\/uploads\/2021\/12\/IMG-20211216-WA0038-768x576.jpg 768w, https:\/\/atecordoba.org\/wp-content\/uploads\/2021\/12\/IMG-20211216-WA0038-1536x1152.jpg 1536w, https:\/\/atecordoba.org\/wp-content\/uploads\/2021\/12\/IMG-20211216-WA0038-750x563.jpg 750w, https:\/\/atecordoba.org\/wp-content\/uploads\/2021\/12\/IMG-20211216-WA0038-1140x855.jpg 1140w, https:\/\/atecordoba.org\/wp-content\/uploads\/2021\/12\/IMG-20211216-WA0038.jpg 1600w\" sizes=\"auto, (max-width: 1024px) 100vw, 1024px\" \/><\/figure><\/li><li class=\"blocks-gallery-item\"><figure><img loading=\"lazy\" decoding=\"async\" width=\"1024\" height=\"768\" src=\"https:\/\/atecordoba.org\/wp-content\/uploads\/2021\/12\/IMG-20211216-WA0041-1024x768.jpg\" alt=\"\" data-id=\"29299\" data-full-url=\"https:\/\/atecordoba.org\/wp-content\/uploads\/2021\/12\/IMG-20211216-WA0041.jpg\" data-link=\"https:\/\/atecordoba.org\/?attachment_id=29299\" class=\"wp-image-29299\" srcset=\"https:\/\/atecordoba.org\/wp-content\/uploads\/2021\/12\/IMG-20211216-WA0041-1024x768.jpg 1024w, https:\/\/atecordoba.org\/wp-content\/uploads\/2021\/12\/IMG-20211216-WA0041-300x225.jpg 300w, https:\/\/atecordoba.org\/wp-content\/uploads\/2021\/12\/IMG-20211216-WA0041-768x576.jpg 768w, https:\/\/atecordoba.org\/wp-content\/uploads\/2021\/12\/IMG-20211216-WA0041-1536x1152.jpg 1536w, https:\/\/atecordoba.org\/wp-content\/uploads\/2021\/12\/IMG-20211216-WA0041-750x563.jpg 750w, https:\/\/atecordoba.org\/wp-content\/uploads\/2021\/12\/IMG-20211216-WA0041-1140x855.jpg 1140w, https:\/\/atecordoba.org\/wp-content\/uploads\/2021\/12\/IMG-20211216-WA0041.jpg 1600w\" sizes=\"auto, (max-width: 1024px) 100vw, 1024px\" \/><\/figure><\/li><li class=\"blocks-gallery-item\"><figure><img loading=\"lazy\" decoding=\"async\" width=\"1024\" height=\"461\" src=\"https:\/\/atecordoba.org\/wp-content\/uploads\/2021\/12\/IMG-20211216-WA0050-1024x461.jpg\" alt=\"\" data-id=\"29300\" data-full-url=\"https:\/\/atecordoba.org\/wp-content\/uploads\/2021\/12\/IMG-20211216-WA0050.jpg\" data-link=\"https:\/\/atecordoba.org\/?attachment_id=29300\" class=\"wp-image-29300\" srcset=\"https:\/\/atecordoba.org\/wp-content\/uploads\/2021\/12\/IMG-20211216-WA0050-1024x461.jpg 1024w, https:\/\/atecordoba.org\/wp-content\/uploads\/2021\/12\/IMG-20211216-WA0050-300x135.jpg 300w, https:\/\/atecordoba.org\/wp-content\/uploads\/2021\/12\/IMG-20211216-WA0050-768x346.jpg 768w, https:\/\/atecordoba.org\/wp-content\/uploads\/2021\/12\/IMG-20211216-WA0050-750x338.jpg 750w, https:\/\/atecordoba.org\/wp-content\/uploads\/2021\/12\/IMG-20211216-WA0050-1140x513.jpg 1140w, https:\/\/atecordoba.org\/wp-content\/uploads\/2021\/12\/IMG-20211216-WA0050.jpg 1280w\" sizes=\"auto, (max-width: 1024px) 100vw, 1024px\" \/><\/figure><\/li><li class=\"blocks-gallery-item\"><figure><img loading=\"lazy\" decoding=\"async\" width=\"1024\" height=\"768\" src=\"https:\/\/atecordoba.org\/wp-content\/uploads\/2021\/12\/IMG-20211216-WA0051-1024x768.jpg\" alt=\"\" data-id=\"29301\" data-full-url=\"https:\/\/atecordoba.org\/wp-content\/uploads\/2021\/12\/IMG-20211216-WA0051.jpg\" data-link=\"https:\/\/atecordoba.org\/?attachment_id=29301\" class=\"wp-image-29301\" srcset=\"https:\/\/atecordoba.org\/wp-content\/uploads\/2021\/12\/IMG-20211216-WA0051-1024x768.jpg 1024w, https:\/\/atecordoba.org\/wp-content\/uploads\/2021\/12\/IMG-20211216-WA0051-300x225.jpg 300w, https:\/\/atecordoba.org\/wp-content\/uploads\/2021\/12\/IMG-20211216-WA0051-768x576.jpg 768w, https:\/\/atecordoba.org\/wp-content\/uploads\/2021\/12\/IMG-20211216-WA0051-1536x1152.jpg 1536w, https:\/\/atecordoba.org\/wp-content\/uploads\/2021\/12\/IMG-20211216-WA0051-750x563.jpg 750w, https:\/\/atecordoba.org\/wp-content\/uploads\/2021\/12\/IMG-20211216-WA0051-1140x855.jpg 1140w, https:\/\/atecordoba.org\/wp-content\/uploads\/2021\/12\/IMG-20211216-WA0051.jpg 1600w\" sizes=\"auto, (max-width: 1024px) 100vw, 1024px\" \/><\/figure><\/li><li class=\"blocks-gallery-item\"><figure><img loading=\"lazy\" decoding=\"async\" width=\"1024\" height=\"462\" src=\"https:\/\/atecordoba.org\/wp-content\/uploads\/2021\/12\/IMG-20211216-WA0052-1024x462.jpg\" alt=\"\" data-id=\"29302\" data-full-url=\"https:\/\/atecordoba.org\/wp-content\/uploads\/2021\/12\/IMG-20211216-WA0052.jpg\" data-link=\"https:\/\/atecordoba.org\/?attachment_id=29302\" class=\"wp-image-29302\" srcset=\"https:\/\/atecordoba.org\/wp-content\/uploads\/2021\/12\/IMG-20211216-WA0052-1024x462.jpg 1024w, https:\/\/atecordoba.org\/wp-content\/uploads\/2021\/12\/IMG-20211216-WA0052-300x135.jpg 300w, https:\/\/atecordoba.org\/wp-content\/uploads\/2021\/12\/IMG-20211216-WA0052-768x346.jpg 768w, https:\/\/atecordoba.org\/wp-content\/uploads\/2021\/12\/IMG-20211216-WA0052-750x338.jpg 750w, https:\/\/atecordoba.org\/wp-content\/uploads\/2021\/12\/IMG-20211216-WA0052-1140x514.jpg 1140w, https:\/\/atecordoba.org\/wp-content\/uploads\/2021\/12\/IMG-20211216-WA0052.jpg 1280w\" sizes=\"auto, (max-width: 1024px) 100vw, 1024px\" \/><\/figure><\/li><li class=\"blocks-gallery-item\"><figure><img loading=\"lazy\" decoding=\"async\" width=\"1024\" height=\"461\" src=\"https:\/\/atecordoba.org\/wp-content\/uploads\/2021\/12\/IMG-20211216-WA0054-1024x461.jpg\" alt=\"\" data-id=\"29303\" data-full-url=\"https:\/\/atecordoba.org\/wp-content\/uploads\/2021\/12\/IMG-20211216-WA0054.jpg\" data-link=\"https:\/\/atecordoba.org\/?attachment_id=29303\" class=\"wp-image-29303\" srcset=\"https:\/\/atecordoba.org\/wp-content\/uploads\/2021\/12\/IMG-20211216-WA0054-1024x461.jpg 1024w, https:\/\/atecordoba.org\/wp-content\/uploads\/2021\/12\/IMG-20211216-WA0054-300x135.jpg 300w, https:\/\/atecordoba.org\/wp-content\/uploads\/2021\/12\/IMG-20211216-WA0054-768x346.jpg 768w, https:\/\/atecordoba.org\/wp-content\/uploads\/2021\/12\/IMG-20211216-WA0054-750x338.jpg 750w, https:\/\/atecordoba.org\/wp-content\/uploads\/2021\/12\/IMG-20211216-WA0054-1140x513.jpg 1140w, https:\/\/atecordoba.org\/wp-content\/uploads\/2021\/12\/IMG-20211216-WA0054.jpg 1280w\" sizes=\"auto, (max-width: 1024px) 100vw, 1024px\" \/><\/figure><\/li><li class=\"blocks-gallery-item\"><figure><img loading=\"lazy\" decoding=\"async\" width=\"1024\" height=\"462\" src=\"https:\/\/atecordoba.org\/wp-content\/uploads\/2021\/12\/IMG-20211216-WA0055-1024x462.jpg\" alt=\"\" data-id=\"29304\" data-full-url=\"https:\/\/atecordoba.org\/wp-content\/uploads\/2021\/12\/IMG-20211216-WA0055.jpg\" data-link=\"https:\/\/atecordoba.org\/?attachment_id=29304\" class=\"wp-image-29304\" srcset=\"https:\/\/atecordoba.org\/wp-content\/uploads\/2021\/12\/IMG-20211216-WA0055-1024x462.jpg 1024w, https:\/\/atecordoba.org\/wp-content\/uploads\/2021\/12\/IMG-20211216-WA0055-300x135.jpg 300w, https:\/\/atecordoba.org\/wp-content\/uploads\/2021\/12\/IMG-20211216-WA0055-768x346.jpg 768w, https:\/\/atecordoba.org\/wp-content\/uploads\/2021\/12\/IMG-20211216-WA0055-750x338.jpg 750w, https:\/\/atecordoba.org\/wp-content\/uploads\/2021\/12\/IMG-20211216-WA0055-1140x514.jpg 1140w, https:\/\/atecordoba.org\/wp-content\/uploads\/2021\/12\/IMG-20211216-WA0055.jpg 1280w\" sizes=\"auto, (max-width: 1024px) 100vw, 1024px\" \/><\/figure><\/li><\/ul><\/figure>\n\n\n\n<p><\/p>\n\n\n\n<p><\/p>\n\n\n\n<p><\/p>\n\n\n\n<p><\/p>\n","protected":false},"excerpt":{"rendered":"<p>El secretario General de ATE C\u00f3rdoba, Federico Giuliani, particip\u00f3 ayer de una reuni\u00f3n en San Francisco con los candidatos a conducir la seccional ATE San Justo, cuya lista est\u00e1 encabezada por el compa\u00f1ero Dar\u00edo Paredes, actualmente delegado normalizador y trabajador de la Municipalidad de San Francisco. Paredes estuvo secundado por la candidata a secretaria Adjunta, [&hellip;]<\/p>\n","protected":false},"author":7,"featured_media":29293,"comment_status":"open","ping_status":"open","sticky":false,"template":"","format":"standard","meta":{"_exactmetrics_skip_tracking":false,"_exactmetrics_sitenote_active":false,"_exactmetrics_sitenote_note":"","_exactmetrics_sitenote_category":0,"jnews-multi-image_gallery":[],"jnews_single_post":{"subtitle":"Federico Giuliani encabez\u00f3 una reuni\u00f3n con la lista que se presenta para conducir la seccional en las elecciones del pr\u00f3ximo 23 de febrero.","format":"standard","video":"","gallery":"","source_name":"","source_url":"","via_name":"","via_url":"","override":[{"template":"1","single_blog_custom":"","parallax":"1","fullscreen":"1","layout":"right-sidebar","sidebar":"default-sidebar","second_sidebar":"default-sidebar","sticky_sidebar":"1","share_position":"top","share_float_style":"share-monocrhome","show_share_counter":"1","show_view_counter":"1","show_featured":"1","show_post_meta":"1","show_post_author":"1","show_post_author_image":"1","show_post_date":"1","post_date_format":"default","post_date_format_custom":"Y\/m\/d","show_post_category":"1","post_reading_time_wpm":"300","zoom_button_out_step":"2","zoom_button_in_step":"3","show_post_tag":"1","show_prev_next_post":"1","show_popup_post":"1","number_popup_post":"1"}],"image_override":[{"single_post_thumbnail_size":"crop-500","single_post_gallery_size":"crop-500"}],"trending_post_position":"meta","trending_post_label":"Trending","sponsored_post_label":"Sponsored by","sponsored_post_name":"","sponsored_post_url":"","sponsored_post_logo":"","sponsored_post_desc":""},"jnews_primary_category":{"id":""},"jnews_social_meta":[],"jnews_review":[],"enable_review":"","type":"","name":"","summary":"","brand":"","sku":"","good":[],"bad":[],"score_override":"","override_value":"","rating":[],"price":[],"jnews_override_counter":[],"jnews_post_split":[],"footnotes":""},"categories":[148],"tags":[],"class_list":["post-29292","post","type-post","status-publish","format-standard","has-post-thumbnail","hentry","category-san-justo"],"jetpack_featured_media_url":"https:\/\/atecordoba.org\/wp-content\/uploads\/2021\/12\/IMG-20211216-WA0053-e1639662481461.jpg","_links":{"self":[{"href":"https:\/\/atecordoba.org\/index.php?rest_route=\/wp\/v2\/posts\/29292","targetHints":{"allow":["GET"]}}],"collection":[{"href":"https:\/\/atecordoba.org\/index.php?rest_route=\/wp\/v2\/posts"}],"about":[{"href":"https:\/\/atecordoba.org\/index.php?rest_route=\/wp\/v2\/types\/post"}],"author":[{"embeddable":true,"href":"https:\/\/atecordoba.org\/index.php?rest_route=\/wp\/v2\/users\/7"}],"replies":[{"embeddable":true,"href":"https:\/\/atecordoba.org\/index.php?rest_route=%2Fwp%2Fv2%2Fcomments&post=29292"}],"version-history":[{"count":2,"href":"https:\/\/atecordoba.org\/index.php?rest_route=\/wp\/v2\/posts\/29292\/revisions"}],"predecessor-version":[{"id":29307,"href":"https:\/\/atecordoba.org\/index.php?rest_route=\/wp\/v2\/posts\/29292\/revisions\/29307"}],"wp:featuredmedia":[{"embeddable":true,"href":"https:\/\/atecordoba.org\/index.php?rest_route=\/wp\/v2\/media\/29293"}],"wp:attachment":[{"href":"https:\/\/atecordoba.org\/index.php?rest_route=%2Fwp%2Fv2%2Fmedia&parent=29292"}],"wp:term":[{"taxonomy":"category","embeddable":true,"href":"https:\/\/atecordoba.org\/index.php?rest_route=%2Fwp%2Fv2%2Fcategories&post=29292"},{"taxonomy":"post_tag","embeddable":true,"href":"https:\/\/atecordoba.org\/index.php?rest_route=%2Fwp%2Fv2%2Ftags&post=29292"}],"curies":[{"name":"wp","href":"https:\/\/api.w.org\/{rel}","templated":true}]}}