{"id":29288,"date":"2021-12-15T15:51:27","date_gmt":"2021-12-15T18:51:27","guid":{"rendered":"https:\/\/atecordoba.org\/?p=29288"},"modified":"2021-12-15T15:52:24","modified_gmt":"2021-12-15T18:52:24","slug":"se-viene-el-7-encuentro-provincial-de-ddhh-en-jose-de-la-quintana","status":"publish","type":"post","link":"https:\/\/atecordoba.org\/?p=29288","title":{"rendered":"Se viene el 7\u00b0 Encuentro Provincial de DDHH en Jos\u00e9 de la Quintana"},"content":{"rendered":"\n<div class=\"wp-block-image\"><figure class=\"aligncenter size-large is-resized\"><img loading=\"lazy\" decoding=\"async\" src=\"https:\/\/atecordoba.org\/wp-content\/uploads\/2021\/12\/mesa-trabajo-DDHH-1024x391.jpg\" alt=\"\" class=\"wp-image-29290\" width=\"768\" height=\"293\" \/><\/figure><\/div>\n\n\n\n<p>El pr\u00f3ximo s\u00e1bado 18 de diciembre se realizar\u00e1 en los predios del Ex grupo de Artiller\u00eda 141, en Jos\u00e9 de la Quintana, ahora rebautizado &#8216;Refugio Libertad&#8217; pro las organizaciones sociales que desarrollan all\u00ed sus emprendimientos productivos, el 7\u00b0Encuentro Provincial de DDHH, organizado por la Mesa Provincial de DDHH de C\u00f3rdoba. <\/p>\n\n\n\n<p>Para conocer los alcances de la convocatoria el programa radial Entre Todos y Todas, que la Secretar\u00eda de Prensa de ATE C\u00f3rdoba emite cada martes por GEN FM 107.5, entrevist\u00f3 a Emiliano Salguero, integrante de la organizaci\u00f3n de dicho encuentro. <\/p>\n\n\n\n<p>Salguero cont\u00f3 que el lugar tiene un significado, como espacio para la realizaci\u00f3n de la actividad, dado que &#8220;fue utilizado para la detenci\u00f3n de los presos del Cordobazo, como parte de la represi\u00f3n previo a la dictadura del \u201976 y el golpe en C\u00f3rdoba del \u201974. Despu\u00e9s fue parte del andamiaje del terrorismo de Estado que estamos tratando de dilucidar. Existieron centros clandestinos de detenci\u00f3n como La Perla, L Rivera, y la D2 pero no fueron los \u00fanicos. Este predio result\u00f3 utilizado por el ej\u00e9rcito, al mando de Luciano Benjam\u00edn Men\u00e9ndez, para detener personas desaparecidas y sospechamos que asesinar tambi\u00e9n. Hay denuncias sobre posibles enterramientos clandestinos, y la comunidad que est\u00e1 trabajando ah\u00ed est\u00e1 recuperando la memoria hist\u00f3rica y han se\u00f1alizado el lugar&#8221;.<\/p>\n\n\n\n<p>El dirigente dijo que &#8220;es un nuevo sitio de memoria que necesita ser marcado y visibilizada su historia para que todos sepamos que pas\u00f3 ah\u00ed y seguir construyendo estos ejes de memoria, verdad y justicia, que para algunos ya est\u00e1, pero nosotros aqu\u00ed y en otros lugares, como el Buen Pastor de R\u00edo Cuarto donde estuvimos esta semana, demostramos que falta mucho a\u00fan por saber d\u00f3nde est\u00e1n y quienes eran los 30 mil&#8221;.<\/p>\n\n\n\n<p>All\u00ed est\u00e1 radicado un emprendimiento productivo &#8220;que habla de los DDHH no solo como enclave del pasado sino que habla de la memoria como algo que nos atraviesa. Las familias que est\u00e1n en el lugar, que forman parte de una organizaci\u00f3n, plantean ejes de trabajo relacionados con la soberan\u00eda alimentaria, la producci\u00f3n agroecol\u00f3gica y el acceso a la tierra, DDHH que tienen que ver con el cotidiano y que a su vez atraviesan nuestra historia, frente a las consecuencias del terrorismo de Estado como el neoliberalismo que vivimos hoy&#8221;.<\/p>\n\n\n\n<div class=\"wp-block-image\"><figure class=\"aligncenter size-large is-resized\"><img loading=\"lazy\" decoding=\"async\" src=\"https:\/\/atecordoba.org\/wp-content\/uploads\/2021\/12\/Salguero-1024x640.jpg\" alt=\"\" class=\"wp-image-29289\" width=\"768\" height=\"480\" srcset=\"https:\/\/atecordoba.org\/wp-content\/uploads\/2021\/12\/Salguero-1024x640.jpg 1024w, https:\/\/atecordoba.org\/wp-content\/uploads\/2021\/12\/Salguero-300x188.jpg 300w, https:\/\/atecordoba.org\/wp-content\/uploads\/2021\/12\/Salguero-768x480.jpg 768w, https:\/\/atecordoba.org\/wp-content\/uploads\/2021\/12\/Salguero-750x469.jpg 750w, https:\/\/atecordoba.org\/wp-content\/uploads\/2021\/12\/Salguero-1140x713.jpg 1140w, https:\/\/atecordoba.org\/wp-content\/uploads\/2021\/12\/Salguero.jpg 1280w\" sizes=\"auto, (max-width: 768px) 100vw, 768px\" \/><\/figure><\/div>\n\n\n\n<p>&#8220;Las organizaciones que trabajamos DDHH en la provincia de C\u00f3rdoba, apunt\u00f3 Salguero, decidimos realizar el 7\u00b0 Encuentro Provincial, una actividad que se realiza normalmente cada dos a\u00f1os, pero tuvimos la pandemia y la situaci\u00f3n sanitaria no nos permiti\u00f3 reunirnos. El \u00faltimo encuentro se hizo en Villa Libertador, con distintas organizaciones del barrio, y este encuentro se hace en el interior despu\u00e9s de tres a\u00f1os que muchos no nos pudimos ver y encontrarnos, muy importante para la construcci\u00f3n pol\u00edtica donde los DDHH sigan siendo una bandera&#8221;.<\/p>\n\n\n\n<p>Y a\u00f1adi\u00f3: &#8220;comienza el s\u00e1bado 18, se trabaja en 11 comisiones, espacios que trabajando todo el a\u00f1o y nos permiten articularnos como \u2018comunidad en movimiento\u2019, como nos gusta decir, pensando en la construcci\u00f3n pol\u00edtica, pensando que no solo somos sujetos de derecho, sino que somos sujetos pol\u00edticos. Y que la conformaci\u00f3n de la realidad tiene que ver con la militancia, con la participaci\u00f3n, con profundizar la democracia, en momentos que las derechas tienen discursos de odio y negacionistas, de bajarle el precio a la democracia, incluso intentos autoritarios como el que vivimos recientemente en Bolivia. Por eso entendemos que la democracia es una bandera principalmente de los pueblos, a trav\u00e9s de la democracia popular. Venimos al Encuentro a profundizar esto.&#8221;<\/p>\n","protected":false},"excerpt":{"rendered":"<p>El pr\u00f3ximo s\u00e1bado 18 de diciembre se realizar\u00e1 en los predios del Ex grupo de Artiller\u00eda 141, en Jos\u00e9 de la Quintana, ahora rebautizado &#8216;Refugio Libertad&#8217; pro las organizaciones sociales que desarrollan all\u00ed sus emprendimientos productivos, el 7\u00b0Encuentro Provincial de DDHH, organizado por la Mesa Provincial de DDHH de C\u00f3rdoba. Para conocer los alcances de [&hellip;]<\/p>\n","protected":false},"author":7,"featured_media":29290,"comment_status":"open","ping_status":"open","sticky":false,"template":"","format":"standard","meta":{"_exactmetrics_skip_tracking":false,"_exactmetrics_sitenote_active":false,"_exactmetrics_sitenote_note":"","_exactmetrics_sitenote_category":0,"jnews-multi-image_gallery":[],"jnews_single_post":{"subtitle":"Entre Todos y Todas entrevist\u00f3 a Emiliano Salguero, integrante de la Mesa Provincial de DDHH.","format":"standard","video":"","gallery":"","source_name":"","source_url":"","via_name":"","via_url":"","override":[{"template":"1","single_blog_custom":"","parallax":"1","fullscreen":"1","layout":"right-sidebar","sidebar":"default-sidebar","second_sidebar":"default-sidebar","sticky_sidebar":"1","share_position":"top","share_float_style":"share-monocrhome","show_share_counter":"1","show_view_counter":"1","show_featured":"1","show_post_meta":"1","show_post_author":"1","show_post_author_image":"1","show_post_date":"1","post_date_format":"default","post_date_format_custom":"Y\/m\/d","show_post_category":"1","post_reading_time_wpm":"300","zoom_button_out_step":"2","zoom_button_in_step":"3","show_post_tag":"1","show_prev_next_post":"1","show_popup_post":"1","number_popup_post":"1"}],"image_override":[{"single_post_thumbnail_size":"crop-500","single_post_gallery_size":"crop-500"}],"trending_post_position":"meta","trending_post_label":"Trending","sponsored_post_label":"Sponsored by","sponsored_post_name":"","sponsored_post_url":"","sponsored_post_logo":"","sponsored_post_desc":""},"jnews_primary_category":{"id":""},"jnews_social_meta":[],"jnews_review":[],"enable_review":"","type":"","name":"","summary":"","brand":"","sku":"","good":[],"bad":[],"score_override":"","override_value":"","rating":[],"price":[],"jnews_override_counter":[],"jnews_post_split":[],"footnotes":""},"categories":[122],"tags":[983],"class_list":["post-29288","post","type-post","status-publish","format-standard","has-post-thumbnail","hentry","category-ddhh","tag-7-encuentro-provincial-ddhh"],"jetpack_featured_media_url":"https:\/\/atecordoba.org\/wp-content\/uploads\/2021\/12\/mesa-trabajo-DDHH-e1639594274951.jpg","_links":{"self":[{"href":"https:\/\/atecordoba.org\/index.php?rest_route=\/wp\/v2\/posts\/29288","targetHints":{"allow":["GET"]}}],"collection":[{"href":"https:\/\/atecordoba.org\/index.php?rest_route=\/wp\/v2\/posts"}],"about":[{"href":"https:\/\/atecordoba.org\/index.php?rest_route=\/wp\/v2\/types\/post"}],"author":[{"embeddable":true,"href":"https:\/\/atecordoba.org\/index.php?rest_route=\/wp\/v2\/users\/7"}],"replies":[{"embeddable":true,"href":"https:\/\/atecordoba.org\/index.php?rest_route=%2Fwp%2Fv2%2Fcomments&post=29288"}],"version-history":[{"count":1,"href":"https:\/\/atecordoba.org\/index.php?rest_route=\/wp\/v2\/posts\/29288\/revisions"}],"predecessor-version":[{"id":29291,"href":"https:\/\/atecordoba.org\/index.php?rest_route=\/wp\/v2\/posts\/29288\/revisions\/29291"}],"wp:featuredmedia":[{"embeddable":true,"href":"https:\/\/atecordoba.org\/index.php?rest_route=\/wp\/v2\/media\/29290"}],"wp:attachment":[{"href":"https:\/\/atecordoba.org\/index.php?rest_route=%2Fwp%2Fv2%2Fmedia&parent=29288"}],"wp:term":[{"taxonomy":"category","embeddable":true,"href":"https:\/\/atecordoba.org\/index.php?rest_route=%2Fwp%2Fv2%2Fcategories&post=29288"},{"taxonomy":"post_tag","embeddable":true,"href":"https:\/\/atecordoba.org\/index.php?rest_route=%2Fwp%2Fv2%2Ftags&post=29288"}],"curies":[{"name":"wp","href":"https:\/\/api.w.org\/{rel}","templated":true}]}}