{"id":29275,"date":"2021-12-15T12:29:19","date_gmt":"2021-12-15T15:29:19","guid":{"rendered":"https:\/\/atecordoba.org\/?p=29275"},"modified":"2021-12-15T12:39:26","modified_gmt":"2021-12-15T15:39:26","slug":"hace-4-anos-el-macrismo-arrasaba-con-despidos-a-fabricaciones-militares","status":"publish","type":"post","link":"https:\/\/atecordoba.org\/?p=29275","title":{"rendered":"Hace 4 a\u00f1os el macrismo arrasaba con despidos a Fabricaciones Militares"},"content":{"rendered":"\n<div class=\"wp-block-image\"><figure class=\"aligncenter size-large\"><img decoding=\"async\" src=\"https:\/\/atecordoba.org\/wp-content\/uploads\/2021\/12\/despidos-2017-VM.jpg\" alt=\"\" class=\"wp-image-29277\" \/><\/figure><\/div>\n\n\n\n<p>La seccional ATE Villa Mar\u00eda recuerda hoy como un 15 de diciembre de 2017, cuatro a\u00f1os atr\u00e1s y en el meridiano del gobierno macrista tras las elecciones de medio t\u00e9rmino que gan\u00f3 entonces el frente neoliberal, 30 trabajadores y trabajadoras de la F\u00e1brica Militar de P\u00f3lvora y Explosivos se desayunaban con su despido.<\/p>\n\n\n\n<p>La reacci\u00f3n de ATE fue inmediata, convocando a una asamblea en la puerta de nuestra sede sindical. Aquellos despidos iban acompa\u00f1ados por otros tantos en la F\u00e1brica Militar de R\u00edo Tercero. Al lamento generalizado se sum\u00f3 el recordatorio que la Vicepresidenta Gabriela Michetti hab\u00eda garantizado d\u00edas antes en una visita a la ciudad que los puestos de trabajo &#8220;estaban garantizado&#8221;. <a href=\"https:\/\/www.facebook.com\/100010321591714\/videos\/559719137715468\/\">Nada m\u00e1s falso<\/a>. <\/p>\n\n\n\n<div class=\"wp-block-image\"><figure class=\"aligncenter size-large is-resized\"><img loading=\"lazy\" decoding=\"async\" src=\"https:\/\/atecordoba.org\/wp-content\/uploads\/2021\/12\/VM_despidos.jpg\" alt=\"\" class=\"wp-image-29280\" width=\"689\" height=\"467\" srcset=\"https:\/\/atecordoba.org\/wp-content\/uploads\/2021\/12\/VM_despidos.jpg 918w, https:\/\/atecordoba.org\/wp-content\/uploads\/2021\/12\/VM_despidos-300x203.jpg 300w, https:\/\/atecordoba.org\/wp-content\/uploads\/2021\/12\/VM_despidos-768x520.jpg 768w, https:\/\/atecordoba.org\/wp-content\/uploads\/2021\/12\/VM_despidos-750x508.jpg 750w\" sizes=\"auto, (max-width: 689px) 100vw, 689px\" \/><\/figure><\/div>\n\n\n\n<p>Los despidos se disfrazaron bajo la figura de no renovaci\u00f3n de contratos, pero fueron despedidos sin causa que sufrieron compa\u00f1eras y compa\u00f1eros con a\u00f1os de condiciones laborales precarizadas, donde el Estado hab\u00eda cometido un permanente fraude laboral ya que se trata de personal en situaci\u00f3n de ser pasado a planta permanente. Dos testimonios impactaron en ese momento: un padre de familia con cuatro hijos, despedido con 15 a\u00f1os de antig\u00fcedad, y una compa\u00f1era que atravesaba un tratamiento oncol\u00f3gico, tambi\u00e9n con muchos a\u00f1os de antig\u00fcedad en su cargo. <\/p>\n\n\n\n<figure class=\"wp-block-embed is-type-video is-provider-youtube wp-block-embed-youtube wp-embed-aspect-4-3 wp-has-aspect-ratio\"><div class=\"wp-block-embed__wrapper\">\n<div class=\"epyt-video-wrapper\"><iframe loading=\"lazy\"  style=\"display: block; margin: 0px auto;\"  id=\"_ytid_43393\"  width=\"480\" height=\"360\"  data-origwidth=\"480\" data-origheight=\"360\" src=\"https:\/\/www.youtube.com\/embed\/C4buc9l1EAY?enablejsapi=1&#038;autoplay=0&#038;cc_load_policy=0&#038;cc_lang_pref=&#038;iv_load_policy=3&#038;loop=0&#038;rel=0&#038;fs=1&#038;playsinline=0&#038;autohide=2&#038;theme=dark&#038;color=red&#038;controls=1&#038;disablekb=0&#038;\" class=\"__youtube_prefs__  epyt-is-override  no-lazyload\" title=\"YouTube player\"  allow=\"fullscreen; accelerometer; autoplay; clipboard-write; encrypted-media; gyroscope; picture-in-picture; web-share\" referrerpolicy=\"strict-origin-when-cross-origin\" allowfullscreen data-no-lazy=\"1\" data-skipgform_ajax_framebjll=\"\"><\/iframe><\/div>\n<\/div><\/figure>\n\n\n\n<p>Por aquellos d\u00edas, los dirigentes de ATE convocaron a movilizarse al<a href=\"https:\/\/www.facebook.com\/100010321591714\/videos\/559717914382257\/\"> Concejo Deliberante y se reunieron con el intendente<\/a>, replicando la estrategia de resistencia que nuestra organizaci\u00f3n implement\u00f3 en los &#8217;90, cuando evitamos el cierre de las dos plantas de la DGFM en C\u00f3rdoba: rodear al conflicto de apoyo social, pol\u00edtico e institucional. <\/p>\n\n\n\n<p>Al mismo tiempo, el secretario General de ATE Villa Mar\u00eda, Fernando Mercado, anunciaba un paro general en el organismo: &#8220;mi padre trabaj\u00f3 en la f\u00e1brica, yo trabajo en la f\u00e1brica y le vamos a dejar la f\u00e1brica a nuestros hijos. Los dirigentes pasamos pero Fabricaciones Militares seguir\u00e1 en Villa Mar\u00eda, m\u00e1s all\u00e1 de lo que quiera el gobierno&#8221;. <\/p>\n\n\n\n<div class=\"wp-block-image\"><figure class=\"aligncenter size-large is-resized\"><img loading=\"lazy\" decoding=\"async\" src=\"https:\/\/atecordoba.org\/wp-content\/uploads\/2021\/12\/VM_despidos_marcha.jpg\" alt=\"\" class=\"wp-image-29281\" width=\"710\" height=\"408\" srcset=\"https:\/\/atecordoba.org\/wp-content\/uploads\/2021\/12\/VM_despidos_marcha.jpg 946w, https:\/\/atecordoba.org\/wp-content\/uploads\/2021\/12\/VM_despidos_marcha-300x173.jpg 300w, https:\/\/atecordoba.org\/wp-content\/uploads\/2021\/12\/VM_despidos_marcha-768x442.jpg 768w, https:\/\/atecordoba.org\/wp-content\/uploads\/2021\/12\/VM_despidos_marcha-750x431.jpg 750w\" sizes=\"auto, (max-width: 710px) 100vw, 710px\" \/><\/figure><\/div>\n\n\n\n<p>Hoy, a cuatro a\u00f1os de aquellos d\u00edas de lucha y dignidad, <a href=\"https:\/\/atecordoba.org\/?p=28258\">con todos los y las compa\u00f1eras reincorporadas en sus puestos de trabajo,<\/a> dando cuenta que la coherencia y la lucha dan resultado, y habiendo logrado quebrar la pol\u00edtica macrista de destrucci\u00f3n de la industria fabril para la defensa, a la espera que se reabra la Fabrica Militar de Azul, en la provincia de Buenos Aires, vale traer al presente aquella derrota inicial que ATE supo revertir y transformar en una victoria de la clase trabajadora. <\/p>\n","protected":false},"excerpt":{"rendered":"<p>La seccional ATE Villa Mar\u00eda recuerda hoy como un 15 de diciembre de 2017, cuatro a\u00f1os atr\u00e1s y en el meridiano del gobierno macrista tras las elecciones de medio t\u00e9rmino que gan\u00f3 entonces el frente neoliberal, 30 trabajadores y trabajadoras de la F\u00e1brica Militar de P\u00f3lvora y Explosivos se desayunaban con su despido. La reacci\u00f3n [&hellip;]<\/p>\n","protected":false},"author":7,"featured_media":29285,"comment_status":"open","ping_status":"open","sticky":false,"template":"","format":"standard","meta":{"_exactmetrics_skip_tracking":false,"_exactmetrics_sitenote_active":false,"_exactmetrics_sitenote_note":"","_exactmetrics_sitenote_category":0,"jnews-multi-image_gallery":[],"jnews_single_post":{"subtitle":"Aquellos compa\u00f1eros y compa\u00f1eras fueron reinstalados en sus puestos de trabajo este a\u00f1o por la acci\u00f3n decidida de ATE.","format":"standard","video":"","gallery":"","source_name":"","source_url":"","via_name":"","via_url":"","override":[{"template":"1","single_blog_custom":"","parallax":"1","fullscreen":"1","layout":"right-sidebar","sidebar":"default-sidebar","second_sidebar":"default-sidebar","sticky_sidebar":"1","share_position":"top","share_float_style":"share-monocrhome","show_share_counter":"1","show_view_counter":"1","show_featured":"1","show_post_meta":"1","show_post_author":"1","show_post_author_image":"1","show_post_date":"1","post_date_format":"default","post_date_format_custom":"Y\/m\/d","show_post_category":"1","post_reading_time_wpm":"300","zoom_button_out_step":"2","zoom_button_in_step":"3","show_post_tag":"1","show_prev_next_post":"1","show_popup_post":"1","number_popup_post":"1"}],"image_override":[{"single_post_thumbnail_size":"crop-500","single_post_gallery_size":"crop-500"}],"trending_post_position":"meta","trending_post_label":"Trending","sponsored_post_label":"Sponsored by","sponsored_post_name":"","sponsored_post_url":"","sponsored_post_logo":"","sponsored_post_desc":""},"jnews_primary_category":{"id":""},"jnews_social_meta":[],"jnews_review":[],"enable_review":"","type":"","name":"","summary":"","brand":"","sku":"","good":[],"bad":[],"score_override":"","override_value":"","rating":[],"price":[],"jnews_override_counter":[],"jnews_post_split":[],"footnotes":""},"categories":[18,14],"tags":[982],"class_list":["post-29275","post","type-post","status-publish","format-standard","has-post-thumbnail","hentry","category-nacionales","category-villa-maria","tag-despidos-en-fabricaciones-militares"],"jetpack_featured_media_url":"https:\/\/atecordoba.org\/wp-content\/uploads\/2021\/12\/WhatsApp-Image-2020-11-20-at-10.19.58-1-e1639582756948.jpeg","_links":{"self":[{"href":"https:\/\/atecordoba.org\/index.php?rest_route=\/wp\/v2\/posts\/29275","targetHints":{"allow":["GET"]}}],"collection":[{"href":"https:\/\/atecordoba.org\/index.php?rest_route=\/wp\/v2\/posts"}],"about":[{"href":"https:\/\/atecordoba.org\/index.php?rest_route=\/wp\/v2\/types\/post"}],"author":[{"embeddable":true,"href":"https:\/\/atecordoba.org\/index.php?rest_route=\/wp\/v2\/users\/7"}],"replies":[{"embeddable":true,"href":"https:\/\/atecordoba.org\/index.php?rest_route=%2Fwp%2Fv2%2Fcomments&post=29275"}],"version-history":[{"count":4,"href":"https:\/\/atecordoba.org\/index.php?rest_route=\/wp\/v2\/posts\/29275\/revisions"}],"predecessor-version":[{"id":29284,"href":"https:\/\/atecordoba.org\/index.php?rest_route=\/wp\/v2\/posts\/29275\/revisions\/29284"}],"wp:featuredmedia":[{"embeddable":true,"href":"https:\/\/atecordoba.org\/index.php?rest_route=\/wp\/v2\/media\/29285"}],"wp:attachment":[{"href":"https:\/\/atecordoba.org\/index.php?rest_route=%2Fwp%2Fv2%2Fmedia&parent=29275"}],"wp:term":[{"taxonomy":"category","embeddable":true,"href":"https:\/\/atecordoba.org\/index.php?rest_route=%2Fwp%2Fv2%2Fcategories&post=29275"},{"taxonomy":"post_tag","embeddable":true,"href":"https:\/\/atecordoba.org\/index.php?rest_route=%2Fwp%2Fv2%2Ftags&post=29275"}],"curies":[{"name":"wp","href":"https:\/\/api.w.org\/{rel}","templated":true}]}}