{"id":29269,"date":"2021-12-14T11:52:54","date_gmt":"2021-12-14T14:52:54","guid":{"rendered":"https:\/\/atecordoba.org\/?p=29269"},"modified":"2021-12-14T13:43:33","modified_gmt":"2021-12-14T16:43:33","slug":"estamos-muy-emocionados-con-la-etapa-que-se-abre-a-partir-de-la-consolidacion-de-la-seccional-ate-san-justo","status":"publish","type":"post","link":"https:\/\/atecordoba.org\/?p=29269","title":{"rendered":"&#8220;Estamos muy emocionados con la etapa que se abre a partir de la consolidaci\u00f3n de la seccional ATE San Justo&#8221;"},"content":{"rendered":"\n<div class=\"wp-block-image\"><figure class=\"aligncenter size-large is-resized\"><img loading=\"lazy\" decoding=\"async\" src=\"https:\/\/atecordoba.org\/wp-content\/uploads\/2021\/12\/bandera-san-francisco.jpg\" alt=\"\" class=\"wp-image-29270\" width=\"720\" height=\"540\" \/><\/figure><\/div>\n\n\n\n<p>El m\u00e1ximo referente de ATE en San Francisco, Dar\u00edo Paredes, <a href=\"https:\/\/ar.radiocut.fm\/audiocut\/dario-paredes-sobre-llamado-a-elecciones-en-nueva-seccional-san-justo-ate\/\">dialog\u00f3 <\/a>con el programa Entre todos y todas, que la Secretaria de Prensa de ATE C\u00f3rdoba emite los martes por GEN FM 107.5, para evaluar la etapa que se abre a partir de la elecci\u00f3n de autoridades que se llevara a cabo el pr\u00f3ximo 26 de febrero de 2022.<\/p>\n\n\n\n<p>La elecci\u00f3n designar\u00e1 democr\u00e1ticamente por el voto de las y los afiliados a la conducci\u00f3n de la nueva seccional, que revive la antigua seccional San Francisco, que se hab\u00eda dado de baja con el cierre de la F\u00e1brica Militar durante el menemismo. <\/p>\n\n\n\n<p>&#8220;Despu\u00e9s de tanto tiempo trabajando con las y los compa\u00f1eros jubilados, un grupo de trabajadores estatales, mayormente municipales, refundamos primero la delegaci\u00f3n y al llegar a la cantidad de afiliados se abrieron las puertas para volver a ser una seccional. Para nosotros es muy emocionante ver que en pocos meses pasamos de delegaci\u00f3n a seccional&#8221;, explic\u00f3 Paredes.<\/p>\n\n\n\n<div class=\"wp-block-image\"><figure class=\"alignright size-large is-resized\"><img loading=\"lazy\" decoding=\"async\" src=\"https:\/\/atecordoba.org\/wp-content\/uploads\/2021\/12\/flyer-san-francisco_formacion-1024x1024.jpg\" alt=\"\" class=\"wp-image-29271\" width=\"512\" height=\"512\" srcset=\"https:\/\/atecordoba.org\/wp-content\/uploads\/2021\/12\/flyer-san-francisco_formacion-1024x1024.jpg 1024w, https:\/\/atecordoba.org\/wp-content\/uploads\/2021\/12\/flyer-san-francisco_formacion-300x300.jpg 300w, https:\/\/atecordoba.org\/wp-content\/uploads\/2021\/12\/flyer-san-francisco_formacion-150x150.jpg 150w, https:\/\/atecordoba.org\/wp-content\/uploads\/2021\/12\/flyer-san-francisco_formacion-768x769.jpg 768w, https:\/\/atecordoba.org\/wp-content\/uploads\/2021\/12\/flyer-san-francisco_formacion-560x560.jpg 560w, https:\/\/atecordoba.org\/wp-content\/uploads\/2021\/12\/flyer-san-francisco_formacion-75x75.jpg 75w, https:\/\/atecordoba.org\/wp-content\/uploads\/2021\/12\/flyer-san-francisco_formacion-350x350.jpg 350w, https:\/\/atecordoba.org\/wp-content\/uploads\/2021\/12\/flyer-san-francisco_formacion-750x751.jpg 750w, https:\/\/atecordoba.org\/wp-content\/uploads\/2021\/12\/flyer-san-francisco_formacion.jpg 1080w\" sizes=\"auto, (max-width: 512px) 100vw, 512px\" \/><\/figure><\/div>\n\n\n\n<p>En tal sentido dijo que &#8220;estamos con todas las gestiones administrativas y el armado de los padrones, que incluyen afiliados de San Francisco, Freyre, Tr\u00e1nsito, Colonia Marina y Devoto.&nbsp; Esto requiere tareas que llevan mucho tiempo as\u00ed que hay un gran equipo de compa\u00f1eros metiendo mucho esfuerzo a esto&#8221;.<\/p>\n\n\n\n<p>Por eso el dirigente aclar\u00f3 que &#8220;la lista ya est\u00e1 presentada y nos propusimos tener todo lo administrativo termino para fin de a\u00f1o&#8221;.<\/p>\n\n\n\n<p>Paredes dijo tambi\u00e9n que &#8220;la respuesta de los compa\u00f1eros de la municipalidad y del hospital, donde vamos creciendo de la poquito, es muy buena. eso quiere decir que vamos haciendo las cosas bien&#8221;.<\/p>\n\n\n\n<p>Por \u00faltimo, el dirigente se\u00f1al\u00f3 que respecto a las l\u00edneas de trabajo de car al futuro &#8220;esperamos profundizar el proceso organizativo en la Municipalidad de San Francisco. Ya siendo seccional vamos a poder movernos con mayor rapidez en todos los sectores para que una campa\u00f1a de afiliaciones nos traiga un crecimiento importante para poder sentarnos en la mesa paritaria, como en los otros municipios mencionados donde somos mayor\u00eda de ATE y por lo tanto contamos con la representaci\u00f3n paritaria. Si bien la lista est\u00e1 integrada en su mayor\u00eda por trabajadores y trabajadoras municipales, pero tambi\u00e9n se integraron provinciales y el a\u00f1o que viene vamos a apuntar al sector nacional para que cuando terminemos el 2022 tengamos los tres sectores bien consolidados&#8221;.<\/p>\n\n\n\n<p><strong>Formaci\u00f3n<\/strong><\/p>\n\n\n\n<p>Ma\u00f1ana se llevar\u00e1 a cabo un taller de formaci\u00f3n para trabajadores y trabajadoras municipales. En la oportunidad estar\u00e1n dictando el curso el secretario General de ATE C\u00f3rdoba, Federico Giuliani, el secretario de Formaci\u00f3n, C\u00e9sar Theaux, y el secretario General de ATE San Francisco, Dar\u00edo Paredes. La actividad se desarrollar\u00e1 a partir de las 15 horas en la sede de ATE, Ram\u00f3n y Cajal 805, San Francisco. Se podr\u00e1 participar por las redes sociales de ATE. <\/p>\n","protected":false},"excerpt":{"rendered":"<p>El m\u00e1ximo referente de ATE en San Francisco, Dar\u00edo Paredes, dialog\u00f3 con el programa Entre todos y todas, que la Secretaria de Prensa de ATE C\u00f3rdoba emite los martes por GEN FM 107.5, para evaluar la etapa que se abre a partir de la elecci\u00f3n de autoridades que se llevara a cabo el pr\u00f3ximo 26 [&hellip;]<\/p>\n","protected":false},"author":7,"featured_media":29270,"comment_status":"open","ping_status":"open","sticky":false,"template":"","format":"standard","meta":{"_exactmetrics_skip_tracking":false,"_exactmetrics_sitenote_active":false,"_exactmetrics_sitenote_note":"","_exactmetrics_sitenote_category":0,"jnews-multi-image_gallery":[],"jnews_single_post":{"subtitle":"El dirigente Dar\u00edo Paredes explic\u00f3 como se viene la organizaci\u00f3n de las elecciones de la seccional, que a partir de la designaci\u00f3n de autoridades se denominar\u00e1 ATE San Justo. Ma\u00f1ana, taller de formaci\u00f3n para municipales. ","format":"standard","video":"","gallery":"","source_name":"","source_url":"","via_name":"","via_url":"","override":[{"template":"1","single_blog_custom":"","parallax":"1","fullscreen":"1","layout":"right-sidebar","sidebar":"default-sidebar","second_sidebar":"default-sidebar","sticky_sidebar":"1","share_position":"top","share_float_style":"share-monocrhome","show_share_counter":"1","show_view_counter":"1","show_featured":"1","show_post_meta":"1","show_post_author":"1","show_post_author_image":"1","show_post_date":"1","post_date_format":"default","post_date_format_custom":"Y\/m\/d","show_post_category":"1","post_reading_time_wpm":"300","zoom_button_out_step":"2","zoom_button_in_step":"3","show_post_tag":"1","show_prev_next_post":"1","show_popup_post":"1","number_popup_post":"1"}],"image_override":[{"single_post_thumbnail_size":"crop-500","single_post_gallery_size":"crop-500"}],"trending_post_position":"meta","trending_post_label":"Trending","sponsored_post_label":"Sponsored by","sponsored_post_name":"","sponsored_post_url":"","sponsored_post_logo":"","sponsored_post_desc":""},"jnews_primary_category":{"id":""},"jnews_social_meta":[],"jnews_review":[],"enable_review":"","type":"","name":"","summary":"","brand":"","sku":"","good":[],"bad":[],"score_override":"","override_value":"","rating":[],"price":[],"jnews_override_counter":[],"jnews_post_split":[],"footnotes":""},"categories":[148],"tags":[47,443],"class_list":["post-29269","post","type-post","status-publish","format-standard","has-post-thumbnail","hentry","category-san-justo","tag-elecciones","tag-seccional"],"jetpack_featured_media_url":"https:\/\/atecordoba.org\/wp-content\/uploads\/2021\/12\/bandera-san-francisco-e1639493562981.jpg","_links":{"self":[{"href":"https:\/\/atecordoba.org\/index.php?rest_route=\/wp\/v2\/posts\/29269","targetHints":{"allow":["GET"]}}],"collection":[{"href":"https:\/\/atecordoba.org\/index.php?rest_route=\/wp\/v2\/posts"}],"about":[{"href":"https:\/\/atecordoba.org\/index.php?rest_route=\/wp\/v2\/types\/post"}],"author":[{"embeddable":true,"href":"https:\/\/atecordoba.org\/index.php?rest_route=\/wp\/v2\/users\/7"}],"replies":[{"embeddable":true,"href":"https:\/\/atecordoba.org\/index.php?rest_route=%2Fwp%2Fv2%2Fcomments&post=29269"}],"version-history":[{"count":3,"href":"https:\/\/atecordoba.org\/index.php?rest_route=\/wp\/v2\/posts\/29269\/revisions"}],"predecessor-version":[{"id":29274,"href":"https:\/\/atecordoba.org\/index.php?rest_route=\/wp\/v2\/posts\/29269\/revisions\/29274"}],"wp:featuredmedia":[{"embeddable":true,"href":"https:\/\/atecordoba.org\/index.php?rest_route=\/wp\/v2\/media\/29270"}],"wp:attachment":[{"href":"https:\/\/atecordoba.org\/index.php?rest_route=%2Fwp%2Fv2%2Fmedia&parent=29269"}],"wp:term":[{"taxonomy":"category","embeddable":true,"href":"https:\/\/atecordoba.org\/index.php?rest_route=%2Fwp%2Fv2%2Fcategories&post=29269"},{"taxonomy":"post_tag","embeddable":true,"href":"https:\/\/atecordoba.org\/index.php?rest_route=%2Fwp%2Fv2%2Ftags&post=29269"}],"curies":[{"name":"wp","href":"https:\/\/api.w.org\/{rel}","templated":true}]}}