{"id":2926,"date":"2013-06-28T13:55:36","date_gmt":"2013-06-28T16:55:36","guid":{"rendered":"http:\/\/www.atecordoba.org\/?p=2926"},"modified":"2013-06-28T13:55:36","modified_gmt":"2013-06-28T16:55:36","slug":"unc-importante-participacion-en-la-primer-eleccion-de-delegados-en-odontologia","status":"publish","type":"post","link":"https:\/\/atecordoba.org\/?p=2926","title":{"rendered":"UNC: importante participaci\u00f3n en la primer elecci\u00f3n de delegados en Odontolog\u00eda"},"content":{"rendered":"<p><em>En una de las facultades m\u00e1s grandes, ATE ampli\u00f3 su base de representatividad en la Casa de Altos estudios. Los compa\u00f1eros resolvieron organizarse en nuestro gremio, con el objetivo de combatir la precarizaci\u00f3n laboral y las condiciones de trabajo.<\/em><\/p>\n<p style=\"text-align: center;\"><a href=\"http:\/\/www.atecordoba.org\/wp-content\/uploads\/2013\/06\/foto-web-1.jpg\"><img loading=\"lazy\" decoding=\"async\" class=\"aligncenter  wp-image-2927\" title=\"foto web 1\" src=\"http:\/\/www.atecordoba.org\/wp-content\/uploads\/2013\/06\/foto-web-1.jpg\" alt=\"\" width=\"480\" height=\"360\" \/><\/a><\/p>\n<p>Con una participaci\u00f3n cercana al 50% del padr\u00f3n, ayer jueves 27 de junio resultaron elegidos como delegados no docentes del sector los compa\u00f1eros Ver\u00f3nica Giordano, Daniel Rial y Marcos Tonelli. De esta forma, nuestro gremio ampli\u00f3 a otra unidad acad\u00e9mica m\u00e1s el cuerpo de delegados, evidenciando el crecimiento progresivo en la Universidad Nacional.<\/p>\n<p>A partir de media ma\u00f1ana, los compa\u00f1eros se acercaron a votar, a pesar de ciertas presiones que intentaron ejercer desde otra organizaci\u00f3n sindical. Junto a Francisco Pavan, delegado de ATE en Famaf y vocal del Consejo Directivo provincial, una delegaci\u00f3n del secretariado de ATE C\u00f3rdoba se hizo presente en el lugar para acompa\u00f1ar a los compa\u00f1eros en esa importante jornada y el cuerpo de delegados no docentes, junto a compa\u00f1eros de CTA como el secretario Gremial del CISPREN, Esteban Liendo.<\/p>\n<p><a href=\"http:\/\/www.atecordoba.org\/wp-content\/uploads\/2013\/06\/foto-web-21.jpg\"><img loading=\"lazy\" decoding=\"async\" class=\"alignleft size-medium wp-image-2928\" title=\"foto web 2\" src=\"http:\/\/www.atecordoba.org\/wp-content\/uploads\/2013\/06\/foto-web-21-300x225.jpg\" alt=\"\" width=\"300\" height=\"225\" \/><\/a>En un marco de buen clima, no s\u00f3lo por el tiempo sino por la predisposici\u00f3n de los trabajadores para participar en la elecci\u00f3n, Ver\u00f3nica Giordano destac\u00f3 que &#8220;tenemos las mejores expectativas porque los compa\u00f1eros conocen nuestra forma de trabajar. Como representantes honestos y transparentes queremos el bien de los trabajadores y de la facultad y contamos con el apoyo de muchos compa\u00f1eros. Esto nos alienta a seguir dialogando, debatiendo y propiciando la participaci\u00f3n, interactuando con todos, porque el gremio quiere lo mismo para todos: el bien de los trabajadores&#8221;.<\/p>\n<p>A su turno, el delegado electo\u00a0<span style=\"font-size: 13px;\">Marcos Tonelli remarc\u00f3 que &#8220;la principal demanda de los compa\u00f1eros en este momento es la situaci\u00f3n de discriminaci\u00f3n que sufren los contratados&#8221;. Conscientes que esa agenda marcar\u00e1 la actividad gremial en el sector, el compa\u00f1eros detall\u00f3 que hay \u00a025 de un total de 171 trabajadores en la Facultad. &#8220;Est\u00e1n precarizados con sueldos por debajo del m\u00ednimo vital y m\u00f3vil&#8221;, dijo Tonelli.<\/span><\/p>\n<p>Adem\u00e1s, se\u00f1al\u00f3 que otros problemas en el sector est\u00e1n relacionados con la higiene y seguridad \u00a0laboral. &#8220;En la biblioteca en los \u00faltimos cuatro a\u00f1os se inund\u00f3 no menos de 10 veces con l\u00edquidos cloacales y l\u00edquidos que vienen del Laboratorio de Hemoderivados, situaci\u00f3n totalmente nociva para la salud. Hay problemas similares en Qu\u00edmica Biol\u00f3gica, no tiene condiciones dignas para desempe\u00f1arnos laboralmente&#8221;, asegur\u00f3.<\/p>\n<p><a href=\"http:\/\/www.atecordoba.org\/wp-content\/uploads\/2013\/06\/foto-web-3.jpg\"><img loading=\"lazy\" decoding=\"async\" class=\"alignright size-medium wp-image-2929\" title=\"foto web 3\" src=\"http:\/\/www.atecordoba.org\/wp-content\/uploads\/2013\/06\/foto-web-3-300x225.jpg\" alt=\"\" width=\"300\" height=\"225\" \/><\/a>Por \u00faltimo, el compa\u00f1ero Daniel Rial, resumi\u00f3 la jornada electoral como muy buena. &#8220;P<span style=\"font-size: 13px;\">or ser las primeras elecciones convocadas por ATE nos fue bastante bien, con buena participaci\u00f3n. Hasta ahora la experiencia gremial en Odontolog\u00eda estaba ausente, por eso varios compa\u00f1eros optaron por afiliarse a ATE. Por intermedio de Francisco Pavan se tejieron nexos, pero tambi\u00e9n influy\u00f3 la experiencia del Comedor Universitario con muy buenos resultados en la intervenci\u00f3n de ATE, que fue abriendo puertas y cabezas&#8221;.<\/span><\/p>\n<p>De esta forma, ATE contin\u00faa creciendo en la UNC, bajo la premisa de construir en asambleas el consenso para expresar la representatividad que los trabajadores de la universidad requieren, para revertir la precarizaci\u00f3n laboral, que se encuentra al tope de la agenda de reclamos de los compa\u00f1eros.<\/p>\n","protected":false},"excerpt":{"rendered":"<p>En una de las facultades m\u00e1s grandes, ATE ampli\u00f3 su base de representatividad en la Casa de Altos estudios. Los compa\u00f1eros resolvieron organizarse en nuestro gremio, con el objetivo de combatir la precarizaci\u00f3n laboral y las condiciones de trabajo. Con una participaci\u00f3n cercana al 50% del padr\u00f3n, ayer jueves 27 de junio resultaron elegidos como [&hellip;]<\/p>\n","protected":false},"author":1,"featured_media":19220,"comment_status":"open","ping_status":"open","sticky":false,"template":"","format":"standard","meta":{"_exactmetrics_skip_tracking":false,"_exactmetrics_sitenote_active":false,"_exactmetrics_sitenote_note":"","_exactmetrics_sitenote_category":0,"jnews-multi-image_gallery":[],"jnews_single_post":[],"jnews_primary_category":[],"jnews_social_meta":[],"jnews_review":[],"enable_review":"","type":"","name":"","summary":"","brand":"","sku":"","good":[],"bad":[],"score_override":"","override_value":"","rating":[],"price":[],"jnews_override_counter":[],"jnews_post_split":[],"footnotes":""},"categories":[18,89],"tags":[],"class_list":["post-2926","post","type-post","status-publish","format-standard","has-post-thumbnail","hentry","category-nacionales","category-unc"],"jetpack_featured_media_url":"https:\/\/atecordoba.org\/wp-content\/uploads\/2020\/05\/logo-nuevochico-e1561581322808.png","_links":{"self":[{"href":"https:\/\/atecordoba.org\/index.php?rest_route=\/wp\/v2\/posts\/2926","targetHints":{"allow":["GET"]}}],"collection":[{"href":"https:\/\/atecordoba.org\/index.php?rest_route=\/wp\/v2\/posts"}],"about":[{"href":"https:\/\/atecordoba.org\/index.php?rest_route=\/wp\/v2\/types\/post"}],"author":[{"embeddable":true,"href":"https:\/\/atecordoba.org\/index.php?rest_route=\/wp\/v2\/users\/1"}],"replies":[{"embeddable":true,"href":"https:\/\/atecordoba.org\/index.php?rest_route=%2Fwp%2Fv2%2Fcomments&post=2926"}],"version-history":[{"count":0,"href":"https:\/\/atecordoba.org\/index.php?rest_route=\/wp\/v2\/posts\/2926\/revisions"}],"wp:featuredmedia":[{"embeddable":true,"href":"https:\/\/atecordoba.org\/index.php?rest_route=\/wp\/v2\/media\/19220"}],"wp:attachment":[{"href":"https:\/\/atecordoba.org\/index.php?rest_route=%2Fwp%2Fv2%2Fmedia&parent=2926"}],"wp:term":[{"taxonomy":"category","embeddable":true,"href":"https:\/\/atecordoba.org\/index.php?rest_route=%2Fwp%2Fv2%2Fcategories&post=2926"},{"taxonomy":"post_tag","embeddable":true,"href":"https:\/\/atecordoba.org\/index.php?rest_route=%2Fwp%2Fv2%2Ftags&post=2926"}],"curies":[{"name":"wp","href":"https:\/\/api.w.org\/{rel}","templated":true}]}}