{"id":29254,"date":"2021-12-13T10:13:14","date_gmt":"2021-12-13T13:13:14","guid":{"rendered":"https:\/\/atecordoba.org\/?p=29254"},"modified":"2021-12-13T10:16:08","modified_gmt":"2021-12-13T13:16:08","slug":"audiencia-paritaria-en-alcira-gigena","status":"publish","type":"post","link":"https:\/\/atecordoba.org\/?p=29254","title":{"rendered":"Audiencia paritaria en Alcira Gigena"},"content":{"rendered":"\n<div class=\"wp-block-image\"><figure class=\"aligncenter size-large\"><img decoding=\"async\" src=\"https:\/\/atecordoba.org\/wp-content\/uploads\/2021\/12\/alcira-gigena_audiencia-paritaria.jpg\" alt=\"\" class=\"wp-image-29255\" \/><\/figure><\/div>\n\n\n\n<p>ATE R\u00edo Cuarto se reuni\u00f3 con el Departamento Ejecutivo Municipal de Alcira Gigena. En audiencia paritaria, nuestro gremio solicit\u00f3 un incremento salarial del 15% para concluir el a\u00f1o.<\/p>\n\n\n\n<p>Por otra parte, ATE incorpor\u00f3 al acta acuerdo, la posibilidad del pago de un Bono de $15000 y la implementaci\u00f3n del Cupo por Discapacidad.<\/p>\n\n\n\n<p>Participaron en representaci\u00f3n de ATE las y los delegados Silvia Nieblyski, Joselo Altamirano y Adriana Tr\u00edmboli, as\u00ed como el secretario de Finanzas de la seccional R\u00edo Cuarto, Mauricio Macci\u00f3 y su par de Organizaci\u00f3n, Franco Orsato. En tanto, por parte del Ejecutivo Municipal, estuvieron presentes el Intendente Fernando Gramaglia y el secretario de Gobierno, N\u00e9stor Molinero.<\/p>\n\n\n\n<p>Finalmente, las partes pasaron a un cuarto intermedio para analizar las propuestas.<\/p>\n","protected":false},"excerpt":{"rendered":"<p>ATE R\u00edo Cuarto se reuni\u00f3 con el Departamento Ejecutivo Municipal de Alcira Gigena. En audiencia paritaria, nuestro gremio solicit\u00f3 un incremento salarial del 15% para concluir el a\u00f1o. Por otra parte, ATE incorpor\u00f3 al acta acuerdo, la posibilidad del pago de un Bono de $15000 y la implementaci\u00f3n del Cupo por Discapacidad. Participaron en representaci\u00f3n [&hellip;]<\/p>\n","protected":false},"author":7,"featured_media":29258,"comment_status":"open","ping_status":"open","sticky":false,"template":"","format":"standard","meta":{"_exactmetrics_skip_tracking":false,"_exactmetrics_sitenote_active":false,"_exactmetrics_sitenote_note":"","_exactmetrics_sitenote_category":0,"jnews-multi-image_gallery":[],"jnews_single_post":{"subtitle":"ATE solicit\u00f3 15% de recomposici\u00f3n salarial y un bono de 15mil pesos. En el acta se incorpor\u00f3 el cupo por discapacidad. ","format":"standard","video":"","gallery":"","source_name":"","source_url":"","via_name":"","via_url":"","override":[{"template":"1","single_blog_custom":"","parallax":"1","fullscreen":"1","layout":"right-sidebar","sidebar":"default-sidebar","second_sidebar":"default-sidebar","sticky_sidebar":"1","share_position":"top","share_float_style":"share-monocrhome","show_share_counter":"1","show_view_counter":"1","show_featured":"1","show_post_meta":"1","show_post_author":"1","show_post_author_image":"1","show_post_date":"1","post_date_format":"default","post_date_format_custom":"Y\/m\/d","show_post_category":"1","post_reading_time_wpm":"300","zoom_button_out_step":"2","zoom_button_in_step":"3","show_post_tag":"1","show_prev_next_post":"1","show_popup_post":"1","number_popup_post":"1"}],"image_override":[{"single_post_thumbnail_size":"crop-500","single_post_gallery_size":"crop-500"}],"trending_post_position":"meta","trending_post_label":"Trending","sponsored_post_label":"Sponsored by","sponsored_post_name":"","sponsored_post_url":"","sponsored_post_logo":"","sponsored_post_desc":""},"jnews_primary_category":{"id":""},"jnews_social_meta":[],"jnews_review":[],"enable_review":"","type":"","name":"","summary":"","brand":"","sku":"","good":[],"bad":[],"score_override":"","override_value":"","rating":[],"price":[],"jnews_override_counter":[],"jnews_post_split":[],"footnotes":""},"categories":[20,12],"tags":[],"class_list":["post-29254","post","type-post","status-publish","format-standard","has-post-thumbnail","hentry","category-municipales","category-rio-cuarto"],"jetpack_featured_media_url":"https:\/\/atecordoba.org\/wp-content\/uploads\/2021\/12\/alcira-gigena_audiencia-paritaria-1.jpg","_links":{"self":[{"href":"https:\/\/atecordoba.org\/index.php?rest_route=\/wp\/v2\/posts\/29254","targetHints":{"allow":["GET"]}}],"collection":[{"href":"https:\/\/atecordoba.org\/index.php?rest_route=\/wp\/v2\/posts"}],"about":[{"href":"https:\/\/atecordoba.org\/index.php?rest_route=\/wp\/v2\/types\/post"}],"author":[{"embeddable":true,"href":"https:\/\/atecordoba.org\/index.php?rest_route=\/wp\/v2\/users\/7"}],"replies":[{"embeddable":true,"href":"https:\/\/atecordoba.org\/index.php?rest_route=%2Fwp%2Fv2%2Fcomments&post=29254"}],"version-history":[{"count":1,"href":"https:\/\/atecordoba.org\/index.php?rest_route=\/wp\/v2\/posts\/29254\/revisions"}],"predecessor-version":[{"id":29256,"href":"https:\/\/atecordoba.org\/index.php?rest_route=\/wp\/v2\/posts\/29254\/revisions\/29256"}],"wp:featuredmedia":[{"embeddable":true,"href":"https:\/\/atecordoba.org\/index.php?rest_route=\/wp\/v2\/media\/29258"}],"wp:attachment":[{"href":"https:\/\/atecordoba.org\/index.php?rest_route=%2Fwp%2Fv2%2Fmedia&parent=29254"}],"wp:term":[{"taxonomy":"category","embeddable":true,"href":"https:\/\/atecordoba.org\/index.php?rest_route=%2Fwp%2Fv2%2Fcategories&post=29254"},{"taxonomy":"post_tag","embeddable":true,"href":"https:\/\/atecordoba.org\/index.php?rest_route=%2Fwp%2Fv2%2Ftags&post=29254"}],"curies":[{"name":"wp","href":"https:\/\/api.w.org\/{rel}","templated":true}]}}