{"id":29244,"date":"2021-12-09T15:48:16","date_gmt":"2021-12-09T18:48:16","guid":{"rendered":"https:\/\/atecordoba.org\/?p=29244"},"modified":"2021-12-09T15:50:34","modified_gmt":"2021-12-09T18:50:34","slug":"deuda-el-credito-del-fmi-tuvo-una-motivacion-exclusivamente-politica-o-reelegia-macri-o-condicionaba-al-gobierno-siguiente","status":"publish","type":"post","link":"https:\/\/atecordoba.org\/?p=29244","title":{"rendered":"Deuda: &#8220;el cr\u00e9dito del FMI tuvo una motivaci\u00f3n exclusivamente pol\u00edtica: o reeleg\u00eda Macri o condicionaba al gobierno siguiente&#8221;"},"content":{"rendered":"\n<div class=\"wp-block-image\"><figure class=\"aligncenter size-large is-resized\"><img loading=\"lazy\" decoding=\"async\" src=\"https:\/\/atecordoba.org\/wp-content\/uploads\/2021\/12\/lopez-mieres-1.jpg\" alt=\"\" class=\"wp-image-29246\" width=\"768\" height=\"432\" \/><\/figure><\/div>\n\n\n\n<p>En <a href=\"https:\/\/ar.radiocut.fm\/audiocut\/alejandro-lopez-mieres-ipypp-sobre-coyuntura-economica-y-actualidad-deuda-externa-argentina\/\">una entrevista que concedi\u00f3 al programa radial Entre Todos y Todas<\/a>, que la Secretar\u00eda de Prensa de ATE C\u00f3rdoba emite cada martes en GEN FM 107.5, el experto en finanzas y mercados internacionales, Alejandro L\u00f3pez Mieres, integrante del Instituto de Pensamiento y Pol\u00edticas P\u00fablicas (IPyPP) que conduce el compa\u00f1ero Claudio Lozano, se refiri\u00f3 al acuerdo que el gobierno nacional busca concretar con el Fondo Monetario Internacional (FMI), ante la imposibilidad de cubrir los pagos del cr\u00e9dito que tom\u00f3 el ex Presidente Mauricio Macri en 2018.<\/p>\n\n\n\n<p>&#8220;Argentina se endeud\u00f3 a tasas prohibitivas, superando en 1300% su capacidad de endeudarse y concentrado el pago en dos a\u00f1os, porque hay que pagar casi la totalidad del cr\u00e9dito de 44 mil millones de d\u00f3lares entre 2022 y 2023&#8221;, explica L\u00f3pez Mieres. la definici\u00f3n es contundente y da marco a una conversaci\u00f3n donde se intenta llevar a las y los estatales un an\u00e1lisis sobre la magnitud de la hipoteca que el macrismo impuso al futuro nacional. <\/p>\n\n\n\n<p><strong>\u00bfQu\u00e9 mirada tiene sobre la negociaci\u00f3n que en este momento se lleva a cabo con el FMI?<\/strong><\/p>\n\n\n\n<p>-Actualmente hay una delegaci\u00f3n argentina encabezada por el viceministro de Econom\u00eda reunido con los equipos t\u00e9cnicos del FMI. Esta relaci\u00f3n simbi\u00f3tica que Argentina tiene con el organismo siempre fue en contra de los intereses populares, lo sabemos todos. Y nos sirve para poder entender esta \u00faltima oleada, en un contexto recesivo de tres a\u00f1os en el pa\u00eds, es decir, a partir del estallido del modelo macrista en marzo de 2018, que supuso un estancamiento econ\u00f3mico acompa\u00f1ado de una p\u00e9rdida del poder adquisitivo de los salarios formales del 25%, ni hablar del sector informal de la econom\u00eda.<\/p>\n\n\n\n<p>En ese marco, esta delegaci\u00f3n argentina que se encuentra en EEUU est\u00e1 intentando negociar las condiciones del pago del acuerdo de Macri con el FMI, que se puede analizar desde dimensiones distintas.<\/p>\n\n\n\n<p>Primero, su propia g\u00e9nesis. Por qu\u00e9 el FMI le dio 44mil millones de d\u00f3lares a la Argentina, que representaba m\u00e1s de 1300% de la cuota que nuestro pa\u00eds tiene como socio del organismo, en un plazo absolutamente impagable y en condiciones impagables tambi\u00e9n. Recordemos que la tasa de inter\u00e9s significa pagar el 4% anual cuando en general los pa\u00edses desarrollados pagan el 1%. La diferencia entre una cosa y la otra se entiende como \u2018sobretasa\u2019 y alcanza la enormidad de los 1200 millones de d\u00f3lares anuales.<\/p>\n\n\n\n<p>Adem\u00e1s, se est\u00e1 negociando lo absurdo porque Argentina accede a ese cr\u00e9dito como resultado de una motivaci\u00f3n pol\u00edtica, no econ\u00f3mica ni financiera: la posici\u00f3n del enclave argentino en Latinoam\u00e9rica como sat\u00e9lite de Trump (entonces Presidente de EEUU) inclu\u00eda sostener la reelecci\u00f3n de Macri, al mismo tiempo que allan\u00f3 el camino a los fondos financieros, despu\u00e9s del estallido de la econom\u00eda macrista, que quer\u00edan recuperar sus d\u00f3lares para irse del pa\u00eds despu\u00e9s de protagonizar la bicicleta financiera de la primera parte de ese gobierno. &nbsp;Hasta Macri lo cuenta cuando dice hace un par de semanas que se endeud\u00f3 para darle salida financiera a los bancos comerciales, que en realidad es a los clientes de los bancos que hab\u00eda timbeado.<\/p>\n\n\n\n<p><strong>O la reelecci\u00f3n de Macri o el condicionamiento del gobierno que siguiera\u2026<\/strong><\/p>\n\n\n\n<p>-No tengas la menor duda. Por eso pide reforma laboral, reforma impositiva, reforma previsional siempre en contra de los intereses populares. O lo instrumentaba Macri o disciplinaba al gobierno siguiente. Si se ve la l\u00ednea hist\u00f3rica, de Alfons\u00edn a la Alianza y lo que estamos sufriendo en este momento, con un gobierno de corte peronista pero que hereda una din\u00e1mica neoliberal, al igual que Alfons\u00edn recibe el legado de la dictadura y la Alianza compra el paquete de la convertibilidad y el endeudamiento noventista. En este momento, nosotros sufrimos un proceso similar, que est\u00e1 enmarcado en una cantidad de violaciones normativas internas y de la propia legislaci\u00f3n del fondo. &nbsp;La l\u00f3gica del pr\u00e9stamo ya ven\u00eda empapada de esa din\u00e1mica. Entonces, Argentina se endeud\u00f3 a tasas prohibitivas, superando en 1300% su capacidad de endeudarse y concentrado en pagarse en dos a\u00f1os, porque hay que pagar casi la totalidad del cr\u00e9dito entre 2022 y 2023. Por m\u00e1s que creci\u00e9ramos a tasas chinas el pr\u00e9stamo es impagable por eso este disciplinamiento al gobierno estaba pensado originariamente.<\/p>\n\n\n\n<p><strong>\u00bfPara que se us\u00f3 la plata?<\/strong><\/p>\n\n\n\n<p>-El argumento del macrismo es que se us\u00f3 para pagar deuda vieja y eso es una verdad parcial. Porque lo que no se dice es que a partir del acuerdo hubo un ajuste monstruoso en los ingresos, desde mayo\/junio de 2018, que gener\u00f3 menores importaciones por menor consumo y deriv\u00f3 en un saldo comercial cambiario muy importante y eso fue lo que se fug\u00f3. Es una cuesti\u00f3n central porque m\u00e1s all\u00e1 de los argumentos del macrismo el grueso del cr\u00e9dito se fug\u00f3, de hecho, en el mismo per\u00edodo en que ingresaron esos 44 mil millones de d\u00f3lares se fugaron 45 mil millones. Es parte del problema.<\/p>\n\n\n\n<p>Otro punto se refiere a qu\u00e9 es lo que se est\u00e1 negociando. En la \u00faltima semana hubo un gran debate sobre si se puede ir al default con el fondo. \u00bfArgentina puede darse la decisi\u00f3n de no pagarle al FMI? Una posici\u00f3n m\u00e1s prudente dice que si le debes al FMI, le deb\u00e9s al mundo y no hay antecedentes de default al fondo, mientas que eso significar\u00eda un efecto domin\u00f3 sobre otros financiamientos de otros organismos internacionales, no olvidemos que el presupuesto 2022 que present\u00f3 el ministro Guzm\u00e1n tiene por financiamiento 12 mil millones de d\u00f3lares que provienen del Banco Mundial y distintos gatillos internacionales. Por eso hay que mensurar los efectos de aquel acto de mayo de 2018.<\/p>\n\n\n\n<p> <\/p>\n","protected":false},"excerpt":{"rendered":"<p>En una entrevista que concedi\u00f3 al programa radial Entre Todos y Todas, que la Secretar\u00eda de Prensa de ATE C\u00f3rdoba emite cada martes en GEN FM 107.5, el experto en finanzas y mercados internacionales, Alejandro L\u00f3pez Mieres, integrante del Instituto de Pensamiento y Pol\u00edticas P\u00fablicas (IPyPP) que conduce el compa\u00f1ero Claudio Lozano, se refiri\u00f3 al [&hellip;]<\/p>\n","protected":false},"author":7,"featured_media":29246,"comment_status":"open","ping_status":"open","sticky":false,"template":"","format":"standard","meta":{"_exactmetrics_skip_tracking":false,"_exactmetrics_sitenote_active":false,"_exactmetrics_sitenote_note":"","_exactmetrics_sitenote_category":0,"jnews-multi-image_gallery":[],"jnews_single_post":{"subtitle":"El economista del IPPyP, L\u00f3pez Mieres, analiz\u00f3 que el cr\u00e9dito del FMI es impagable: \"hay que pagar casi la totalidad de los 44 mil millones de d\u00f3lares entre 2022 y 2023\u201d.","format":"standard","video":"","gallery":"","source_name":"","source_url":"","via_name":"","via_url":"","override":[{"template":"1","single_blog_custom":"","parallax":"1","fullscreen":"1","layout":"right-sidebar","sidebar":"default-sidebar","second_sidebar":"default-sidebar","sticky_sidebar":"1","share_position":"top","share_float_style":"share-monocrhome","show_share_counter":"1","show_view_counter":"1","show_featured":"1","show_post_meta":"1","show_post_author":"1","show_post_author_image":"1","show_post_date":"1","post_date_format":"default","post_date_format_custom":"Y\/m\/d","show_post_category":"1","post_reading_time_wpm":"300","zoom_button_out_step":"2","zoom_button_in_step":"3","show_post_tag":"1","show_prev_next_post":"1","show_popup_post":"1","number_popup_post":"1"}],"image_override":[{"single_post_thumbnail_size":"crop-500","single_post_gallery_size":"crop-500"}],"trending_post_position":"meta","trending_post_label":"Trending","sponsored_post_label":"Sponsored by","sponsored_post_name":"","sponsored_post_url":"","sponsored_post_logo":"","sponsored_post_desc":""},"jnews_primary_category":{"id":""},"jnews_social_meta":[],"jnews_review":[],"enable_review":"","type":"","name":"","summary":"","brand":"","sku":"","good":[],"bad":[],"score_override":"","override_value":"","rating":[],"price":[],"jnews_override_counter":[],"jnews_post_split":[],"footnotes":""},"categories":[10],"tags":[],"class_list":["post-29244","post","type-post","status-publish","format-standard","has-post-thumbnail","hentry","category-accion-politica"],"jetpack_featured_media_url":"https:\/\/atecordoba.org\/wp-content\/uploads\/2021\/12\/lopez-mieres-1-e1639075685765.jpg","_links":{"self":[{"href":"https:\/\/atecordoba.org\/index.php?rest_route=\/wp\/v2\/posts\/29244","targetHints":{"allow":["GET"]}}],"collection":[{"href":"https:\/\/atecordoba.org\/index.php?rest_route=\/wp\/v2\/posts"}],"about":[{"href":"https:\/\/atecordoba.org\/index.php?rest_route=\/wp\/v2\/types\/post"}],"author":[{"embeddable":true,"href":"https:\/\/atecordoba.org\/index.php?rest_route=\/wp\/v2\/users\/7"}],"replies":[{"embeddable":true,"href":"https:\/\/atecordoba.org\/index.php?rest_route=%2Fwp%2Fv2%2Fcomments&post=29244"}],"version-history":[{"count":3,"href":"https:\/\/atecordoba.org\/index.php?rest_route=\/wp\/v2\/posts\/29244\/revisions"}],"predecessor-version":[{"id":29249,"href":"https:\/\/atecordoba.org\/index.php?rest_route=\/wp\/v2\/posts\/29244\/revisions\/29249"}],"wp:featuredmedia":[{"embeddable":true,"href":"https:\/\/atecordoba.org\/index.php?rest_route=\/wp\/v2\/media\/29246"}],"wp:attachment":[{"href":"https:\/\/atecordoba.org\/index.php?rest_route=%2Fwp%2Fv2%2Fmedia&parent=29244"}],"wp:term":[{"taxonomy":"category","embeddable":true,"href":"https:\/\/atecordoba.org\/index.php?rest_route=%2Fwp%2Fv2%2Fcategories&post=29244"},{"taxonomy":"post_tag","embeddable":true,"href":"https:\/\/atecordoba.org\/index.php?rest_route=%2Fwp%2Fv2%2Ftags&post=29244"}],"curies":[{"name":"wp","href":"https:\/\/api.w.org\/{rel}","templated":true}]}}