{"id":29219,"date":"2021-12-06T15:53:09","date_gmt":"2021-12-06T18:53:09","guid":{"rendered":"https:\/\/atecordoba.org\/?p=29219"},"modified":"2021-12-06T15:56:36","modified_gmt":"2021-12-06T18:56:36","slug":"en-el-verano-segui-cuidandote-del-covid","status":"publish","type":"post","link":"https:\/\/atecordoba.org\/?p=29219","title":{"rendered":"En el verano, \u00a1segu\u00ed cuid\u00e1ndote del COVID!"},"content":{"rendered":"\n<figure class=\"wp-block-image size-large\"><img loading=\"lazy\" decoding=\"async\" width=\"1024\" height=\"362\" src=\"https:\/\/atecordoba.org\/wp-content\/uploads\/2021\/12\/Mesa-de-trabajo-8-100-1024x362.jpg\" alt=\"\" class=\"wp-image-29224\" srcset=\"https:\/\/atecordoba.org\/wp-content\/uploads\/2021\/12\/Mesa-de-trabajo-8-100-1024x362.jpg 1024w, https:\/\/atecordoba.org\/wp-content\/uploads\/2021\/12\/Mesa-de-trabajo-8-100-300x106.jpg 300w, https:\/\/atecordoba.org\/wp-content\/uploads\/2021\/12\/Mesa-de-trabajo-8-100-768x272.jpg 768w, https:\/\/atecordoba.org\/wp-content\/uploads\/2021\/12\/Mesa-de-trabajo-8-100-1536x544.jpg 1536w, https:\/\/atecordoba.org\/wp-content\/uploads\/2021\/12\/Mesa-de-trabajo-8-100-750x265.jpg 750w, https:\/\/atecordoba.org\/wp-content\/uploads\/2021\/12\/Mesa-de-trabajo-8-100-1140x403.jpg 1140w, https:\/\/atecordoba.org\/wp-content\/uploads\/2021\/12\/Mesa-de-trabajo-8-100.jpg 1684w\" sizes=\"auto, (max-width: 1024px) 100vw, 1024px\" \/><\/figure>\n\n\n\n<p>El Departamento de Salud Laboral, en conjunto con la Secretar\u00eda de Prensa y Comunicaci\u00f3n del Consejo Directivo Provincial de ATE C\u00f3rdoba, elaboraron este material de concientizaci\u00f3n para que disfrutemos nuestro merecido descanso con responsabilidad social.<br>En los lugares de descanso y en el trabajo tambi\u00e9n, \u00a1NOS SEGUIMOS CUIDANDO!<\/p>\n\n\n<a href=\"https:\/\/atecordoba.org\/wp-content\/uploads\/2021\/12\/6-12-Salud-laboral-triptico.pdf\" class=\"pdfemb-viewer\" style=\"\" data-width=\"max\" data-height=\"max\" data-toolbar=\"bottom\" data-toolbar-fixed=\"off\">6-12-Salud-laboral-triptico<\/a>\n<p class=\"wp-block-pdfemb-pdf-embedder-viewer\"><\/p>\n","protected":false},"excerpt":{"rendered":"<p>El Departamento de Salud Laboral, en conjunto con la Secretar\u00eda de Prensa y Comunicaci\u00f3n del Consejo Directivo Provincial de ATE C\u00f3rdoba, elaboraron este material de concientizaci\u00f3n para que disfrutemos nuestro merecido descanso con responsabilidad social.En los lugares de descanso y en el trabajo tambi\u00e9n, \u00a1NOS SEGUIMOS CUIDANDO!<\/p>\n","protected":false},"author":3,"featured_media":29223,"comment_status":"open","ping_status":"open","sticky":false,"template":"","format":"standard","meta":{"_exactmetrics_skip_tracking":false,"_exactmetrics_sitenote_active":false,"_exactmetrics_sitenote_note":"","_exactmetrics_sitenote_category":0,"jnews-multi-image_gallery":[],"jnews_single_post":{"subtitle":"El Departamento de Salud Laboral, en conjunto con la Secretar\u00eda de Prensa y Comunicaci\u00f3n del Consejo Directivo Provincial de ATE C\u00f3rdoba, elaboraron este material de concientizaci\u00f3n para que disfrutemos nuestro merecido descanso con responsabilidad social.","format":"standard","video":"","gallery":"","source_name":"","source_url":"","via_name":"","via_url":"","override":[{"template":"1","single_blog_custom":"","parallax":"1","fullscreen":"1","layout":"right-sidebar","sidebar":"default-sidebar","second_sidebar":"default-sidebar","sticky_sidebar":"1","share_position":"top","share_float_style":"share-monocrhome","show_share_counter":"1","show_view_counter":"1","show_featured":"1","show_post_meta":"1","show_post_author":"1","show_post_author_image":"1","show_post_date":"1","post_date_format":"default","post_date_format_custom":"Y\/m\/d","show_post_category":"1","post_reading_time_wpm":"300","zoom_button_out_step":"2","zoom_button_in_step":"3","show_post_tag":"1","show_prev_next_post":"1","show_popup_post":"1","number_popup_post":"1"}],"image_override":[{"single_post_thumbnail_size":"crop-500","single_post_gallery_size":"crop-500"}],"trending_post_position":"meta","trending_post_label":"Trending","sponsored_post_label":"Sponsored by","sponsored_post_name":"","sponsored_post_url":"","sponsored_post_logo":"","sponsored_post_desc":""},"jnews_primary_category":{"id":""},"jnews_social_meta":[],"jnews_review":[],"enable_review":"","type":"","name":"","summary":"","brand":"","sku":"","good":[],"bad":[],"score_override":"","override_value":"","rating":[],"price":[],"jnews_override_counter":[],"jnews_post_split":[],"footnotes":""},"categories":[341,104,400],"tags":[],"class_list":["post-29219","post","type-post","status-publish","format-standard","has-post-thumbnail","hentry","category-cdp","category-departamento-de-salud","category-estamentos"],"jetpack_featured_media_url":"https:\/\/atecordoba.org\/wp-content\/uploads\/2021\/12\/Portada_salud_laboral.jpg","_links":{"self":[{"href":"https:\/\/atecordoba.org\/index.php?rest_route=\/wp\/v2\/posts\/29219","targetHints":{"allow":["GET"]}}],"collection":[{"href":"https:\/\/atecordoba.org\/index.php?rest_route=\/wp\/v2\/posts"}],"about":[{"href":"https:\/\/atecordoba.org\/index.php?rest_route=\/wp\/v2\/types\/post"}],"author":[{"embeddable":true,"href":"https:\/\/atecordoba.org\/index.php?rest_route=\/wp\/v2\/users\/3"}],"replies":[{"embeddable":true,"href":"https:\/\/atecordoba.org\/index.php?rest_route=%2Fwp%2Fv2%2Fcomments&post=29219"}],"version-history":[{"count":2,"href":"https:\/\/atecordoba.org\/index.php?rest_route=\/wp\/v2\/posts\/29219\/revisions"}],"predecessor-version":[{"id":29225,"href":"https:\/\/atecordoba.org\/index.php?rest_route=\/wp\/v2\/posts\/29219\/revisions\/29225"}],"wp:featuredmedia":[{"embeddable":true,"href":"https:\/\/atecordoba.org\/index.php?rest_route=\/wp\/v2\/media\/29223"}],"wp:attachment":[{"href":"https:\/\/atecordoba.org\/index.php?rest_route=%2Fwp%2Fv2%2Fmedia&parent=29219"}],"wp:term":[{"taxonomy":"category","embeddable":true,"href":"https:\/\/atecordoba.org\/index.php?rest_route=%2Fwp%2Fv2%2Fcategories&post=29219"},{"taxonomy":"post_tag","embeddable":true,"href":"https:\/\/atecordoba.org\/index.php?rest_route=%2Fwp%2Fv2%2Ftags&post=29219"}],"curies":[{"name":"wp","href":"https:\/\/api.w.org\/{rel}","templated":true}]}}