{"id":29197,"date":"2021-12-06T10:27:17","date_gmt":"2021-12-06T13:27:17","guid":{"rendered":"https:\/\/atecordoba.org\/?p=29197"},"modified":"2021-12-06T10:30:07","modified_gmt":"2021-12-06T13:30:07","slug":"salud-mental-el-festival-de-abracadabra-se-muda-a-ate","status":"publish","type":"post","link":"https:\/\/atecordoba.org\/?p=29197","title":{"rendered":"Salud Mental: el 15\u00b0 Festival de Abracadabra se muda a ATE"},"content":{"rendered":"\n<div class=\"wp-block-image\"><figure class=\"aligncenter size-large is-resized\"><img loading=\"lazy\" decoding=\"async\" src=\"https:\/\/atecordoba.org\/wp-content\/uploads\/2021\/12\/7_12_Abracadabra_festival-1024x1024.jpg\" alt=\"\" class=\"wp-image-29199\" width=\"768\" height=\"768\" \/><\/figure><\/div>\n\n\n\n<p>Ma\u00f1ana 7 de diciembre, a las 19 horas, dar\u00e1 en inicio en la sede de ATE el Festival de Talleres Art\u00edsticos de Hospital Neuropsiqui\u00e1trico (HN) que organiza la Asociaci\u00f3n Abracadabra.<\/p>\n\n\n\n<p>De esta forma, Abracadabra celebra en ATE sus 15 a\u00f1os de vida promoviendo la conjunci\u00f3n entre la salud mental y las actividades art\u00edsticas. <\/p>\n\n\n\n<p>La celebraci\u00f3n se realizar\u00e1 junto a la correspondiente por los 12 a\u00f1os de La Chispa Radio (el taller perteneciente al \u00c1rea de Rehabilitaci\u00f3n del HN), los 10 a\u00f1os de los Pickles (Banda que naci\u00f3 en el taller de m\u00fasica del centro de salud) y la 9\u00b0 edici\u00f3n de la revista de Escritofr\u00e9nicxs, actividades surgidas a partir de la iniciativa del colectivo Abracadabra.<\/p>\n\n\n\n<div class=\"wp-block-image\"><figure class=\"aligncenter size-large is-resized\"><img loading=\"lazy\" decoding=\"async\" src=\"https:\/\/atecordoba.org\/wp-content\/uploads\/2021\/12\/mural-neuro-1024x687.jpg\" alt=\"\" class=\"wp-image-29198\" width=\"768\" height=\"515\" srcset=\"https:\/\/atecordoba.org\/wp-content\/uploads\/2021\/12\/mural-neuro-1024x687.jpg 1024w, https:\/\/atecordoba.org\/wp-content\/uploads\/2021\/12\/mural-neuro-300x201.jpg 300w, https:\/\/atecordoba.org\/wp-content\/uploads\/2021\/12\/mural-neuro-768x516.jpg 768w, https:\/\/atecordoba.org\/wp-content\/uploads\/2021\/12\/mural-neuro-750x503.jpg 750w, https:\/\/atecordoba.org\/wp-content\/uploads\/2021\/12\/mural-neuro.jpg 1086w\" sizes=\"auto, (max-width: 768px) 100vw, 768px\" \/><\/figure><\/div>\n\n\n\n<p>Este a\u00f1o el Festival convoca a partir del t\u00edtulo &#8220;\u00bfEstamos pintados?&#8221;, que hace directa referencia al blanqueo autoritario que las autoridades del salud mental de la provincia impusieron a buena parte de los murales que las y los propios pacientes del Hospital Neuropsiqui\u00e1trico realizaron en le centro de salud, tanto para registrar expresiones culturales como parte de su terapia de tratamiento psiqui\u00e1trico.<\/p>\n\n\n\n<p>&#8220;\u00bfEstamos pintados?&#8221; es una invitaci\u00f3n a la comunidad para festejar en ATE el compromiso por salud mental en C\u00f3rdoba, la aplicaci\u00f3n efectiva de la Ley de salud mental y el balance de la masiva movilizaci\u00f3n que se llev\u00f3 a cabo la semana pasada. La sede de ATE se encuentra en Ente R\u00edos 450. <\/p>\n","protected":false},"excerpt":{"rendered":"<p>Ma\u00f1ana 7 de diciembre, a las 19 horas, dar\u00e1 en inicio en la sede de ATE el Festival de Talleres Art\u00edsticos de Hospital Neuropsiqui\u00e1trico (HN) que organiza la Asociaci\u00f3n Abracadabra. De esta forma, Abracadabra celebra en ATE sus 15 a\u00f1os de vida promoviendo la conjunci\u00f3n entre la salud mental y las actividades art\u00edsticas. La celebraci\u00f3n [&hellip;]<\/p>\n","protected":false},"author":7,"featured_media":29199,"comment_status":"open","ping_status":"open","sticky":false,"template":"","format":"standard","meta":{"_exactmetrics_skip_tracking":false,"_exactmetrics_sitenote_active":false,"_exactmetrics_sitenote_note":"","_exactmetrics_sitenote_category":0,"jnews-multi-image_gallery":[],"jnews_single_post":{"subtitle":"En la oportunidad tambi\u00e9n se celebra 12 a\u00f1os del taller comunicacional La Chispa Radio, los 10 a\u00f1os de la banda musical Los Pickles y la 9\u00b0 edici\u00f3n de la revista de Escritofr\u00e9nicxs","format":"standard","video":"","gallery":"","source_name":"","source_url":"","via_name":"","via_url":"","override":[{"template":"1","single_blog_custom":"","parallax":"1","fullscreen":"1","layout":"right-sidebar","sidebar":"default-sidebar","second_sidebar":"default-sidebar","sticky_sidebar":"1","share_position":"top","share_float_style":"share-monocrhome","show_share_counter":"1","show_view_counter":"1","show_featured":"1","show_post_meta":"1","show_post_author":"1","show_post_author_image":"1","show_post_date":"1","post_date_format":"default","post_date_format_custom":"Y\/m\/d","show_post_category":"1","post_reading_time_wpm":"300","zoom_button_out_step":"2","zoom_button_in_step":"3","show_post_tag":"1","show_prev_next_post":"1","show_popup_post":"1","number_popup_post":"1"}],"image_override":[{"single_post_thumbnail_size":"crop-500","single_post_gallery_size":"crop-500"}],"trending_post_position":"meta","trending_post_label":"Trending","sponsored_post_label":"Sponsored by","sponsored_post_name":"","sponsored_post_url":"","sponsored_post_logo":"","sponsored_post_desc":""},"jnews_primary_category":{"id":""},"jnews_social_meta":[],"jnews_review":[],"enable_review":"","type":"","name":"","summary":"","brand":"","sku":"","good":[],"bad":[],"score_override":"","override_value":"","rating":[],"price":[],"jnews_override_counter":[],"jnews_post_split":[],"footnotes":""},"categories":[341],"tags":[],"class_list":["post-29197","post","type-post","status-publish","format-standard","has-post-thumbnail","hentry","category-cdp"],"jetpack_featured_media_url":"https:\/\/atecordoba.org\/wp-content\/uploads\/2021\/12\/7_12_Abracadabra_festival-e1638797218299.jpg","_links":{"self":[{"href":"https:\/\/atecordoba.org\/index.php?rest_route=\/wp\/v2\/posts\/29197","targetHints":{"allow":["GET"]}}],"collection":[{"href":"https:\/\/atecordoba.org\/index.php?rest_route=\/wp\/v2\/posts"}],"about":[{"href":"https:\/\/atecordoba.org\/index.php?rest_route=\/wp\/v2\/types\/post"}],"author":[{"embeddable":true,"href":"https:\/\/atecordoba.org\/index.php?rest_route=\/wp\/v2\/users\/7"}],"replies":[{"embeddable":true,"href":"https:\/\/atecordoba.org\/index.php?rest_route=%2Fwp%2Fv2%2Fcomments&post=29197"}],"version-history":[{"count":2,"href":"https:\/\/atecordoba.org\/index.php?rest_route=\/wp\/v2\/posts\/29197\/revisions"}],"predecessor-version":[{"id":29202,"href":"https:\/\/atecordoba.org\/index.php?rest_route=\/wp\/v2\/posts\/29197\/revisions\/29202"}],"wp:featuredmedia":[{"embeddable":true,"href":"https:\/\/atecordoba.org\/index.php?rest_route=\/wp\/v2\/media\/29199"}],"wp:attachment":[{"href":"https:\/\/atecordoba.org\/index.php?rest_route=%2Fwp%2Fv2%2Fmedia&parent=29197"}],"wp:term":[{"taxonomy":"category","embeddable":true,"href":"https:\/\/atecordoba.org\/index.php?rest_route=%2Fwp%2Fv2%2Fcategories&post=29197"},{"taxonomy":"post_tag","embeddable":true,"href":"https:\/\/atecordoba.org\/index.php?rest_route=%2Fwp%2Fv2%2Ftags&post=29197"}],"curies":[{"name":"wp","href":"https:\/\/api.w.org\/{rel}","templated":true}]}}