{"id":29186,"date":"2021-12-03T15:15:28","date_gmt":"2021-12-03T18:15:28","guid":{"rendered":"https:\/\/atecordoba.org\/?p=29186"},"modified":"2021-12-03T15:17:34","modified_gmt":"2021-12-03T18:17:34","slug":"daniel-yofra-y-el-debate-sobre-la-situacion-de-la-clase-hoy-70-de-los-trabajadores-no-superan-la-linea-de-la-pobreza","status":"publish","type":"post","link":"https:\/\/atecordoba.org\/?p=29186","title":{"rendered":"Daniel Yofra y el debate sobre la situaci\u00f3n de la clase hoy: &#8220;70% de los trabajadores no superan la l\u00ednea de la pobreza&#8221;"},"content":{"rendered":"\n<div class=\"wp-block-image\"><figure class=\"aligncenter size-large\"><img loading=\"lazy\" decoding=\"async\" width=\"1024\" height=\"683\" src=\"https:\/\/atecordoba.org\/wp-content\/uploads\/2021\/12\/yofra-1-1024x683.jpg\" alt=\"\" class=\"wp-image-29187\" \/><\/figure><\/div>\n\n\n\n<p>Tras las elecciones de noviembre se abre una etapa llena de interrogantes para la clase trabajadora, que ve c\u00f3mo los salarios siguen corriendo detr\u00e1s de la inflaci\u00f3n. En momentos que las organizaciones sindicales enfrentan cada d\u00eda el desaf\u00edo de mantener en pie la pelea por la dignidad de los salarios, bien vale apelar a los dirigentes que con experiencia y sabidur\u00eda han logrado los objetivos de mantener en pie las banderas hist\u00f3ricas del movimiento obrero.<\/p>\n\n\n\n<p>Tal es el caso del compa\u00f1ero Daniel Yofra, secretario General de la Federaci\u00f3n de Trabajadores del Complejo Industrial Oleaginoso, Desmotadores de Algod\u00f3n y Afines de la Rep\u00fablica Argentina, que <a href=\"https:\/\/ar.radiocut.fm\/audiocut\/actualidad-clase-trabajadora-entrevista-a-daniel-yofra-sec-gral-federacion-aceitera\/\">fue entrevistado por el programa radial Entre Todos y Todas<\/a>, que la secretaria de Prensa de ATE C\u00f3rdoba emite por la GEN FM 107.5%, para que d\u00e9 su punto de vista sobre la situaci\u00f3n que atravesamos.<\/p>\n\n\n\n<p>El rosarino es una de las expresiones cabales de la lucha que ha logrado arrancar a las patronales los aumentos salariales para cubrir la canasta familiar para sus afiliados. Consultado sobre su mirada de la etapa actual, Yofra dijo que &#8220;la situaci\u00f3n general es compleja, sobre todo para el 70% de la masa trabajadora que est\u00e1 ocupada y cobra menos de la l\u00ednea de la pobreza. A esa porci\u00f3n se suman los compa\u00f1eros trabajadores desocupados&#8221;. <\/p>\n\n\n\n<div class=\"wp-block-image\"><figure class=\"alignright size-large is-resized\"><img loading=\"lazy\" decoding=\"async\" src=\"https:\/\/atecordoba.org\/wp-content\/uploads\/2021\/12\/aceiteros1.jpg\" alt=\"\" class=\"wp-image-29188\" width=\"492\" height=\"328\" srcset=\"https:\/\/atecordoba.org\/wp-content\/uploads\/2021\/12\/aceiteros1.jpg 750w, https:\/\/atecordoba.org\/wp-content\/uploads\/2021\/12\/aceiteros1-300x200.jpg 300w\" sizes=\"auto, (max-width: 492px) 100vw, 492px\" \/><\/figure><\/div>\n\n\n\n<p>&#8220;Las dificultades se acrecientan en la medida que esa masa de poblaci\u00f3n de nuestro pa\u00eds viene postergada hace muchos a\u00f1os. Me parece que en ese sentido la pandemia lo \u00fanico que hizo, adem\u00e1s de maltratar nuestra salud, es desnudar todas las falencias que tenemos como sociedad, las miserias que tenemos en todos los \u00f3rdenes. Y los que est\u00e1n en situaci\u00f3n vulnerable quedaron peores&#8221;, denuncia.<\/p>\n\n\n\n<p>En tal sentido, para el dirigente &#8220;hay una clase pol\u00edtica -generalizo aunque hay algunos que se salvan de esta valoraci\u00f3n- que se olvid\u00f3 de esta situaci\u00f3n. Piensan que quedando bien con el sector m\u00e1s pudiente las cosas se van a solucionar o que el capitalismo puede llegar a armonizar, y le dan muchas m\u00e1s ventajas que a los trabajadores. El resultado fueron las elecciones, un 50% de trabajadores pobres, m\u00e1s del 40% desocupados. Es el resultado de no entender que hay que hacer una pol\u00edtica m\u00e1s equitativa y dura, independientemente que el sector que tiene que distribuir es el que m\u00e1s gan\u00f3 en nuestro pa\u00eds desde hace much\u00edsimos a\u00f1os&#8221;.<\/p>\n\n\n\n<p><strong>Salarios m\u00ednimos<\/strong><\/p>\n\n\n\n<p>Yofra bien sabe que los salarios dignos son la \u00fanica forma de revertir esa descripci\u00f3n de la realidad. En la Federaci\u00f3n de Aceiteros pusieron manos a la obra hace m\u00e1s de una d\u00e9cada con criterios firmes y referencias claras a la hora de sentarse a discutir con la patronal, conformada por las m\u00e1s poderosas corporaci\u00f3n transnacionales. &#8220;Ante el derecho a tener un salario digno, el valor de la fuerza de trabajo tiene que cubrir todos los requerimientos que establece la ley de contrato de trabajo, en su art\u00edculo 116, junto al art\u00edculo 14 Bis de la Constituci\u00f3n Nacional. Est\u00e1n muy claros y nosotros no inventamos nada. A cada informe del Indec nosotros lo contrastamos con los puntos del art\u00edculo 116 y eso da un valor, que hoy por caso est\u00e1 en 130 mil pesos. Pero es para todos los trabajadores, no solo para los aceiteros&#8221;. <\/p>\n\n\n\n<div class=\"wp-block-image\"><figure class=\"alignleft size-large is-resized\"><img loading=\"lazy\" decoding=\"async\" src=\"https:\/\/atecordoba.org\/wp-content\/uploads\/2021\/12\/yofra-3-1024x550.jpg\" alt=\"\" class=\"wp-image-29189\" width=\"512\" height=\"275\" srcset=\"https:\/\/atecordoba.org\/wp-content\/uploads\/2021\/12\/yofra-3-1024x550.jpg 1024w, https:\/\/atecordoba.org\/wp-content\/uploads\/2021\/12\/yofra-3-300x161.jpg 300w, https:\/\/atecordoba.org\/wp-content\/uploads\/2021\/12\/yofra-3-768x412.jpg 768w, https:\/\/atecordoba.org\/wp-content\/uploads\/2021\/12\/yofra-3-750x403.jpg 750w, https:\/\/atecordoba.org\/wp-content\/uploads\/2021\/12\/yofra-3-1140x612.jpg 1140w, https:\/\/atecordoba.org\/wp-content\/uploads\/2021\/12\/yofra-3.jpg 1200w\" sizes=\"auto, (max-width: 512px) 100vw, 512px\" \/><\/figure><\/div>\n\n\n\n<p>Yofra se queja de algunas cr\u00edticas y se\u00f1ala que &#8220;algunos menosprecian nuestras conquistas diciendo que los aceiteros tenemos la ventaja de tener los puertos y un sector que gana mucha plata porque es muy rentable. En parte es verdad, pero hay otra parte que no se cuenta. Hasta que empezamos a negociar paritarias en 2004 en el sindicato y que empezamos a influir en la Federaci\u00f3n en 2009, nosotros ten\u00edamos un salario de hambre. Reci\u00e9n en el 2004 negociamos por encima de la l\u00ednea de la pobreza, como si a plata de hoy gan\u00e1semos 50 mil pesos. Por eso hay que saber que no pasa solo por la posibilidad que tengan las empresas de pagar sino de la necesidad que tienen los trabajadores, la conciencia que podamos lograr y la fuerza que logremos juntar. Me parece que la lucha se basa en eso, si falta alguna de esas patas es dif\u00edcil&#8221;.<\/p>\n\n\n\n<p>Y apunt\u00f3: &#8220;hay muchos que le tienen miedo a la huelga, pero nosotros sin huelga no hubi\u00e9semos logrado nada. Y hoy la seguimos aplicando, el a\u00f1o pasado estuvimos 21 d\u00edas de paro, por eso decimos que no se trata de hacer una huelga buena y se termin\u00f3 el problema. La lucha de clases tiene m\u00e1s de 100 a\u00f1os y nosotros le vamos a dar continuidad mientras nos dejen, ese es el mejor legado que le podemos dejar a nuestros trabajadores y trabajadoras. No solo un salario que dignifique su vida, sino que sepan c\u00f3mo se consigue y por qu\u00e9 necesitamos salarios de esta caracter\u00edstica&#8221;.<\/p>\n\n\n\n<p><strong>Soberan\u00eda<\/strong><\/p>\n\n\n\n<p>Yofra tambi\u00e9n respondi\u00f3 sobre su mirada de las tensiones que arremolinan frente al debate de la soberan\u00eda nacional, el control de las exportaciones y las v\u00edas navegables del r\u00edo Paran\u00e1. <\/p>\n\n\n\n<p>el dirigente afirm\u00f3 que &#8220;para hablar de soberan\u00eda primero hay que recuperar el control, que ese entreg\u00f3 durante la \u00e9poca del menemismo y durante los siguientes gobiernos, cedi\u00e9ndolo a las multinacionales. El capitalismo transform\u00f3 la naturaleza en su beneficio y entonces si tienen que cambiar el curso de un r\u00edo lo hacen, si tienen que quemar una isla la queman, si tienen que trabajar con glifosato lo hacen sin importar las consecuencias en la viva de la poblaci\u00f3n, si tienen que hacer un monocultivo, como la soja, lo hacen, y obviamente no hay un control en general. Qu\u00e9 es lo que se vende, que es lo que se transporta&#8221;.<\/p>\n\n\n\n<div class=\"wp-block-image\"><figure class=\"aligncenter size-large is-resized\"><img loading=\"lazy\" decoding=\"async\" src=\"https:\/\/atecordoba.org\/wp-content\/uploads\/2021\/12\/aceiteros2.jpg\" alt=\"\" class=\"wp-image-29190\" width=\"617\" height=\"405\" srcset=\"https:\/\/atecordoba.org\/wp-content\/uploads\/2021\/12\/aceiteros2.jpg 823w, https:\/\/atecordoba.org\/wp-content\/uploads\/2021\/12\/aceiteros2-300x197.jpg 300w, https:\/\/atecordoba.org\/wp-content\/uploads\/2021\/12\/aceiteros2-768x504.jpg 768w, https:\/\/atecordoba.org\/wp-content\/uploads\/2021\/12\/aceiteros2-750x492.jpg 750w\" sizes=\"auto, (max-width: 617px) 100vw, 617px\" \/><\/figure><\/div>\n\n\n\n<p>Yofra cont\u00f3 en otro tramo de una charla que &#8220;nosotros denunciamos en 2004 la triangulaci\u00f3n que hac\u00eda la empresa Dreyfus, donde yo trabajaba, pero el gobierno, que era el mismo de ahora, reci\u00e9n levant\u00f3 esa denuncia en 2011 para presionar a la agroindustria. Despu\u00e9s nunca se sabe que ocurre, la estafa al Estado es permanente, la parte visible es Vicent\u00edn porque pidi\u00f3 un pr\u00e9stamo, no lo pag\u00f3 y solo hay imputados un grupo de directivos. Peor la estafa al Estado se produce en todos los niveles, por la falta de control: ni de la soja que entra y sale del pa\u00eds, ni los productos derivados de la soja&#8221;.<\/p>\n\n\n\n<p>Por eso el dirigente finaliz\u00f3 reflexionando que &#8220;ojal\u00e1 que podamos ser un pa\u00eds soberano y recuperemos la soberan\u00eda que tuvimos hace varias d\u00e9cadas atr\u00e1s, hasta ahora no se va logrando. El primer paso en falso de este gobierno fue Vicent\u00edn, aunque sabemos que hay otros gobiernos que ni siquiera lo intentan y que por el contrario dan todas las ventajas para que empresarios como Vicent\u00edn estafen al Estado y que no ocurra absolutamente nada. Este gobierno encar\u00f3 esa intervenci\u00f3n con mucha debilidad, desde mi punto de vista&#8221;.<\/p>\n\n\n\n<p><\/p>\n","protected":false},"excerpt":{"rendered":"<p>Tras las elecciones de noviembre se abre una etapa llena de interrogantes para la clase trabajadora, que ve c\u00f3mo los salarios siguen corriendo detr\u00e1s de la inflaci\u00f3n. En momentos que las organizaciones sindicales enfrentan cada d\u00eda el desaf\u00edo de mantener en pie la pelea por la dignidad de los salarios, bien vale apelar a los [&hellip;]<\/p>\n","protected":false},"author":7,"featured_media":29187,"comment_status":"open","ping_status":"open","sticky":false,"template":"","format":"standard","meta":{"_exactmetrics_skip_tracking":false,"_exactmetrics_sitenote_active":false,"_exactmetrics_sitenote_note":"","_exactmetrics_sitenote_category":0,"jnews-multi-image_gallery":[],"jnews_single_post":{"subtitle":"El secretario General de la Federaci\u00f3n de Trabajadores del Complejo Industrial Oleaginoso se expres\u00f3 sobre la situaci\u00f3n general, la lucha por un salario m\u00ednimo que cubra los requerimientos de la ley de contrato de trabajo y su enfoque sobre la defensa de la soberan\u00eda nacional. ","format":"standard","video":"","gallery":"","source_name":"","source_url":"","via_name":"","via_url":"","override":[{"template":"1","single_blog_custom":"","parallax":"1","fullscreen":"1","layout":"right-sidebar","sidebar":"default-sidebar","second_sidebar":"default-sidebar","sticky_sidebar":"1","share_position":"top","share_float_style":"share-monocrhome","show_share_counter":"1","show_view_counter":"1","show_featured":"1","show_post_meta":"1","show_post_author":"1","show_post_author_image":"1","show_post_date":"1","post_date_format":"default","post_date_format_custom":"Y\/m\/d","show_post_category":"1","post_reading_time_wpm":"300","zoom_button_out_step":"2","zoom_button_in_step":"3","show_post_tag":"1","show_prev_next_post":"1","show_popup_post":"1","number_popup_post":"1"}],"image_override":[{"single_post_thumbnail_size":"crop-500","single_post_gallery_size":"crop-500"}],"trending_post_position":"meta","trending_post_label":"Trending","sponsored_post_label":"Sponsored by","sponsored_post_name":"","sponsored_post_url":"","sponsored_post_logo":"","sponsored_post_desc":""},"jnews_primary_category":{"id":""},"jnews_social_meta":[],"jnews_review":[],"enable_review":"","type":"","name":"","summary":"","brand":"","sku":"","good":[],"bad":[],"score_override":"","override_value":"","rating":[],"price":[],"jnews_override_counter":[],"jnews_post_split":[],"footnotes":""},"categories":[10],"tags":[981],"class_list":["post-29186","post","type-post","status-publish","format-standard","has-post-thumbnail","hentry","category-accion-politica","tag-aceiteros"],"jetpack_featured_media_url":"https:\/\/atecordoba.org\/wp-content\/uploads\/2021\/12\/yofra-1-e1638555318412.jpg","_links":{"self":[{"href":"https:\/\/atecordoba.org\/index.php?rest_route=\/wp\/v2\/posts\/29186","targetHints":{"allow":["GET"]}}],"collection":[{"href":"https:\/\/atecordoba.org\/index.php?rest_route=\/wp\/v2\/posts"}],"about":[{"href":"https:\/\/atecordoba.org\/index.php?rest_route=\/wp\/v2\/types\/post"}],"author":[{"embeddable":true,"href":"https:\/\/atecordoba.org\/index.php?rest_route=\/wp\/v2\/users\/7"}],"replies":[{"embeddable":true,"href":"https:\/\/atecordoba.org\/index.php?rest_route=%2Fwp%2Fv2%2Fcomments&post=29186"}],"version-history":[{"count":1,"href":"https:\/\/atecordoba.org\/index.php?rest_route=\/wp\/v2\/posts\/29186\/revisions"}],"predecessor-version":[{"id":29191,"href":"https:\/\/atecordoba.org\/index.php?rest_route=\/wp\/v2\/posts\/29186\/revisions\/29191"}],"wp:featuredmedia":[{"embeddable":true,"href":"https:\/\/atecordoba.org\/index.php?rest_route=\/wp\/v2\/media\/29187"}],"wp:attachment":[{"href":"https:\/\/atecordoba.org\/index.php?rest_route=%2Fwp%2Fv2%2Fmedia&parent=29186"}],"wp:term":[{"taxonomy":"category","embeddable":true,"href":"https:\/\/atecordoba.org\/index.php?rest_route=%2Fwp%2Fv2%2Fcategories&post=29186"},{"taxonomy":"post_tag","embeddable":true,"href":"https:\/\/atecordoba.org\/index.php?rest_route=%2Fwp%2Fv2%2Ftags&post=29186"}],"curies":[{"name":"wp","href":"https:\/\/api.w.org\/{rel}","templated":true}]}}