{"id":29180,"date":"2021-12-03T12:56:12","date_gmt":"2021-12-03T15:56:12","guid":{"rendered":"https:\/\/atecordoba.org\/?p=29180"},"modified":"2021-12-03T14:25:05","modified_gmt":"2021-12-03T17:25:05","slug":"ate-convoca-a-elecciones-para-constituir-autoridades-en-la-nueva-seccional-san-justo-para-el-23-de-febrero","status":"publish","type":"post","link":"https:\/\/atecordoba.org\/?p=29180","title":{"rendered":"ATE convoca a elecciones para constituir autoridades en la nueva Seccional San Justo para el 23 de febrero"},"content":{"rendered":"\n<div class=\"wp-block-image\"><figure class=\"aligncenter size-large\"><img loading=\"lazy\" decoding=\"async\" width=\"589\" height=\"388\" src=\"https:\/\/atecordoba.org\/wp-content\/uploads\/2021\/12\/SanFrancisco.jpeg\" alt=\"\" class=\"wp-image-29181\" srcset=\"https:\/\/atecordoba.org\/wp-content\/uploads\/2021\/12\/SanFrancisco.jpeg 589w, https:\/\/atecordoba.org\/wp-content\/uploads\/2021\/12\/SanFrancisco-300x198.jpeg 300w\" sizes=\"auto, (max-width: 589px) 100vw, 589px\" \/><figcaption>Paredes, Lucero y Pawluchazk<\/figcaption><\/figure><\/div>\n\n\n\n<p>Tres d\u00e9cadas despu\u00e9s, ATE recupera la seccional San Francisco (ahora denominada San Justo en referencia al departamento provincial) en un acto cargado de simbolismo y que expresa el crecimiento organizativo de nuestra organizaci\u00f3n en el este cordob\u00e9s. <\/p>\n\n\n\n<p>El Consejo Directivo Nacional (CDN) oficializ\u00f3 la convocatoria estableciendo que la delegaci\u00f3n electoral se constituye en la sede del Consejo Directivo Provincial (CDP), Entre R\u00edos 450 de C\u00f3rdoba Capital. <\/p>\n\n\n\n<p>Para dar comienzo al tr\u00e1mite administrativo se hizo presente ayer el delegado normalizador de la seccional, Dar\u00edo Paredes, compa\u00f1ero que tiene a cargo un desarrollo muy contundente de ATE en la regi\u00f3n, haciendo hincapi\u00e9 en la afiliaci\u00f3n de las y los municipales de distintos localidades del Departamento San Justo. Tambi\u00e9n estuvo la compa\u00f1era Florencia Lucero. Ambos presentaron la lista de candidatos que participar\u00e1 en las elecciones, junto con la aceptaci\u00f3n de cargos (candidaturas) y las tutelas sindicales para ser presentadas en el CDN para ser oficializadas. <\/p>\n\n\n\n<div class=\"wp-block-image\"><figure class=\"aligncenter size-large\"><img loading=\"lazy\" decoding=\"async\" width=\"714\" height=\"1024\" src=\"https:\/\/atecordoba.org\/wp-content\/uploads\/2021\/12\/Llamado_San_Justo-1-714x1024.jpeg\" alt=\"\" class=\"wp-image-29182\"\/><\/figure><\/div>\n\n\n\n<p>En la oportunidad, fueron atendidos por el secretario Gremial del CDP, Daniel Pawluchuzk, junto a la trabajadora administrativa del sindicato, Betsab\u00e9 Albornoz, quienes recibieron la documentaci\u00f3n de parte de la comitiva del noreste cordob\u00e9s. <\/p>\n\n\n\n<p>De esta forma, recupera su vida institucional la vieja seccional San Francisco, cuya normalizaci\u00f3n debi\u00f3 realizarse hace tiempo, atento a la cantidad de afiliados de ATE en la regi\u00f3n, pero la pandemia interrumpi\u00f3 el proceso, no obstante lo cual es una de las seccionales que ha mostrado m\u00e1s intensa actividad los \u00faltimos dos a\u00f1os. <\/p>\n\n\n\n<p>La seccional ATE San Francisco qued\u00f3 desarticulada en la d\u00e9cada del &#8217;90 cuando la Direcci\u00f3n General de Fabricaciones Militares cerr\u00f3 la planta productiva que estaba en la ciudad, en el marco del programa de ajuste y destrucci\u00f3n de nuestro capital industrial que realiz\u00f3 el gobierno menemista. <\/p>\n\n\n\n<p>Ahora ATE vuelve con fuerza a liderar la lucha sindical en la regi\u00f3n. <\/p>\n","protected":false},"excerpt":{"rendered":"<p>Tres d\u00e9cadas despu\u00e9s, ATE recupera la seccional San Francisco (ahora denominada San Justo en referencia al departamento provincial) en un acto cargado de simbolismo y que expresa el crecimiento organizativo de nuestra organizaci\u00f3n en el este cordob\u00e9s. El Consejo Directivo Nacional (CDN) oficializ\u00f3 la convocatoria estableciendo que la delegaci\u00f3n electoral se constituye en la sede [&hellip;]<\/p>\n","protected":false},"author":7,"featured_media":29182,"comment_status":"open","ping_status":"open","sticky":false,"template":"","format":"standard","meta":{"_exactmetrics_skip_tracking":false,"_exactmetrics_sitenote_active":false,"_exactmetrics_sitenote_note":"","_exactmetrics_sitenote_category":0,"jnews-multi-image_gallery":[],"jnews_single_post":{"subtitle":"Ayer, el compa\u00f1ero Dar\u00edo Paredes y la compa\u00f1era Florencia Lucero presentaron la lista de candidatos para que sea oficializada en el Consejo Directivo Nacional.","format":"standard","video":"","gallery":"","source_name":"","source_url":"","via_name":"","via_url":"","override":[{"template":"1","single_blog_custom":"","parallax":"1","fullscreen":"1","layout":"right-sidebar","sidebar":"default-sidebar","second_sidebar":"default-sidebar","sticky_sidebar":"1","share_position":"top","share_float_style":"share-monocrhome","show_share_counter":"1","show_view_counter":"1","show_featured":"1","show_post_meta":"1","show_post_author":"1","show_post_author_image":"1","show_post_date":"1","post_date_format":"default","post_date_format_custom":"Y\/m\/d","show_post_category":"1","post_reading_time_wpm":"300","zoom_button_out_step":"2","zoom_button_in_step":"3","show_post_tag":"1","show_prev_next_post":"1","show_popup_post":"1","number_popup_post":"1"}],"image_override":[{"single_post_thumbnail_size":"crop-500","single_post_gallery_size":"crop-500"}],"trending_post_position":"meta","trending_post_label":"Trending","sponsored_post_label":"Sponsored by","sponsored_post_name":"","sponsored_post_url":"","sponsored_post_logo":"","sponsored_post_desc":""},"jnews_primary_category":{"id":""},"jnews_social_meta":[],"jnews_review":[],"enable_review":"","type":"","name":"","summary":"","brand":"","sku":"","good":[],"bad":[],"score_override":"","override_value":"","rating":[],"price":[],"jnews_override_counter":[],"jnews_post_split":[],"footnotes":""},"categories":[148],"tags":[47,443],"class_list":["post-29180","post","type-post","status-publish","format-standard","has-post-thumbnail","hentry","category-san-justo","tag-elecciones","tag-seccional"],"jetpack_featured_media_url":"https:\/\/atecordoba.org\/wp-content\/uploads\/2021\/12\/Llamado_San_Justo-1-e1638546941392.jpeg","_links":{"self":[{"href":"https:\/\/atecordoba.org\/index.php?rest_route=\/wp\/v2\/posts\/29180","targetHints":{"allow":["GET"]}}],"collection":[{"href":"https:\/\/atecordoba.org\/index.php?rest_route=\/wp\/v2\/posts"}],"about":[{"href":"https:\/\/atecordoba.org\/index.php?rest_route=\/wp\/v2\/types\/post"}],"author":[{"embeddable":true,"href":"https:\/\/atecordoba.org\/index.php?rest_route=\/wp\/v2\/users\/7"}],"replies":[{"embeddable":true,"href":"https:\/\/atecordoba.org\/index.php?rest_route=%2Fwp%2Fv2%2Fcomments&post=29180"}],"version-history":[{"count":2,"href":"https:\/\/atecordoba.org\/index.php?rest_route=\/wp\/v2\/posts\/29180\/revisions"}],"predecessor-version":[{"id":29185,"href":"https:\/\/atecordoba.org\/index.php?rest_route=\/wp\/v2\/posts\/29180\/revisions\/29185"}],"wp:featuredmedia":[{"embeddable":true,"href":"https:\/\/atecordoba.org\/index.php?rest_route=\/wp\/v2\/media\/29182"}],"wp:attachment":[{"href":"https:\/\/atecordoba.org\/index.php?rest_route=%2Fwp%2Fv2%2Fmedia&parent=29180"}],"wp:term":[{"taxonomy":"category","embeddable":true,"href":"https:\/\/atecordoba.org\/index.php?rest_route=%2Fwp%2Fv2%2Fcategories&post=29180"},{"taxonomy":"post_tag","embeddable":true,"href":"https:\/\/atecordoba.org\/index.php?rest_route=%2Fwp%2Fv2%2Ftags&post=29180"}],"curies":[{"name":"wp","href":"https:\/\/api.w.org\/{rel}","templated":true}]}}