{"id":2918,"date":"2013-06-26T18:07:45","date_gmt":"2013-06-26T21:07:45","guid":{"rendered":"http:\/\/www.atecordoba.org\/?p=2918"},"modified":"2013-06-26T18:07:45","modified_gmt":"2013-06-26T21:07:45","slug":"unc-repudio-pormaltrato-laboral-en-la-secretaria-de-asuntos-academicos","status":"publish","type":"post","link":"https:\/\/atecordoba.org\/?p=2918","title":{"rendered":"UNC: repudio por maltrato laboral en la Secretar\u00eda de Asuntos Acad\u00e9micos"},"content":{"rendered":"<p><em>Una trabajadora de la dependencia denunci\u00f3 que una autoridad la insult\u00f3, acus\u00e1ndola de \u2018robar \u00a0al Estado nacional\u2019 y comportarse como \u2018una negra no docente\u2019. Un ejemplo de maltrato que debe ser extirpado de la casa de altos estudios. ATE repudia a la funcionaria.<\/em><\/p>\n<p><span style=\"font-size: 13px;\">El episodio sucedi\u00f3 el 5 de junio cuando la compa\u00f1era afiliada de ATE, Susana Alb\u00f3, fue convocada por la subsecretaria de Posgrado, Ana Mar\u00eda Baruzzi, y recibi\u00f3 en el despacho de la funcionaria una serie de improperios que distan del trato normal que debe recibir cualquier trabajador de parte de las autoridades.<\/span><\/p>\n<p>Concretamente, Baruzzi trat\u00f3 a Alb\u00f3 de estar \u201crobando al Estado Nacional\u201d con el sueldo que cobra debido a que la compa\u00f1era se neg\u00f3 a presentar la renuncia hasta tanto no le salga aprobada su jubilaci\u00f3n, actualmente en tr\u00e1mite. Seguidamente, la misma funcionaria la trat\u00f3 \u00a0de \u201cnegra no docente\u201d, continuando con la escalda de agravios.<\/p>\n<p>Desde ATE repudiamos el maltrato recibido por la compa\u00f1era, situaci\u00f3n que no debe ser permitida por las autoridades, ya que constituye un claro caso de acoso laboral, o <em>mobbing<\/em>, que suele generar graves inconvenientes en la salud de los trabajadores.<\/p>\n<p>Insultar a una trabajadora porque no sale aun un tr\u00e1mite que escapa a su control evidencia la prepotencia de la funcionaria en cuesti\u00f3n, m\u00e1s all\u00e1 de la obviedad que de nunca se debe expresar en los t\u00e9rminos antes descriptos. \u00a0En ese sentido, es una incongruencia que el propio Estado le exija a uno de sus trabajadores la renuncia, por estar en condiciones de jubilarse, cuando es el mismo Estado el que demora el tr\u00e1mite previsional.<\/p>\n<p>En consecuencia, exigimos a las m\u00e1s altas autoridades de la UNC que arbitre las medidas necesarias para que los trabajadores no deban sufrir nuevos episodios de violencia laboral.<\/p>\n","protected":false},"excerpt":{"rendered":"<p>Una trabajadora de la dependencia denunci\u00f3 que una autoridad la insult\u00f3, acus\u00e1ndola de \u2018robar \u00a0al Estado nacional\u2019 y comportarse como \u2018una negra no docente\u2019. Un ejemplo de maltrato que debe ser extirpado de la casa de altos estudios. ATE repudia a la funcionaria. El episodio sucedi\u00f3 el 5 de junio cuando la compa\u00f1era afiliada de [&hellip;]<\/p>\n","protected":false},"author":1,"featured_media":19220,"comment_status":"open","ping_status":"open","sticky":false,"template":"","format":"standard","meta":{"_exactmetrics_skip_tracking":false,"_exactmetrics_sitenote_active":false,"_exactmetrics_sitenote_note":"","_exactmetrics_sitenote_category":0,"jnews-multi-image_gallery":[],"jnews_single_post":[],"jnews_primary_category":[],"jnews_social_meta":[],"jnews_review":[],"enable_review":"","type":"","name":"","summary":"","brand":"","sku":"","good":[],"bad":[],"score_override":"","override_value":"","rating":[],"price":[],"jnews_override_counter":[],"jnews_post_split":[],"footnotes":""},"categories":[53,18],"tags":[],"class_list":["post-2918","post","type-post","status-publish","format-standard","has-post-thumbnail","hentry","category-comunicados-de-prensa","category-nacionales"],"jetpack_featured_media_url":"https:\/\/atecordoba.org\/wp-content\/uploads\/2020\/05\/logo-nuevochico-e1561581322808.png","_links":{"self":[{"href":"https:\/\/atecordoba.org\/index.php?rest_route=\/wp\/v2\/posts\/2918","targetHints":{"allow":["GET"]}}],"collection":[{"href":"https:\/\/atecordoba.org\/index.php?rest_route=\/wp\/v2\/posts"}],"about":[{"href":"https:\/\/atecordoba.org\/index.php?rest_route=\/wp\/v2\/types\/post"}],"author":[{"embeddable":true,"href":"https:\/\/atecordoba.org\/index.php?rest_route=\/wp\/v2\/users\/1"}],"replies":[{"embeddable":true,"href":"https:\/\/atecordoba.org\/index.php?rest_route=%2Fwp%2Fv2%2Fcomments&post=2918"}],"version-history":[{"count":0,"href":"https:\/\/atecordoba.org\/index.php?rest_route=\/wp\/v2\/posts\/2918\/revisions"}],"wp:featuredmedia":[{"embeddable":true,"href":"https:\/\/atecordoba.org\/index.php?rest_route=\/wp\/v2\/media\/19220"}],"wp:attachment":[{"href":"https:\/\/atecordoba.org\/index.php?rest_route=%2Fwp%2Fv2%2Fmedia&parent=2918"}],"wp:term":[{"taxonomy":"category","embeddable":true,"href":"https:\/\/atecordoba.org\/index.php?rest_route=%2Fwp%2Fv2%2Fcategories&post=2918"},{"taxonomy":"post_tag","embeddable":true,"href":"https:\/\/atecordoba.org\/index.php?rest_route=%2Fwp%2Fv2%2Ftags&post=2918"}],"curies":[{"name":"wp","href":"https:\/\/api.w.org\/{rel}","templated":true}]}}