{"id":29163,"date":"2021-12-02T14:11:45","date_gmt":"2021-12-02T17:11:45","guid":{"rendered":"https:\/\/atecordoba.org\/?p=29163"},"modified":"2021-12-02T15:14:04","modified_gmt":"2021-12-02T18:14:04","slug":"la-fenat-hizo-su-balance-del-congreso-de-ctaa-cordoba","status":"publish","type":"post","link":"https:\/\/atecordoba.org\/?p=29163","title":{"rendered":"La FENAT hizo su balance del Congreso de CTAA C\u00f3rdoba"},"content":{"rendered":"\n<div class=\"wp-block-image\"><figure class=\"aligncenter size-large is-resized\"><img loading=\"lazy\" decoding=\"async\" src=\"https:\/\/atecordoba.org\/wp-content\/uploads\/2021\/12\/Alcoba_congreso-cta.jpg\" alt=\"\" class=\"wp-image-29164\" width=\"750\" height=\"441\"\/><figcaption>Silvia Alcoba (primera a la izquierda) durante el Congreso de la CTAA en representaci\u00f3n de la FENAT.<\/figcaption><\/figure><\/div>\n\n\n\n<p>La dirigente destac\u00f3 que estuvieron presentes las principales regionales de la central y delegaciones que se est\u00e1n formando. &#8220;Vinieron compa\u00f1eros de ATE, de Cispren, Satedeia, compa\u00f1eras de casas particulares y nuestro fuerte en toda la provincia que es la Fenat&#8221;. <\/p>\n\n\n\n<p>&#8220;Fueron tres horas de reencuentro despu\u00e9s de la pandemia, darnos el abrazo tan necesario, momentos en que la militancia va estrechando lazos para llevar propuestas al congreso nacional que se realizar\u00e1 el 18 de diciembre&#8221;, dijo Alcoba al programa radial Entre Todos y Todas, que la Secretaria de Prensa de ATE C\u00f3rdoba emite por GEN FM 107.5.<\/p>\n\n\n<p><iframe loading=\"lazy\" width=\"100%\" height=\"175px\" scrolling=\"no\" frameborder=\"no\" src=\"\/\/ar.radiocut.fm\/audiocut\/embed\/hori\/silvia-alcoba-coordinadora-fenat-prov-cordoba-sobre-congreso-provincial-militante-cta-a\/\" ><\/iframe><\/p>\n\n\n\n<p>Respecto a los temas tratados, Alcoba dio centralidad al &#8220;no pago de la deuda externa con el hambre del pueblo. Fue algo transversal que nos atraviesa a todos, tanto los sindicatos privados, como los estatales y la organizaci\u00f3n territorial, es nuestra bandera. Hoy est\u00e1n pidiendo m\u00e1s ajuste y eso no se puede permitir. Adem\u00e1s, es una deuda totalmente ilegal que se dio violando el propio reglamento del FMI. Que la paguen los picaros que la pidieron y despu\u00e9s la fugaron&#8221;, proclam\u00f3.<\/p>\n\n\n\n<p>La coordinadora de la Fenat detall\u00f3 que &#8220;otro reclamo transversal es que no haya despidos y mejoren los salarios. Las compa\u00f1eras del territorio reciben una paga miserable, somos parte de esa contenci\u00f3n donde el hambre corre por las barriadas que son una desolaci\u00f3n por la falta de trabajo. Si bien \u00faltimamente se reactiv\u00f3 algo en el comercio y la industria, en los barrios la situaci\u00f3n empeora, seguimos sin trabajo, con iguales ingresos o menos. Les pasa lo mismo a las trabajadoras de casas de familia, a las textiles. La inflaci\u00f3n ya super\u00f3 todas las paritarias y todo arreglo. Por eso tenemos que seguir saliendo a la calle para pedir que la deuda no se pague, por la democracia sindical&#8221;. <\/p>\n\n\n\n<figure class=\"wp-block-gallery columns-5 is-cropped wp-block-gallery-1 is-layout-flex wp-block-gallery-is-layout-flex\"><ul class=\"blocks-gallery-grid\"><li class=\"blocks-gallery-item\"><figure><a href=\"https:\/\/atecordoba.org\/wp-content\/uploads\/2021\/12\/1.jpeg\"><img loading=\"lazy\" decoding=\"async\" width=\"1000\" height=\"1000\" src=\"https:\/\/atecordoba.org\/wp-content\/uploads\/2021\/12\/1.jpeg\" alt=\"\" data-id=\"29169\" data-full-url=\"https:\/\/atecordoba.org\/wp-content\/uploads\/2021\/12\/1.jpeg\" data-link=\"https:\/\/atecordoba.org\/?attachment_id=29169\" class=\"wp-image-29169\" srcset=\"https:\/\/atecordoba.org\/wp-content\/uploads\/2021\/12\/1.jpeg 1000w, https:\/\/atecordoba.org\/wp-content\/uploads\/2021\/12\/1-300x300.jpeg 300w, https:\/\/atecordoba.org\/wp-content\/uploads\/2021\/12\/1-150x150.jpeg 150w, https:\/\/atecordoba.org\/wp-content\/uploads\/2021\/12\/1-768x768.jpeg 768w, https:\/\/atecordoba.org\/wp-content\/uploads\/2021\/12\/1-560x560.jpeg 560w, https:\/\/atecordoba.org\/wp-content\/uploads\/2021\/12\/1-75x75.jpeg 75w, https:\/\/atecordoba.org\/wp-content\/uploads\/2021\/12\/1-350x350.jpeg 350w, https:\/\/atecordoba.org\/wp-content\/uploads\/2021\/12\/1-750x750.jpeg 750w\" sizes=\"auto, (max-width: 1000px) 100vw, 1000px\" \/><\/a><\/figure><\/li><li class=\"blocks-gallery-item\"><figure><a href=\"https:\/\/atecordoba.org\/wp-content\/uploads\/2021\/12\/2.jpeg\"><img loading=\"lazy\" decoding=\"async\" width=\"1000\" height=\"1000\" src=\"https:\/\/atecordoba.org\/wp-content\/uploads\/2021\/12\/2.jpeg\" alt=\"\" data-id=\"29170\" data-full-url=\"https:\/\/atecordoba.org\/wp-content\/uploads\/2021\/12\/2.jpeg\" data-link=\"https:\/\/atecordoba.org\/?attachment_id=29170\" class=\"wp-image-29170\" srcset=\"https:\/\/atecordoba.org\/wp-content\/uploads\/2021\/12\/2.jpeg 1000w, https:\/\/atecordoba.org\/wp-content\/uploads\/2021\/12\/2-300x300.jpeg 300w, https:\/\/atecordoba.org\/wp-content\/uploads\/2021\/12\/2-150x150.jpeg 150w, https:\/\/atecordoba.org\/wp-content\/uploads\/2021\/12\/2-768x768.jpeg 768w, https:\/\/atecordoba.org\/wp-content\/uploads\/2021\/12\/2-560x560.jpeg 560w, https:\/\/atecordoba.org\/wp-content\/uploads\/2021\/12\/2-75x75.jpeg 75w, https:\/\/atecordoba.org\/wp-content\/uploads\/2021\/12\/2-350x350.jpeg 350w, https:\/\/atecordoba.org\/wp-content\/uploads\/2021\/12\/2-750x750.jpeg 750w\" sizes=\"auto, (max-width: 1000px) 100vw, 1000px\" \/><\/a><\/figure><\/li><li class=\"blocks-gallery-item\"><figure><a href=\"https:\/\/atecordoba.org\/wp-content\/uploads\/2021\/12\/3.jpeg\"><img loading=\"lazy\" decoding=\"async\" width=\"1000\" height=\"1000\" src=\"https:\/\/atecordoba.org\/wp-content\/uploads\/2021\/12\/3.jpeg\" alt=\"\" data-id=\"29171\" data-full-url=\"https:\/\/atecordoba.org\/wp-content\/uploads\/2021\/12\/3.jpeg\" data-link=\"https:\/\/atecordoba.org\/?attachment_id=29171\" class=\"wp-image-29171\" srcset=\"https:\/\/atecordoba.org\/wp-content\/uploads\/2021\/12\/3.jpeg 1000w, https:\/\/atecordoba.org\/wp-content\/uploads\/2021\/12\/3-300x300.jpeg 300w, https:\/\/atecordoba.org\/wp-content\/uploads\/2021\/12\/3-150x150.jpeg 150w, https:\/\/atecordoba.org\/wp-content\/uploads\/2021\/12\/3-768x768.jpeg 768w, https:\/\/atecordoba.org\/wp-content\/uploads\/2021\/12\/3-560x560.jpeg 560w, https:\/\/atecordoba.org\/wp-content\/uploads\/2021\/12\/3-75x75.jpeg 75w, https:\/\/atecordoba.org\/wp-content\/uploads\/2021\/12\/3-350x350.jpeg 350w, https:\/\/atecordoba.org\/wp-content\/uploads\/2021\/12\/3-750x750.jpeg 750w\" sizes=\"auto, (max-width: 1000px) 100vw, 1000px\" \/><\/a><\/figure><\/li><li class=\"blocks-gallery-item\"><figure><a href=\"https:\/\/atecordoba.org\/wp-content\/uploads\/2021\/12\/4.jpeg\"><img loading=\"lazy\" decoding=\"async\" width=\"1000\" height=\"1000\" src=\"https:\/\/atecordoba.org\/wp-content\/uploads\/2021\/12\/4.jpeg\" alt=\"\" data-id=\"29172\" data-full-url=\"https:\/\/atecordoba.org\/wp-content\/uploads\/2021\/12\/4.jpeg\" data-link=\"https:\/\/atecordoba.org\/?attachment_id=29172\" class=\"wp-image-29172\" srcset=\"https:\/\/atecordoba.org\/wp-content\/uploads\/2021\/12\/4.jpeg 1000w, https:\/\/atecordoba.org\/wp-content\/uploads\/2021\/12\/4-300x300.jpeg 300w, https:\/\/atecordoba.org\/wp-content\/uploads\/2021\/12\/4-150x150.jpeg 150w, https:\/\/atecordoba.org\/wp-content\/uploads\/2021\/12\/4-768x768.jpeg 768w, https:\/\/atecordoba.org\/wp-content\/uploads\/2021\/12\/4-560x560.jpeg 560w, https:\/\/atecordoba.org\/wp-content\/uploads\/2021\/12\/4-75x75.jpeg 75w, https:\/\/atecordoba.org\/wp-content\/uploads\/2021\/12\/4-350x350.jpeg 350w, https:\/\/atecordoba.org\/wp-content\/uploads\/2021\/12\/4-750x750.jpeg 750w\" sizes=\"auto, (max-width: 1000px) 100vw, 1000px\" \/><\/a><\/figure><\/li><li class=\"blocks-gallery-item\"><figure><a href=\"https:\/\/atecordoba.org\/wp-content\/uploads\/2021\/12\/5.jpeg\"><img loading=\"lazy\" decoding=\"async\" width=\"1000\" height=\"1000\" src=\"https:\/\/atecordoba.org\/wp-content\/uploads\/2021\/12\/5.jpeg\" alt=\"\" data-id=\"29173\" data-full-url=\"https:\/\/atecordoba.org\/wp-content\/uploads\/2021\/12\/5.jpeg\" data-link=\"https:\/\/atecordoba.org\/?attachment_id=29173\" class=\"wp-image-29173\" srcset=\"https:\/\/atecordoba.org\/wp-content\/uploads\/2021\/12\/5.jpeg 1000w, https:\/\/atecordoba.org\/wp-content\/uploads\/2021\/12\/5-300x300.jpeg 300w, https:\/\/atecordoba.org\/wp-content\/uploads\/2021\/12\/5-150x150.jpeg 150w, https:\/\/atecordoba.org\/wp-content\/uploads\/2021\/12\/5-768x768.jpeg 768w, https:\/\/atecordoba.org\/wp-content\/uploads\/2021\/12\/5-560x560.jpeg 560w, https:\/\/atecordoba.org\/wp-content\/uploads\/2021\/12\/5-75x75.jpeg 75w, https:\/\/atecordoba.org\/wp-content\/uploads\/2021\/12\/5-350x350.jpeg 350w, https:\/\/atecordoba.org\/wp-content\/uploads\/2021\/12\/5-750x750.jpeg 750w\" sizes=\"auto, (max-width: 1000px) 100vw, 1000px\" \/><\/a><\/figure><\/li><\/ul><\/figure>\n\n\n\n<p>&#8220;Todos los compa\u00f1eros y compa\u00f1eras hicieron su aporte al debate y fue muy lindo. Estos dos a\u00f1os crecimos en afiliaciones, crecimos en lucha, que afianzan a la Central, por eso la presencia de m\u00e1ximos dirigentes de la CTA es un reconocimiento a nuestro trabajo&#8221;, dijo en referencia a la presencia de Ricardo Peidr\u00f3, secretario General de la CTAA Nacional y Julio Fuentes, secretario General de la Confederaci\u00f3n Latinoamericana y del Caribe de Trabajadores Estatales (CLATE) .<\/p>\n\n\n\n<p>Por \u00faltimo, consultada sobre qu\u00e9 impresi\u00f3n tiene respecto al clima social de fin de a\u00f1o en la provincia, Alcoba se\u00f1al\u00f3 que  &#8220;diciembre es la \u00e9poca donde salen las necesidades y la bronca acumulada en todo el a\u00f1o. En este 2021 nos sentimos medio desbordados por no tener a mano un remedio que vayamos a utilizar para paliar la situaci\u00f3n. En ese marco, estamos en conversaciones con el intendente de rio cuarto, con el gobierno provincial para aliviar la tensi\u00f3n de los compa\u00f1eros. Esperemos que podamos brindar en paz, que cada compa\u00f1ero tenga algo para poder llevar a su mesa. Entendemos que el verano va a ser dif\u00edcil. Pero con la solidaridad de la gente y poni\u00e9ndole el pecho vamos a superar este momento. La central no va a abandonar la calle y nos vamos a hacer mucho m\u00e1s fuertes. Esperemos que no venga otra ola de Covid y que podamos darle dignidad a la gente&#8221;, concluy\u00f3.<\/p>\n\n\n<a href=\"https:\/\/atecordoba.org\/wp-content\/uploads\/2021\/12\/CONGRESO-DE-LA-MILITANCIA-DE-LA-CTAA-PROVINCIA-DE-CORDOBA-_JORGE-JULIO-LOPEZ_.pdf\" class=\"pdfemb-viewer\" style=\"\" data-width=\"max\" data-height=\"max\" data-toolbar=\"bottom\" data-toolbar-fixed=\"off\">CONGRESO-DE-LA-MILITANCIA-DE-LA-CTAA-PROVINCIA-DE-CORDOBA-_JORGE-JULIO-LOPEZ_<\/a>\n<p class=\"wp-block-pdfemb-pdf-embedder-viewer\"><\/p>\n","protected":false},"excerpt":{"rendered":"<p>La dirigente destac\u00f3 que estuvieron presentes las principales regionales de la central y delegaciones que se est\u00e1n formando. &#8220;Vinieron compa\u00f1eros de ATE, de Cispren, Satedeia, compa\u00f1eras de casas particulares y nuestro fuerte en toda la provincia que es la Fenat&#8221;. &#8220;Fueron tres horas de reencuentro despu\u00e9s de la pandemia, darnos el abrazo tan necesario, momentos [&hellip;]<\/p>\n","protected":false},"author":7,"featured_media":29167,"comment_status":"open","ping_status":"open","sticky":false,"template":"","format":"standard","meta":{"_exactmetrics_skip_tracking":false,"_exactmetrics_sitenote_active":false,"_exactmetrics_sitenote_note":"","_exactmetrics_sitenote_category":0,"jnews-multi-image_gallery":[],"jnews_single_post":{"subtitle":"La coordinadora provincial de la Federaci\u00f3n Nacional Territorial (FENAT-CTAA), Silvia Alcoba, hizo esta semana un balance de lo sucedido en el Congreso Provincial Militante de la CTA Aut\u00f3noma, que se realiz\u00f3 el viernes 26 de noviembre. ","format":"standard","video":"","gallery":"","source_name":"","source_url":"","via_name":"","via_url":"","override":[{"template":"1","single_blog_custom":"","parallax":"1","fullscreen":"1","layout":"right-sidebar","sidebar":"default-sidebar","second_sidebar":"default-sidebar","sticky_sidebar":"1","share_position":"top","share_float_style":"share-monocrhome","show_share_counter":"1","show_view_counter":"1","show_featured":"1","show_post_meta":"1","show_post_author":"1","show_post_author_image":"1","show_post_date":"1","post_date_format":"default","post_date_format_custom":"Y\/m\/d","show_post_category":"1","post_reading_time_wpm":"300","zoom_button_out_step":"2","zoom_button_in_step":"3","show_post_tag":"1","show_prev_next_post":"1","show_popup_post":"1","number_popup_post":"1"}],"image_override":[{"single_post_thumbnail_size":"crop-500","single_post_gallery_size":"crop-500"}],"trending_post_position":"meta","trending_post_label":"Trending","sponsored_post_label":"Sponsored by","sponsored_post_name":"","sponsored_post_url":"","sponsored_post_logo":"","sponsored_post_desc":""},"jnews_primary_category":{"id":""},"jnews_social_meta":[],"jnews_review":[],"enable_review":"","type":"","name":"","summary":"","brand":"","sku":"","good":[],"bad":[],"score_override":"","override_value":"","rating":[],"price":[],"jnews_override_counter":[],"jnews_post_split":[],"footnotes":""},"categories":[92],"tags":[979],"class_list":["post-29163","post","type-post","status-publish","format-standard","has-post-thumbnail","hentry","category-cta","tag-congreso-provincial-5-soles"],"jetpack_featured_media_url":"https:\/\/atecordoba.org\/wp-content\/uploads\/2021\/12\/Alcoba_congreso-cta-e1638465243281.png","_links":{"self":[{"href":"https:\/\/atecordoba.org\/index.php?rest_route=\/wp\/v2\/posts\/29163","targetHints":{"allow":["GET"]}}],"collection":[{"href":"https:\/\/atecordoba.org\/index.php?rest_route=\/wp\/v2\/posts"}],"about":[{"href":"https:\/\/atecordoba.org\/index.php?rest_route=\/wp\/v2\/types\/post"}],"author":[{"embeddable":true,"href":"https:\/\/atecordoba.org\/index.php?rest_route=\/wp\/v2\/users\/7"}],"replies":[{"embeddable":true,"href":"https:\/\/atecordoba.org\/index.php?rest_route=%2Fwp%2Fv2%2Fcomments&post=29163"}],"version-history":[{"count":3,"href":"https:\/\/atecordoba.org\/index.php?rest_route=\/wp\/v2\/posts\/29163\/revisions"}],"predecessor-version":[{"id":29177,"href":"https:\/\/atecordoba.org\/index.php?rest_route=\/wp\/v2\/posts\/29163\/revisions\/29177"}],"wp:featuredmedia":[{"embeddable":true,"href":"https:\/\/atecordoba.org\/index.php?rest_route=\/wp\/v2\/media\/29167"}],"wp:attachment":[{"href":"https:\/\/atecordoba.org\/index.php?rest_route=%2Fwp%2Fv2%2Fmedia&parent=29163"}],"wp:term":[{"taxonomy":"category","embeddable":true,"href":"https:\/\/atecordoba.org\/index.php?rest_route=%2Fwp%2Fv2%2Fcategories&post=29163"},{"taxonomy":"post_tag","embeddable":true,"href":"https:\/\/atecordoba.org\/index.php?rest_route=%2Fwp%2Fv2%2Ftags&post=29163"}],"curies":[{"name":"wp","href":"https:\/\/api.w.org\/{rel}","templated":true}]}}