{"id":29144,"date":"2021-12-01T15:42:30","date_gmt":"2021-12-01T18:42:30","guid":{"rendered":"https:\/\/atecordoba.org\/?p=29144"},"modified":"2021-12-03T09:26:55","modified_gmt":"2021-12-03T12:26:55","slug":"ate-conicet-reclamo-en-asamblea-un-bono-de-fin-de-ano-para-los-becarios","status":"publish","type":"post","link":"https:\/\/atecordoba.org\/?p=29144","title":{"rendered":"ATE Conicet  reclam\u00f3 en asamblea un bono de fin de a\u00f1o para los becarios"},"content":{"rendered":"\n<div class=\"wp-block-image\"><figure class=\"aligncenter size-large is-resized\"><img loading=\"lazy\" decoding=\"async\" src=\"https:\/\/atecordoba.org\/wp-content\/uploads\/2021\/12\/ASAMBLEA-CONICET-1024x664.jpg\" alt=\"\" class=\"wp-image-29145\" width=\"768\" height=\"498\" srcset=\"https:\/\/atecordoba.org\/wp-content\/uploads\/2021\/12\/ASAMBLEA-CONICET-1024x664.jpg 1024w, https:\/\/atecordoba.org\/wp-content\/uploads\/2021\/12\/ASAMBLEA-CONICET-300x195.jpg 300w, https:\/\/atecordoba.org\/wp-content\/uploads\/2021\/12\/ASAMBLEA-CONICET-768x498.jpg 768w, https:\/\/atecordoba.org\/wp-content\/uploads\/2021\/12\/ASAMBLEA-CONICET-750x486.jpg 750w, https:\/\/atecordoba.org\/wp-content\/uploads\/2021\/12\/ASAMBLEA-CONICET-1140x739.jpg 1140w, https:\/\/atecordoba.org\/wp-content\/uploads\/2021\/12\/ASAMBLEA-CONICET.jpg 1280w\" sizes=\"auto, (max-width: 768px) 100vw, 768px\" \/><\/figure><\/div>\n\n\n\n<p>En una asamblea llevada a cabo el pasado viernes 26 de noviembre, las y los trabajadores de Conicet C\u00f3rdoba abordaron la situaci\u00f3n que viven los becarios del organismo, que carecen de derecho laborales b\u00e1sicos como como el cobro del aguinaldo a fin de a\u00f1o, y reclamaron que el gobierno otorgue un bono adicional a sus salarios, a cobrar en diciembre. <\/p>\n\n\n\n<p>Al mismo tiempo, se trat\u00f3 la organizaci\u00f3n de la jornada lucha el pr\u00f3ximo 17 de diciembre promovida desde ATE, fecha en que est\u00e1 convocada la pr\u00f3xima mesa de negociaci\u00f3n entre los gremios con actuaci\u00f3n dentro del \u00e1mbito del Conicet y las autoridades del organismo. La asamblea de C\u00f3rdoba se resolvi\u00f3 concentrar a las y los compa\u00f1eros en las puertas del Centro Cient\u00edfico Tecnol\u00f3gico (CCT), ubicado en calle Buenos Aires 1418, para despu\u00e9s realizar una protesta en la Plaza Agust\u00edn Tosco (bv San Juan y av Velez Sarsfield).<\/p>\n\n\n\n<p>Para tratar la tem\u00e1tica, el programa radial Entre Todos y Todas, que la Secretaria de Prensa de ATE C\u00f3rdoba emite cada martes en GEN FM 107.5, entrevist\u00f3 la delegado de ATE Conicet Santiago Benitez para que explicara los alcances del reclamo. <\/p>\n\n\n\n<p>&#8220;El viernes pasado estaba convocada una mesa de relaciones laborales para tratar el tema de los becarios pero las autoridades la suspendieron el d\u00eda anterior, por eso hicimos la asamblea&#8221;, dijo Ben\u00edtez.<\/p>\n\n\n\n<p>El delegado prosigui\u00f3 afirmando que &#8220;el principal punto que se trat\u00f3 fue la situaci\u00f3n de los becarios, tal cual sucede cada fin de a\u00f1o. Al estar excluidos de los derechos laborales no cobran aguinaldo, por ejemplo. Dada situaci\u00f3n econ\u00f3mica vigente solicitamos que se les otorgue un bono de fin de a\u00f1o&#8221;.<\/p>\n\n\n\n<p>Ben\u00edtez se\u00f1al\u00f3 que los derechos que se fueron logrando &#8220;fueron b\u00e1sicamente producto de la lucha, el reconocimiento de los meses por maternidad, el pago de una obra social, todo fue un proceso de a\u00f1os y conflictos&#8221;.<\/p>\n\n\n\n<figure class=\"wp-block-gallery columns-3 is-cropped wp-block-gallery-1 is-layout-flex wp-block-gallery-is-layout-flex\"><ul class=\"blocks-gallery-grid\"><li class=\"blocks-gallery-item\"><figure><a href=\"https:\/\/atecordoba.org\/wp-content\/uploads\/2021\/12\/ASAMBLEA-CONICET3.jpg\"><img loading=\"lazy\" decoding=\"async\" width=\"1024\" height=\"473\" src=\"https:\/\/atecordoba.org\/wp-content\/uploads\/2021\/12\/ASAMBLEA-CONICET3-1024x473.jpg\" alt=\"\" data-id=\"29146\" data-full-url=\"https:\/\/atecordoba.org\/wp-content\/uploads\/2021\/12\/ASAMBLEA-CONICET3.jpg\" data-link=\"https:\/\/atecordoba.org\/?attachment_id=29146\" class=\"wp-image-29146\" srcset=\"https:\/\/atecordoba.org\/wp-content\/uploads\/2021\/12\/ASAMBLEA-CONICET3-1024x473.jpg 1024w, https:\/\/atecordoba.org\/wp-content\/uploads\/2021\/12\/ASAMBLEA-CONICET3-300x139.jpg 300w, https:\/\/atecordoba.org\/wp-content\/uploads\/2021\/12\/ASAMBLEA-CONICET3-768x355.jpg 768w, https:\/\/atecordoba.org\/wp-content\/uploads\/2021\/12\/ASAMBLEA-CONICET3-1536x710.jpg 1536w, https:\/\/atecordoba.org\/wp-content\/uploads\/2021\/12\/ASAMBLEA-CONICET3-750x346.jpg 750w, https:\/\/atecordoba.org\/wp-content\/uploads\/2021\/12\/ASAMBLEA-CONICET3-1140x527.jpg 1140w, https:\/\/atecordoba.org\/wp-content\/uploads\/2021\/12\/ASAMBLEA-CONICET3.jpg 2048w\" sizes=\"auto, (max-width: 1024px) 100vw, 1024px\" \/><\/a><\/figure><\/li><li class=\"blocks-gallery-item\"><figure><a href=\"https:\/\/atecordoba.org\/wp-content\/uploads\/2021\/12\/ASAMBLEA-CONICET4.jpg\"><img loading=\"lazy\" decoding=\"async\" width=\"1024\" height=\"473\" src=\"https:\/\/atecordoba.org\/wp-content\/uploads\/2021\/12\/ASAMBLEA-CONICET4-1024x473.jpg\" alt=\"\" data-id=\"29147\" data-full-url=\"https:\/\/atecordoba.org\/wp-content\/uploads\/2021\/12\/ASAMBLEA-CONICET4.jpg\" data-link=\"https:\/\/atecordoba.org\/?attachment_id=29147\" class=\"wp-image-29147\" srcset=\"https:\/\/atecordoba.org\/wp-content\/uploads\/2021\/12\/ASAMBLEA-CONICET4-1024x473.jpg 1024w, https:\/\/atecordoba.org\/wp-content\/uploads\/2021\/12\/ASAMBLEA-CONICET4-300x139.jpg 300w, https:\/\/atecordoba.org\/wp-content\/uploads\/2021\/12\/ASAMBLEA-CONICET4-768x355.jpg 768w, https:\/\/atecordoba.org\/wp-content\/uploads\/2021\/12\/ASAMBLEA-CONICET4-1536x710.jpg 1536w, https:\/\/atecordoba.org\/wp-content\/uploads\/2021\/12\/ASAMBLEA-CONICET4-750x346.jpg 750w, https:\/\/atecordoba.org\/wp-content\/uploads\/2021\/12\/ASAMBLEA-CONICET4-1140x527.jpg 1140w, https:\/\/atecordoba.org\/wp-content\/uploads\/2021\/12\/ASAMBLEA-CONICET4.jpg 2048w\" sizes=\"auto, (max-width: 1024px) 100vw, 1024px\" \/><\/a><\/figure><\/li><li class=\"blocks-gallery-item\"><figure><a href=\"https:\/\/atecordoba.org\/wp-content\/uploads\/2021\/12\/ASAMBLEA-CONICET2.jpg\"><img loading=\"lazy\" decoding=\"async\" width=\"1024\" height=\"473\" src=\"https:\/\/atecordoba.org\/wp-content\/uploads\/2021\/12\/ASAMBLEA-CONICET2-1024x473.jpg\" alt=\"\" data-id=\"29148\" data-full-url=\"https:\/\/atecordoba.org\/wp-content\/uploads\/2021\/12\/ASAMBLEA-CONICET2.jpg\" data-link=\"https:\/\/atecordoba.org\/?attachment_id=29148\" class=\"wp-image-29148\" srcset=\"https:\/\/atecordoba.org\/wp-content\/uploads\/2021\/12\/ASAMBLEA-CONICET2-1024x473.jpg 1024w, https:\/\/atecordoba.org\/wp-content\/uploads\/2021\/12\/ASAMBLEA-CONICET2-300x139.jpg 300w, https:\/\/atecordoba.org\/wp-content\/uploads\/2021\/12\/ASAMBLEA-CONICET2-768x355.jpg 768w, https:\/\/atecordoba.org\/wp-content\/uploads\/2021\/12\/ASAMBLEA-CONICET2-1536x710.jpg 1536w, https:\/\/atecordoba.org\/wp-content\/uploads\/2021\/12\/ASAMBLEA-CONICET2-750x346.jpg 750w, https:\/\/atecordoba.org\/wp-content\/uploads\/2021\/12\/ASAMBLEA-CONICET2-1140x527.jpg 1140w, https:\/\/atecordoba.org\/wp-content\/uploads\/2021\/12\/ASAMBLEA-CONICET2.jpg 2048w\" sizes=\"auto, (max-width: 1024px) 100vw, 1024px\" \/><\/a><\/figure><\/li><\/ul><\/figure>\n\n\n\n<p>&#8220;Los becarios tienen una situaci\u00f3n preocupante por el reclamo de un convenio colectivo que lleva a\u00f1os de espera y nunca comienza su tratamiento. las autoridades de Conicet dicen que no consideran necesario incluir a los becarios&#8221;, cuestion\u00f3 el delegado.<\/p>\n\n\n\n<p>En Conicet existen cuatro tipos de trabajadores:  las y los trabajadores que son personal de planta permanente, el personal que realizan tareas t\u00e9cnicas, de mantenimiento y apoyo, los becarios y el personal de gesti\u00f3n que se encarga el \u00e1rea administrativa y que se encuentran en el Sinep.<\/p>\n\n\n\n<p>Al referirse a las nuevas convocatorias a becas y pr\u00f3rrogas de las existentes debido a la pandemia, Ben\u00edtez dijo que &#8220;los condicionamientos que puso la pandemia la situaci\u00f3n afecta a todos, pero particularmente a los becarios que tienen un plazo determinado par su estado: cinco a\u00f1os para las becas doctorales y tres a\u00f1os para las pos doctorales. El problema es que muchas de las investigaciones dependen de ir a hacer trabajo de campo, de viajar, y estuvimos todo un a\u00f1o sin poder hacer actividades, los laboratorios estuvieron cerrados y en muchos casos destinados al trabajo pro el Covid, como el caos de los laboratorios moleculares&#8221;.<\/p>\n\n\n\n<p>Por eso justific\u00f3 una aplazamiento de la finalizaci\u00f3n de los programas ya que &#8220;en todo ese tiempo no se pudo plasmar el trabajo pr\u00e1ctico de los becarios y por eso se solicita que se prorroguen los plazos de las becas&#8221;.<\/p>\n\n\n\n<p>Los reclamos incluyen tambi\u00e9n una recomposici\u00f3n de los salarios por escalaf\u00f3n &#8220;que este a\u00f1o fueron muy bajos en relaci\u00f3n a la inflaci\u00f3n&#8221;, dijo el delegado. Adem\u00e1s relat\u00f3 que &#8220;se han aplazado los ascensos de los investigadores, que no solo son importantes por la carrera sino que tambi\u00e9n suponen un incremento salarial fundamental en esta \u00e9poca. Esta situaci\u00f3n es ins\u00f3lita atento a que el a\u00f1o pasado, en plena pandemia se ejecutaron los ascensos correspondientes y este a\u00f1o se dice que se prorrogan seis meses m\u00e1s&#8221;. <\/p>\n\n\n\n<p><\/p>\n","protected":false},"excerpt":{"rendered":"<p>En una asamblea llevada a cabo el pasado viernes 26 de noviembre, las y los trabajadores de Conicet C\u00f3rdoba abordaron la situaci\u00f3n que viven los becarios del organismo, que carecen de derecho laborales b\u00e1sicos como como el cobro del aguinaldo a fin de a\u00f1o, y reclamaron que el gobierno otorgue un bono adicional a sus [&hellip;]<\/p>\n","protected":false},"author":7,"featured_media":29149,"comment_status":"open","ping_status":"open","sticky":false,"template":"","format":"standard","meta":{"_exactmetrics_skip_tracking":false,"_exactmetrics_sitenote_active":false,"_exactmetrics_sitenote_note":"","_exactmetrics_sitenote_category":0,"jnews-multi-image_gallery":[],"jnews_single_post":{"subtitle":"Son trabajadores y trabajadoras que carecen de derechos laborales y, por ejemplo, no cobran aguinaldo. ","format":"standard","video":"","gallery":"","source_name":"","source_url":"","via_name":"","via_url":"","override":[{"template":"1","single_blog_custom":"","parallax":"1","fullscreen":"1","layout":"right-sidebar","sidebar":"default-sidebar","second_sidebar":"default-sidebar","sticky_sidebar":"1","share_position":"top","share_float_style":"share-monocrhome","show_share_counter":"1","show_view_counter":"1","show_featured":"1","show_post_meta":"1","show_post_author":"1","show_post_author_image":"1","show_post_date":"1","post_date_format":"default","post_date_format_custom":"Y\/m\/d","show_post_category":"1","post_reading_time_wpm":"300","zoom_button_out_step":"2","zoom_button_in_step":"3","show_post_tag":"1","show_prev_next_post":"1","show_popup_post":"1","number_popup_post":"1"}],"image_override":[{"single_post_thumbnail_size":"crop-500","single_post_gallery_size":"crop-500"}],"trending_post_position":"meta","trending_post_label":"Trending","sponsored_post_label":"Sponsored by","sponsored_post_name":"","sponsored_post_url":"","sponsored_post_logo":"","sponsored_post_desc":""},"jnews_primary_category":{"id":""},"jnews_social_meta":[],"jnews_review":[],"enable_review":"","type":"","name":"","summary":"","brand":"","sku":"","good":[],"bad":[],"score_override":"","override_value":"","rating":[],"price":[],"jnews_override_counter":[],"jnews_post_split":[],"footnotes":""},"categories":[18],"tags":[61],"class_list":["post-29144","post","type-post","status-publish","format-standard","has-post-thumbnail","hentry","category-nacionales","tag-conicet"],"jetpack_featured_media_url":"https:\/\/atecordoba.org\/wp-content\/uploads\/2021\/12\/ASAMBLEA-CONICET5-e1638384142280.jpg","_links":{"self":[{"href":"https:\/\/atecordoba.org\/index.php?rest_route=\/wp\/v2\/posts\/29144","targetHints":{"allow":["GET"]}}],"collection":[{"href":"https:\/\/atecordoba.org\/index.php?rest_route=\/wp\/v2\/posts"}],"about":[{"href":"https:\/\/atecordoba.org\/index.php?rest_route=\/wp\/v2\/types\/post"}],"author":[{"embeddable":true,"href":"https:\/\/atecordoba.org\/index.php?rest_route=\/wp\/v2\/users\/7"}],"replies":[{"embeddable":true,"href":"https:\/\/atecordoba.org\/index.php?rest_route=%2Fwp%2Fv2%2Fcomments&post=29144"}],"version-history":[{"count":2,"href":"https:\/\/atecordoba.org\/index.php?rest_route=\/wp\/v2\/posts\/29144\/revisions"}],"predecessor-version":[{"id":29179,"href":"https:\/\/atecordoba.org\/index.php?rest_route=\/wp\/v2\/posts\/29144\/revisions\/29179"}],"wp:featuredmedia":[{"embeddable":true,"href":"https:\/\/atecordoba.org\/index.php?rest_route=\/wp\/v2\/media\/29149"}],"wp:attachment":[{"href":"https:\/\/atecordoba.org\/index.php?rest_route=%2Fwp%2Fv2%2Fmedia&parent=29144"}],"wp:term":[{"taxonomy":"category","embeddable":true,"href":"https:\/\/atecordoba.org\/index.php?rest_route=%2Fwp%2Fv2%2Fcategories&post=29144"},{"taxonomy":"post_tag","embeddable":true,"href":"https:\/\/atecordoba.org\/index.php?rest_route=%2Fwp%2Fv2%2Ftags&post=29144"}],"curies":[{"name":"wp","href":"https:\/\/api.w.org\/{rel}","templated":true}]}}