{"id":29122,"date":"2021-11-30T15:06:43","date_gmt":"2021-11-30T18:06:43","guid":{"rendered":"https:\/\/atecordoba.org\/?p=29122"},"modified":"2021-11-30T16:03:03","modified_gmt":"2021-11-30T19:03:03","slug":"rio-cuarto-jornada-de-formacion-sobre-el-convenio-190-de-la-oit-en-el-ente-de-obras-publicas","status":"publish","type":"post","link":"https:\/\/atecordoba.org\/?p=29122","title":{"rendered":"R\u00edo Cuarto: jornada de formaci\u00f3n sobre el convenio 190 de la OIT en el Ente Municipal de Obras Sanitarias"},"content":{"rendered":"\n<div class=\"wp-block-image\"><figure class=\"aligncenter size-large is-resized\"><img loading=\"lazy\" decoding=\"async\" src=\"https:\/\/atecordoba.org\/wp-content\/uploads\/2021\/11\/IMG-20211129-WA0082-1024x591.jpg\" alt=\"\" class=\"wp-image-29123\" width=\"768\" height=\"443\"\/><\/figure><\/div>\n\n\n\n<p>En el marco del D\u00eda de la Erradicaci\u00f3n de la Violencia contra las Mujeres, celebrado el pasado 25 de noviembre, ayer se realiz\u00f3, a trav\u00e9s del Departamento de G\u00e9neros y Diversidades y la Secretaria de Prensa, una jornada de informaci\u00f3n y de formaci\u00f3n con las y los trabajadores del Ente de Obras Sanitarias de R\u00edo Cuarto.<\/p>\n\n\n\n<p>Junto a Gabriela Alcoba y Julia Giuliani, del Consejo Directivo Provincial y trabajadoras del organismo, participaron m\u00e1s de 35 personas, trabajando en relaci\u00f3n al convenio 190 de la OIT, ratificado por el Congreso Nacional.<\/p>\n\n\n\n<p>&#8220;La norma no solo habla de los hechos consumados de violencia y acoso en el mundo del trabajo, sino que plantea la cuesti\u00f3n preventiva, tanto en el Estado como en el sector privado, que deben tener pol\u00edticas claras al respecto y presupuesto correspondientes&#8221;, explic\u00f3 Giuliani.<\/p>\n\n\n\n<p>Adem\u00e1s, la dirigente afirm\u00f3 que &#8220;las violencias no solo est\u00e1n referidas a las ejercidas desde los niveles jer\u00e1rquicos sino tambi\u00e9n violencias transversales que existen cuando convivimos a diario en el mismo lugar. Destacamos el sentido integral e inclusivo, con perspectiva de g\u00e9nero, que tiene este convenio&#8221;.<\/p>\n\n\n\n<p>La actividad tuvo tambi\u00e9n un trabajo en cuatro grupos, con dos preguntas cada uno, en referencia a las situaciones de violencia existentes, &#8220;arribando a una serie de conclusiones y una agenda, que no solo vamos a compartir en cartelera para el resto de compa\u00f1eras y compa\u00f1eros que no pudieron participar, sino elev\u00e1ndolo tambi\u00e9n como un pliego hacia el directorio para empezar a tomar cartas en el asunto&#8221;, concluy\u00f3 Giuliani.<\/p>\n\n\n\n<p>Puede ser situaciones min\u00fasculas para algunos, pero para los que cotidianamente transitamos las oficinas son muy relevantes. &nbsp;<\/p>\n\n\n\n<p>Fue una jornada sumamente positiva, donde avanzamos esencialmente en la necesidad de escucharnos, de saber que nos est\u00e1 pasando.<\/p>\n\n\n\n<figure class=\"wp-block-gallery columns-3 is-cropped wp-block-gallery-1 is-layout-flex wp-block-gallery-is-layout-flex\"><ul class=\"blocks-gallery-grid\"><li class=\"blocks-gallery-item\"><figure><a href=\"https:\/\/atecordoba.org\/wp-content\/uploads\/2021\/11\/IMG-20211129-WA0080-rotated.jpeg\"><img loading=\"lazy\" decoding=\"async\" width=\"1024\" height=\"576\" src=\"https:\/\/atecordoba.org\/wp-content\/uploads\/2021\/11\/IMG-20211129-WA0080-1024x576.jpeg\" alt=\"\" data-id=\"29124\" data-full-url=\"https:\/\/atecordoba.org\/wp-content\/uploads\/2021\/11\/IMG-20211129-WA0080-rotated.jpeg\" data-link=\"https:\/\/atecordoba.org\/?attachment_id=29124\" class=\"wp-image-29124\" srcset=\"https:\/\/atecordoba.org\/wp-content\/uploads\/2021\/11\/IMG-20211129-WA0080-1024x576.jpeg 1024w, https:\/\/atecordoba.org\/wp-content\/uploads\/2021\/11\/IMG-20211129-WA0080-300x169.jpeg 300w, https:\/\/atecordoba.org\/wp-content\/uploads\/2021\/11\/IMG-20211129-WA0080-768x432.jpeg 768w, https:\/\/atecordoba.org\/wp-content\/uploads\/2021\/11\/IMG-20211129-WA0080-1536x864.jpeg 1536w, https:\/\/atecordoba.org\/wp-content\/uploads\/2021\/11\/IMG-20211129-WA0080-2048x1152.jpeg 2048w, https:\/\/atecordoba.org\/wp-content\/uploads\/2021\/11\/IMG-20211129-WA0080-750x422.jpeg 750w, https:\/\/atecordoba.org\/wp-content\/uploads\/2021\/11\/IMG-20211129-WA0080-1140x641.jpeg 1140w\" sizes=\"auto, (max-width: 1024px) 100vw, 1024px\" \/><\/a><\/figure><\/li><li class=\"blocks-gallery-item\"><figure><a href=\"https:\/\/atecordoba.org\/wp-content\/uploads\/2021\/11\/IMG-20211129-WA0083.jpg\"><img loading=\"lazy\" decoding=\"async\" width=\"1024\" height=\"577\" src=\"https:\/\/atecordoba.org\/wp-content\/uploads\/2021\/11\/IMG-20211129-WA0083-1024x577.jpg\" alt=\"\" data-id=\"29125\" data-full-url=\"https:\/\/atecordoba.org\/wp-content\/uploads\/2021\/11\/IMG-20211129-WA0083.jpg\" data-link=\"https:\/\/atecordoba.org\/?attachment_id=29125\" class=\"wp-image-29125\" srcset=\"https:\/\/atecordoba.org\/wp-content\/uploads\/2021\/11\/IMG-20211129-WA0083-1024x577.jpg 1024w, https:\/\/atecordoba.org\/wp-content\/uploads\/2021\/11\/IMG-20211129-WA0083-300x169.jpg 300w, https:\/\/atecordoba.org\/wp-content\/uploads\/2021\/11\/IMG-20211129-WA0083-768x432.jpg 768w, https:\/\/atecordoba.org\/wp-content\/uploads\/2021\/11\/IMG-20211129-WA0083-1536x865.jpg 1536w, https:\/\/atecordoba.org\/wp-content\/uploads\/2021\/11\/IMG-20211129-WA0083-750x422.jpg 750w, https:\/\/atecordoba.org\/wp-content\/uploads\/2021\/11\/IMG-20211129-WA0083-1140x642.jpg 1140w, https:\/\/atecordoba.org\/wp-content\/uploads\/2021\/11\/IMG-20211129-WA0083.jpg 1600w\" sizes=\"auto, (max-width: 1024px) 100vw, 1024px\" \/><\/a><\/figure><\/li><li class=\"blocks-gallery-item\"><figure><a href=\"https:\/\/atecordoba.org\/wp-content\/uploads\/2021\/11\/IMG-20211129-WA0084.jpg\"><img loading=\"lazy\" decoding=\"async\" width=\"1024\" height=\"577\" src=\"https:\/\/atecordoba.org\/wp-content\/uploads\/2021\/11\/IMG-20211129-WA0084-1024x577.jpg\" alt=\"\" data-id=\"29126\" data-full-url=\"https:\/\/atecordoba.org\/wp-content\/uploads\/2021\/11\/IMG-20211129-WA0084.jpg\" data-link=\"https:\/\/atecordoba.org\/?attachment_id=29126\" class=\"wp-image-29126\" srcset=\"https:\/\/atecordoba.org\/wp-content\/uploads\/2021\/11\/IMG-20211129-WA0084-1024x577.jpg 1024w, https:\/\/atecordoba.org\/wp-content\/uploads\/2021\/11\/IMG-20211129-WA0084-300x169.jpg 300w, https:\/\/atecordoba.org\/wp-content\/uploads\/2021\/11\/IMG-20211129-WA0084-768x432.jpg 768w, https:\/\/atecordoba.org\/wp-content\/uploads\/2021\/11\/IMG-20211129-WA0084-1536x865.jpg 1536w, https:\/\/atecordoba.org\/wp-content\/uploads\/2021\/11\/IMG-20211129-WA0084-750x422.jpg 750w, https:\/\/atecordoba.org\/wp-content\/uploads\/2021\/11\/IMG-20211129-WA0084-1140x642.jpg 1140w, https:\/\/atecordoba.org\/wp-content\/uploads\/2021\/11\/IMG-20211129-WA0084.jpg 1600w\" sizes=\"auto, (max-width: 1024px) 100vw, 1024px\" \/><\/a><\/figure><\/li><li class=\"blocks-gallery-item\"><figure><a href=\"https:\/\/atecordoba.org\/wp-content\/uploads\/2021\/11\/IMG-20211129-WA0085.jpg\"><img loading=\"lazy\" decoding=\"async\" width=\"1024\" height=\"577\" src=\"https:\/\/atecordoba.org\/wp-content\/uploads\/2021\/11\/IMG-20211129-WA0085-1024x577.jpg\" alt=\"\" data-id=\"29127\" data-full-url=\"https:\/\/atecordoba.org\/wp-content\/uploads\/2021\/11\/IMG-20211129-WA0085.jpg\" data-link=\"https:\/\/atecordoba.org\/?attachment_id=29127\" class=\"wp-image-29127\" srcset=\"https:\/\/atecordoba.org\/wp-content\/uploads\/2021\/11\/IMG-20211129-WA0085-1024x577.jpg 1024w, https:\/\/atecordoba.org\/wp-content\/uploads\/2021\/11\/IMG-20211129-WA0085-300x169.jpg 300w, https:\/\/atecordoba.org\/wp-content\/uploads\/2021\/11\/IMG-20211129-WA0085-768x432.jpg 768w, https:\/\/atecordoba.org\/wp-content\/uploads\/2021\/11\/IMG-20211129-WA0085-1536x865.jpg 1536w, https:\/\/atecordoba.org\/wp-content\/uploads\/2021\/11\/IMG-20211129-WA0085-750x422.jpg 750w, https:\/\/atecordoba.org\/wp-content\/uploads\/2021\/11\/IMG-20211129-WA0085-1140x642.jpg 1140w, https:\/\/atecordoba.org\/wp-content\/uploads\/2021\/11\/IMG-20211129-WA0085.jpg 1600w\" sizes=\"auto, (max-width: 1024px) 100vw, 1024px\" \/><\/a><\/figure><\/li><li class=\"blocks-gallery-item\"><figure><a href=\"https:\/\/atecordoba.org\/wp-content\/uploads\/2021\/11\/IMG_20211129_132735463_HDR.jpg\"><img loading=\"lazy\" decoding=\"async\" width=\"1024\" height=\"576\" src=\"https:\/\/atecordoba.org\/wp-content\/uploads\/2021\/11\/IMG_20211129_132735463_HDR-1024x576.jpg\" alt=\"\" data-id=\"29128\" data-full-url=\"https:\/\/atecordoba.org\/wp-content\/uploads\/2021\/11\/IMG_20211129_132735463_HDR.jpg\" data-link=\"https:\/\/atecordoba.org\/?attachment_id=29128\" class=\"wp-image-29128\" srcset=\"https:\/\/atecordoba.org\/wp-content\/uploads\/2021\/11\/IMG_20211129_132735463_HDR-1024x576.jpg 1024w, https:\/\/atecordoba.org\/wp-content\/uploads\/2021\/11\/IMG_20211129_132735463_HDR-300x169.jpg 300w, https:\/\/atecordoba.org\/wp-content\/uploads\/2021\/11\/IMG_20211129_132735463_HDR-768x432.jpg 768w, https:\/\/atecordoba.org\/wp-content\/uploads\/2021\/11\/IMG_20211129_132735463_HDR-1536x864.jpg 1536w, https:\/\/atecordoba.org\/wp-content\/uploads\/2021\/11\/IMG_20211129_132735463_HDR-2048x1152.jpg 2048w, https:\/\/atecordoba.org\/wp-content\/uploads\/2021\/11\/IMG_20211129_132735463_HDR-750x422.jpg 750w, https:\/\/atecordoba.org\/wp-content\/uploads\/2021\/11\/IMG_20211129_132735463_HDR-1140x641.jpg 1140w\" sizes=\"auto, (max-width: 1024px) 100vw, 1024px\" \/><\/a><\/figure><\/li><li class=\"blocks-gallery-item\"><figure><a href=\"https:\/\/atecordoba.org\/wp-content\/uploads\/2021\/11\/IMG_20211129_132749919.jpg\"><img loading=\"lazy\" decoding=\"async\" width=\"1024\" height=\"576\" src=\"https:\/\/atecordoba.org\/wp-content\/uploads\/2021\/11\/IMG_20211129_132749919-1024x576.jpg\" alt=\"\" data-id=\"29129\" data-full-url=\"https:\/\/atecordoba.org\/wp-content\/uploads\/2021\/11\/IMG_20211129_132749919.jpg\" data-link=\"https:\/\/atecordoba.org\/?attachment_id=29129\" class=\"wp-image-29129\" srcset=\"https:\/\/atecordoba.org\/wp-content\/uploads\/2021\/11\/IMG_20211129_132749919-1024x576.jpg 1024w, https:\/\/atecordoba.org\/wp-content\/uploads\/2021\/11\/IMG_20211129_132749919-300x169.jpg 300w, https:\/\/atecordoba.org\/wp-content\/uploads\/2021\/11\/IMG_20211129_132749919-768x432.jpg 768w, https:\/\/atecordoba.org\/wp-content\/uploads\/2021\/11\/IMG_20211129_132749919-1536x864.jpg 1536w, https:\/\/atecordoba.org\/wp-content\/uploads\/2021\/11\/IMG_20211129_132749919-2048x1152.jpg 2048w, https:\/\/atecordoba.org\/wp-content\/uploads\/2021\/11\/IMG_20211129_132749919-750x422.jpg 750w, https:\/\/atecordoba.org\/wp-content\/uploads\/2021\/11\/IMG_20211129_132749919-1140x641.jpg 1140w\" sizes=\"auto, (max-width: 1024px) 100vw, 1024px\" \/><\/a><\/figure><\/li><li class=\"blocks-gallery-item\"><figure><a href=\"https:\/\/atecordoba.org\/wp-content\/uploads\/2021\/11\/IMG_20211129_132759477.jpg\"><img loading=\"lazy\" decoding=\"async\" width=\"1024\" height=\"576\" src=\"https:\/\/atecordoba.org\/wp-content\/uploads\/2021\/11\/IMG_20211129_132759477-1024x576.jpg\" alt=\"\" data-id=\"29130\" data-full-url=\"https:\/\/atecordoba.org\/wp-content\/uploads\/2021\/11\/IMG_20211129_132759477.jpg\" data-link=\"https:\/\/atecordoba.org\/?attachment_id=29130\" class=\"wp-image-29130\" srcset=\"https:\/\/atecordoba.org\/wp-content\/uploads\/2021\/11\/IMG_20211129_132759477-1024x576.jpg 1024w, https:\/\/atecordoba.org\/wp-content\/uploads\/2021\/11\/IMG_20211129_132759477-300x169.jpg 300w, https:\/\/atecordoba.org\/wp-content\/uploads\/2021\/11\/IMG_20211129_132759477-768x432.jpg 768w, https:\/\/atecordoba.org\/wp-content\/uploads\/2021\/11\/IMG_20211129_132759477-1536x864.jpg 1536w, https:\/\/atecordoba.org\/wp-content\/uploads\/2021\/11\/IMG_20211129_132759477-2048x1152.jpg 2048w, https:\/\/atecordoba.org\/wp-content\/uploads\/2021\/11\/IMG_20211129_132759477-750x422.jpg 750w, https:\/\/atecordoba.org\/wp-content\/uploads\/2021\/11\/IMG_20211129_132759477-1140x641.jpg 1140w\" sizes=\"auto, (max-width: 1024px) 100vw, 1024px\" \/><\/a><\/figure><\/li><li class=\"blocks-gallery-item\"><figure><a href=\"https:\/\/atecordoba.org\/wp-content\/uploads\/2021\/11\/IMG_20211129_132805254.jpg\"><img loading=\"lazy\" decoding=\"async\" width=\"1024\" height=\"576\" src=\"https:\/\/atecordoba.org\/wp-content\/uploads\/2021\/11\/IMG_20211129_132805254-1024x576.jpg\" alt=\"\" data-id=\"29131\" data-full-url=\"https:\/\/atecordoba.org\/wp-content\/uploads\/2021\/11\/IMG_20211129_132805254.jpg\" data-link=\"https:\/\/atecordoba.org\/?attachment_id=29131\" class=\"wp-image-29131\" srcset=\"https:\/\/atecordoba.org\/wp-content\/uploads\/2021\/11\/IMG_20211129_132805254-1024x576.jpg 1024w, https:\/\/atecordoba.org\/wp-content\/uploads\/2021\/11\/IMG_20211129_132805254-300x169.jpg 300w, https:\/\/atecordoba.org\/wp-content\/uploads\/2021\/11\/IMG_20211129_132805254-768x432.jpg 768w, https:\/\/atecordoba.org\/wp-content\/uploads\/2021\/11\/IMG_20211129_132805254-1536x864.jpg 1536w, https:\/\/atecordoba.org\/wp-content\/uploads\/2021\/11\/IMG_20211129_132805254-2048x1152.jpg 2048w, https:\/\/atecordoba.org\/wp-content\/uploads\/2021\/11\/IMG_20211129_132805254-750x422.jpg 750w, https:\/\/atecordoba.org\/wp-content\/uploads\/2021\/11\/IMG_20211129_132805254-1140x641.jpg 1140w\" sizes=\"auto, (max-width: 1024px) 100vw, 1024px\" \/><\/a><\/figure><\/li><\/ul><\/figure>\n","protected":false},"excerpt":{"rendered":"<p>En el marco del D\u00eda de la Erradicaci\u00f3n de la Violencia contra las Mujeres, celebrado el pasado 25 de noviembre, ayer se realiz\u00f3, a trav\u00e9s del Departamento de G\u00e9neros y Diversidades y la Secretaria de Prensa, una jornada de informaci\u00f3n y de formaci\u00f3n con las y los trabajadores del Ente de Obras Sanitarias de R\u00edo [&hellip;]<\/p>\n","protected":false},"author":7,"featured_media":29123,"comment_status":"open","ping_status":"open","sticky":false,"template":"","format":"standard","meta":{"_exactmetrics_skip_tracking":false,"_exactmetrics_sitenote_active":false,"_exactmetrics_sitenote_note":"","_exactmetrics_sitenote_category":0,"jnews-multi-image_gallery":[],"jnews_single_post":{"subtitle":"Hubo importante participaci\u00f3n en la actividad desarrollada en el organismo de la ciudad del sur de la Provincia de C\u00f3rdoba.","format":"standard","video":"","gallery":"","source_name":"","source_url":"","via_name":"","via_url":"","override":[{"template":"1","single_blog_custom":"","parallax":"1","fullscreen":"1","layout":"right-sidebar","sidebar":"default-sidebar","second_sidebar":"default-sidebar","sticky_sidebar":"1","share_position":"top","share_float_style":"share-monocrhome","show_share_counter":"1","show_view_counter":"1","show_featured":"1","show_post_meta":"1","show_post_author":"1","show_post_author_image":"1","show_post_date":"1","post_date_format":"default","post_date_format_custom":"Y\/m\/d","show_post_category":"1","post_reading_time_wpm":"300","zoom_button_out_step":"2","zoom_button_in_step":"3","show_post_tag":"1","show_prev_next_post":"1","show_popup_post":"1","number_popup_post":"1"}],"image_override":[{"single_post_thumbnail_size":"crop-500","single_post_gallery_size":"crop-500"}],"trending_post_position":"meta","trending_post_label":"Trending","sponsored_post_label":"Sponsored by","sponsored_post_name":"","sponsored_post_url":"","sponsored_post_logo":"","sponsored_post_desc":""},"jnews_primary_category":{"id":""},"jnews_social_meta":[],"jnews_review":[],"enable_review":"","type":"","name":"","summary":"","brand":"","sku":"","good":[],"bad":[],"score_override":"","override_value":"","rating":[],"price":[],"jnews_override_counter":[],"jnews_post_split":[],"footnotes":""},"categories":[325,12],"tags":[690],"class_list":["post-29122","post","type-post","status-publish","format-standard","has-post-thumbnail","hentry","category-generos-y-diversidades","category-rio-cuarto","tag-convenio-190-oit"],"jetpack_featured_media_url":"https:\/\/atecordoba.org\/wp-content\/uploads\/2021\/11\/IMG-20211129-WA0082-e1638295592681.jpg","_links":{"self":[{"href":"https:\/\/atecordoba.org\/index.php?rest_route=\/wp\/v2\/posts\/29122","targetHints":{"allow":["GET"]}}],"collection":[{"href":"https:\/\/atecordoba.org\/index.php?rest_route=\/wp\/v2\/posts"}],"about":[{"href":"https:\/\/atecordoba.org\/index.php?rest_route=\/wp\/v2\/types\/post"}],"author":[{"embeddable":true,"href":"https:\/\/atecordoba.org\/index.php?rest_route=\/wp\/v2\/users\/7"}],"replies":[{"embeddable":true,"href":"https:\/\/atecordoba.org\/index.php?rest_route=%2Fwp%2Fv2%2Fcomments&post=29122"}],"version-history":[{"count":3,"href":"https:\/\/atecordoba.org\/index.php?rest_route=\/wp\/v2\/posts\/29122\/revisions"}],"predecessor-version":[{"id":29135,"href":"https:\/\/atecordoba.org\/index.php?rest_route=\/wp\/v2\/posts\/29122\/revisions\/29135"}],"wp:featuredmedia":[{"embeddable":true,"href":"https:\/\/atecordoba.org\/index.php?rest_route=\/wp\/v2\/media\/29123"}],"wp:attachment":[{"href":"https:\/\/atecordoba.org\/index.php?rest_route=%2Fwp%2Fv2%2Fmedia&parent=29122"}],"wp:term":[{"taxonomy":"category","embeddable":true,"href":"https:\/\/atecordoba.org\/index.php?rest_route=%2Fwp%2Fv2%2Fcategories&post=29122"},{"taxonomy":"post_tag","embeddable":true,"href":"https:\/\/atecordoba.org\/index.php?rest_route=%2Fwp%2Fv2%2Ftags&post=29122"}],"curies":[{"name":"wp","href":"https:\/\/api.w.org\/{rel}","templated":true}]}}