{"id":29107,"date":"2021-11-30T11:10:34","date_gmt":"2021-11-30T14:10:34","guid":{"rendered":"https:\/\/atecordoba.org\/?p=29107"},"modified":"2021-11-30T11:16:15","modified_gmt":"2021-11-30T14:16:15","slug":"ate-marcho-junto-a-una-multitud-por-la-plena-aplicacion-de-las-leyes-de-salud-mental-en-cordoba","status":"publish","type":"post","link":"https:\/\/atecordoba.org\/?p=29107","title":{"rendered":"ATE march\u00f3 junto a una multitud por la plena aplicaci\u00f3n de las leyes de Salud Mental en C\u00f3rdoba"},"content":{"rendered":"\n<div class=\"wp-block-image\"><figure class=\"aligncenter size-large is-resized\"><img loading=\"lazy\" decoding=\"async\" src=\"https:\/\/atecordoba.org\/wp-content\/uploads\/2021\/11\/262363378_2021945357963500_1999935434194759229_n-1024x768.jpg\" alt=\"\" class=\"wp-image-29108\" width=\"768\" height=\"576\" srcset=\"https:\/\/atecordoba.org\/wp-content\/uploads\/2021\/11\/262363378_2021945357963500_1999935434194759229_n-1024x768.jpg 1024w, https:\/\/atecordoba.org\/wp-content\/uploads\/2021\/11\/262363378_2021945357963500_1999935434194759229_n-300x225.jpg 300w, https:\/\/atecordoba.org\/wp-content\/uploads\/2021\/11\/262363378_2021945357963500_1999935434194759229_n-768x576.jpg 768w, https:\/\/atecordoba.org\/wp-content\/uploads\/2021\/11\/262363378_2021945357963500_1999935434194759229_n-1536x1152.jpg 1536w, https:\/\/atecordoba.org\/wp-content\/uploads\/2021\/11\/262363378_2021945357963500_1999935434194759229_n-750x563.jpg 750w, https:\/\/atecordoba.org\/wp-content\/uploads\/2021\/11\/262363378_2021945357963500_1999935434194759229_n-1140x855.jpg 1140w, https:\/\/atecordoba.org\/wp-content\/uploads\/2021\/11\/262363378_2021945357963500_1999935434194759229_n.jpg 2000w\" sizes=\"auto, (max-width: 768px) 100vw, 768px\" \/><\/figure><\/div>\n\n\n\n<p>Bajo la consigna \u201cTenemos ley, exigimos dignidad\u201d, se realiz\u00f3 ayer por la tarde la octava marcha por el derecho a la salud mental, una multitudinaria con centraci\u00f3n popular alrededor del colectivo organizador integrado por trabajadores del sector, profesionales, usuarios del sistema de salud mental de la provincia, familiares y organizaciones sociales y sindicatos, que vienen exigiendo hace a\u00f1os por la plena aplicaci\u00f3n de las leyes de salud mental en C\u00f3rdoba.<\/p>\n\n\n\n<p>ATE C\u00f3rdoba forma parte de la organizaci\u00f3n convocante y particip\u00f3 de la marcha en pleno centro de nuestra ciudad, sosteniendo que &#8220;tanto la normativa de salud mental nacional como la provincial no se cumplen\u201d. Por el Consejo Directivo Provincial (CDP) estuvieron presentes la secretaria de Prensa, Julia Giuliani, su par de Formaci\u00f3n, C\u00e9sar Theaux, junto a les delegades Celeste Martinez y Jos\u00e9 Pesuto y a compa\u00f1eras de salud mental del Hospital Regional de R\u00edo Cuarto.<\/p>\n\n\n\n<div class=\"wp-block-image\"><figure class=\"alignright size-large is-resized\"><img loading=\"lazy\" decoding=\"async\" src=\"https:\/\/atecordoba.org\/wp-content\/uploads\/2021\/11\/IMG-20211129-WA0180-1024x768.jpg\" alt=\"\" class=\"wp-image-29109\" width=\"512\" height=\"384\" srcset=\"https:\/\/atecordoba.org\/wp-content\/uploads\/2021\/11\/IMG-20211129-WA0180-1024x768.jpg 1024w, https:\/\/atecordoba.org\/wp-content\/uploads\/2021\/11\/IMG-20211129-WA0180-300x225.jpg 300w, https:\/\/atecordoba.org\/wp-content\/uploads\/2021\/11\/IMG-20211129-WA0180-768x576.jpg 768w, https:\/\/atecordoba.org\/wp-content\/uploads\/2021\/11\/IMG-20211129-WA0180-750x563.jpg 750w, https:\/\/atecordoba.org\/wp-content\/uploads\/2021\/11\/IMG-20211129-WA0180-1140x855.jpg 1140w, https:\/\/atecordoba.org\/wp-content\/uploads\/2021\/11\/IMG-20211129-WA0180.jpg 1440w\" sizes=\"auto, (max-width: 512px) 100vw, 512px\" \/><\/figure><\/div>\n\n\n\n<p class=\"has-text-align-left\">\u201cHace 11 a\u00f1os que tenemos la ley nacional y la ley provincial. La pregunta que nos hacemos es qu\u00e9 se implement\u00f3 en estos a\u00f1os, qu\u00e9 reformas hubo, por ejemplo, en el sistema de atenci\u00f3n en la provincia. Qu\u00e9 nuevos dispositivos comunitarios se abrieron y sostuvieron, qu\u00e9 pol\u00edticas se implementaron para la reparaci\u00f3n de las vidas arrasadas de personas que estuvieron y a\u00fan permanecen internadas y segregadas en hospitales neuropsiqui\u00e1tricos. Estas preguntas aparecen una y otra vez en los debates que llevamos adelante desde el Colectivo por el Derecho a la Salud Mental. La respuesta a estas y otras preguntas, son invariablemente negativas y muestran el panorama desolador de la salud mental en C\u00f3rdoba\u201d, afirm\u00f3 el documento conjunto que se ley\u00f3 en la plaza San Mart\u00edn, frente a la Catedral, que incluy\u00f3 la participaci\u00f3n de artistas y muchos apoyos de todos los \u00e1mbitos.<\/p>\n\n\n\n<p>El documento denunci\u00f3 ataques a la ley de salud mental desde distintos sectores reaaccionarios. \u201cDiferentes medios hegem\u00f3nicos y grupos corporativos atribuyen d\u00e9ficit a estos marcos normativos cuando, por el contrario, es su incumplimiento lo que genera los grav\u00edsimos problemas que estamos denunciando\u201d, sostuvieron. <\/p>\n\n\n\n<p>Y agregaron que \u201clas reformas que impone la ley no s\u00f3lo implican reconvertir las instituciones monovalentes, sino desplegar un abanico de pol\u00edticas integrales que van desde la apertura de dispositivos que sustituyan al manicomio, la integraci\u00f3n de la salud mental en el sistema general de salud, con \u00e9nfasis en el primer nivel de atenci\u00f3n, la implementaci\u00f3n de una pol\u00edtica de vivienda y apoyos, para que la alternativa a vivir en un hospital no sea vivir en la calle, y el acceso a derechos sociales como el trabajo, la educaci\u00f3n y la no discriminaci\u00f3n\u201d.<\/p>\n\n\n\n<p>Adem\u00e1s, los manifestantes denunciaron que durante la pandemia, desde el gobierno provincial de Juan Schiaretti se implementaron medidas \u201cen nombre de la ley, pero s\u00f3lo sirvieron para convalidar pol\u00edticas de ajuste\u201d.<\/p>\n\n\n\n<figure class=\"wp-block-gallery columns-3 is-cropped wp-block-gallery-1 is-layout-flex wp-block-gallery-is-layout-flex\"><ul class=\"blocks-gallery-grid\"><li class=\"blocks-gallery-item\"><figure><img loading=\"lazy\" decoding=\"async\" width=\"1024\" height=\"576\" src=\"https:\/\/atecordoba.org\/wp-content\/uploads\/2021\/11\/IMG_20211129_193435701-1024x576.jpg\" alt=\"\" data-id=\"29111\" data-full-url=\"https:\/\/atecordoba.org\/wp-content\/uploads\/2021\/11\/IMG_20211129_193435701-scaled.jpg\" data-link=\"https:\/\/atecordoba.org\/?attachment_id=29111\" class=\"wp-image-29111\" srcset=\"https:\/\/atecordoba.org\/wp-content\/uploads\/2021\/11\/IMG_20211129_193435701-1024x576.jpg 1024w, https:\/\/atecordoba.org\/wp-content\/uploads\/2021\/11\/IMG_20211129_193435701-300x169.jpg 300w, https:\/\/atecordoba.org\/wp-content\/uploads\/2021\/11\/IMG_20211129_193435701-768x432.jpg 768w, https:\/\/atecordoba.org\/wp-content\/uploads\/2021\/11\/IMG_20211129_193435701-1536x864.jpg 1536w, https:\/\/atecordoba.org\/wp-content\/uploads\/2021\/11\/IMG_20211129_193435701-2048x1152.jpg 2048w, https:\/\/atecordoba.org\/wp-content\/uploads\/2021\/11\/IMG_20211129_193435701-750x422.jpg 750w, https:\/\/atecordoba.org\/wp-content\/uploads\/2021\/11\/IMG_20211129_193435701-1140x641.jpg 1140w\" sizes=\"auto, (max-width: 1024px) 100vw, 1024px\" \/><\/figure><\/li><li class=\"blocks-gallery-item\"><figure><img loading=\"lazy\" decoding=\"async\" width=\"576\" height=\"1024\" src=\"https:\/\/atecordoba.org\/wp-content\/uploads\/2021\/11\/IMG_20211129_193532767-576x1024.jpg\" alt=\"\" data-id=\"29112\" data-full-url=\"https:\/\/atecordoba.org\/wp-content\/uploads\/2021\/11\/IMG_20211129_193532767-scaled.jpg\" data-link=\"https:\/\/atecordoba.org\/?attachment_id=29112\" class=\"wp-image-29112\" srcset=\"https:\/\/atecordoba.org\/wp-content\/uploads\/2021\/11\/IMG_20211129_193532767-576x1024.jpg 576w, https:\/\/atecordoba.org\/wp-content\/uploads\/2021\/11\/IMG_20211129_193532767-169x300.jpg 169w, https:\/\/atecordoba.org\/wp-content\/uploads\/2021\/11\/IMG_20211129_193532767-768x1365.jpg 768w, https:\/\/atecordoba.org\/wp-content\/uploads\/2021\/11\/IMG_20211129_193532767-864x1536.jpg 864w, https:\/\/atecordoba.org\/wp-content\/uploads\/2021\/11\/IMG_20211129_193532767-1152x2048.jpg 1152w, https:\/\/atecordoba.org\/wp-content\/uploads\/2021\/11\/IMG_20211129_193532767-750x1333.jpg 750w, https:\/\/atecordoba.org\/wp-content\/uploads\/2021\/11\/IMG_20211129_193532767-1140x2027.jpg 1140w, https:\/\/atecordoba.org\/wp-content\/uploads\/2021\/11\/IMG_20211129_193532767-scaled.jpg 1440w\" sizes=\"auto, (max-width: 576px) 100vw, 576px\" \/><\/figure><\/li><li class=\"blocks-gallery-item\"><figure><img loading=\"lazy\" decoding=\"async\" width=\"576\" height=\"1024\" src=\"https:\/\/atecordoba.org\/wp-content\/uploads\/2021\/11\/IMG_20211129_194304343-576x1024.jpg\" alt=\"\" data-id=\"29113\" data-full-url=\"https:\/\/atecordoba.org\/wp-content\/uploads\/2021\/11\/IMG_20211129_194304343-scaled.jpg\" data-link=\"https:\/\/atecordoba.org\/?attachment_id=29113\" class=\"wp-image-29113\" srcset=\"https:\/\/atecordoba.org\/wp-content\/uploads\/2021\/11\/IMG_20211129_194304343-576x1024.jpg 576w, https:\/\/atecordoba.org\/wp-content\/uploads\/2021\/11\/IMG_20211129_194304343-169x300.jpg 169w, https:\/\/atecordoba.org\/wp-content\/uploads\/2021\/11\/IMG_20211129_194304343-768x1365.jpg 768w, https:\/\/atecordoba.org\/wp-content\/uploads\/2021\/11\/IMG_20211129_194304343-864x1536.jpg 864w, https:\/\/atecordoba.org\/wp-content\/uploads\/2021\/11\/IMG_20211129_194304343-1152x2048.jpg 1152w, https:\/\/atecordoba.org\/wp-content\/uploads\/2021\/11\/IMG_20211129_194304343-750x1333.jpg 750w, https:\/\/atecordoba.org\/wp-content\/uploads\/2021\/11\/IMG_20211129_194304343-1140x2027.jpg 1140w, https:\/\/atecordoba.org\/wp-content\/uploads\/2021\/11\/IMG_20211129_194304343-scaled.jpg 1440w\" sizes=\"auto, (max-width: 576px) 100vw, 576px\" \/><\/figure><\/li><li class=\"blocks-gallery-item\"><figure><img loading=\"lazy\" decoding=\"async\" width=\"1024\" height=\"768\" src=\"https:\/\/atecordoba.org\/wp-content\/uploads\/2021\/11\/IMG-20211129-WA0176-1024x768.jpg\" alt=\"\" data-id=\"29114\" data-full-url=\"https:\/\/atecordoba.org\/wp-content\/uploads\/2021\/11\/IMG-20211129-WA0176.jpg\" data-link=\"https:\/\/atecordoba.org\/?attachment_id=29114\" class=\"wp-image-29114\" \/><\/figure><\/li><li class=\"blocks-gallery-item\"><figure><img loading=\"lazy\" decoding=\"async\" width=\"1024\" height=\"768\" src=\"https:\/\/atecordoba.org\/wp-content\/uploads\/2021\/11\/IMG-20211129-WA0181-1024x768.jpg\" alt=\"\" data-id=\"29115\" data-full-url=\"https:\/\/atecordoba.org\/wp-content\/uploads\/2021\/11\/IMG-20211129-WA0181.jpg\" data-link=\"https:\/\/atecordoba.org\/?attachment_id=29115\" class=\"wp-image-29115\" srcset=\"https:\/\/atecordoba.org\/wp-content\/uploads\/2021\/11\/IMG-20211129-WA0181-1024x768.jpg 1024w, https:\/\/atecordoba.org\/wp-content\/uploads\/2021\/11\/IMG-20211129-WA0181-300x225.jpg 300w, https:\/\/atecordoba.org\/wp-content\/uploads\/2021\/11\/IMG-20211129-WA0181-768x576.jpg 768w, https:\/\/atecordoba.org\/wp-content\/uploads\/2021\/11\/IMG-20211129-WA0181-750x563.jpg 750w, https:\/\/atecordoba.org\/wp-content\/uploads\/2021\/11\/IMG-20211129-WA0181-1140x855.jpg 1140w, https:\/\/atecordoba.org\/wp-content\/uploads\/2021\/11\/IMG-20211129-WA0181.jpg 1440w\" sizes=\"auto, (max-width: 1024px) 100vw, 1024px\" \/><\/figure><\/li><\/ul><\/figure>\n","protected":false},"excerpt":{"rendered":"<p>Bajo la consigna \u201cTenemos ley, exigimos dignidad\u201d, se realiz\u00f3 ayer por la tarde la octava marcha por el derecho a la salud mental, una multitudinaria con centraci\u00f3n popular alrededor del colectivo organizador integrado por trabajadores del sector, profesionales, usuarios del sistema de salud mental de la provincia, familiares y organizaciones sociales y sindicatos, que vienen [&hellip;]<\/p>\n","protected":false},"author":7,"featured_media":29114,"comment_status":"open","ping_status":"open","sticky":false,"template":"","format":"standard","meta":{"_exactmetrics_skip_tracking":false,"_exactmetrics_sitenote_active":false,"_exactmetrics_sitenote_note":"","_exactmetrics_sitenote_category":0,"jnews-multi-image_gallery":[],"jnews_single_post":{"subtitle":"En el acto se denunci\u00f3 que corporaciones y medios entorpecen la aplicaci\u00f3n de la normativa que beneficia a los usuarios del sistema. Y exigieron que termine el plan de ajuste de la Provincia en el \u00e1rea.","format":"standard","video":"","gallery":"","source_name":"","source_url":"","via_name":"","via_url":"","override":[{"template":"1","single_blog_custom":"","parallax":"1","fullscreen":"1","layout":"right-sidebar","sidebar":"default-sidebar","second_sidebar":"default-sidebar","sticky_sidebar":"1","share_position":"top","share_float_style":"share-monocrhome","show_share_counter":"1","show_view_counter":"1","show_featured":"1","show_post_meta":"1","show_post_author":"1","show_post_author_image":"1","show_post_date":"1","post_date_format":"default","post_date_format_custom":"Y\/m\/d","show_post_category":"1","post_reading_time_wpm":"300","zoom_button_out_step":"2","zoom_button_in_step":"3","show_post_tag":"1","show_prev_next_post":"1","show_popup_post":"1","number_popup_post":"1"}],"image_override":[{"single_post_thumbnail_size":"crop-500","single_post_gallery_size":"crop-500"}],"trending_post_position":"meta","trending_post_label":"Trending","sponsored_post_label":"Sponsored by","sponsored_post_name":"","sponsored_post_url":"","sponsored_post_logo":"","sponsored_post_desc":""},"jnews_primary_category":{"id":""},"jnews_social_meta":[],"jnews_review":[],"enable_review":"","type":"","name":"","summary":"","brand":"","sku":"","good":[],"bad":[],"score_override":"","override_value":"","rating":[],"price":[],"jnews_override_counter":[],"jnews_post_split":[],"footnotes":""},"categories":[8],"tags":[980],"class_list":["post-29107","post","type-post","status-publish","format-standard","has-post-thumbnail","hentry","category-provinciales","tag-8va-marcha-salud-mental"],"jetpack_featured_media_url":"https:\/\/atecordoba.org\/wp-content\/uploads\/2021\/11\/IMG-20211129-WA0176-e1638281424713.jpg","_links":{"self":[{"href":"https:\/\/atecordoba.org\/index.php?rest_route=\/wp\/v2\/posts\/29107","targetHints":{"allow":["GET"]}}],"collection":[{"href":"https:\/\/atecordoba.org\/index.php?rest_route=\/wp\/v2\/posts"}],"about":[{"href":"https:\/\/atecordoba.org\/index.php?rest_route=\/wp\/v2\/types\/post"}],"author":[{"embeddable":true,"href":"https:\/\/atecordoba.org\/index.php?rest_route=\/wp\/v2\/users\/7"}],"replies":[{"embeddable":true,"href":"https:\/\/atecordoba.org\/index.php?rest_route=%2Fwp%2Fv2%2Fcomments&post=29107"}],"version-history":[{"count":3,"href":"https:\/\/atecordoba.org\/index.php?rest_route=\/wp\/v2\/posts\/29107\/revisions"}],"predecessor-version":[{"id":29121,"href":"https:\/\/atecordoba.org\/index.php?rest_route=\/wp\/v2\/posts\/29107\/revisions\/29121"}],"wp:featuredmedia":[{"embeddable":true,"href":"https:\/\/atecordoba.org\/index.php?rest_route=\/wp\/v2\/media\/29114"}],"wp:attachment":[{"href":"https:\/\/atecordoba.org\/index.php?rest_route=%2Fwp%2Fv2%2Fmedia&parent=29107"}],"wp:term":[{"taxonomy":"category","embeddable":true,"href":"https:\/\/atecordoba.org\/index.php?rest_route=%2Fwp%2Fv2%2Fcategories&post=29107"},{"taxonomy":"post_tag","embeddable":true,"href":"https:\/\/atecordoba.org\/index.php?rest_route=%2Fwp%2Fv2%2Ftags&post=29107"}],"curies":[{"name":"wp","href":"https:\/\/api.w.org\/{rel}","templated":true}]}}