{"id":29099,"date":"2021-11-29T13:46:06","date_gmt":"2021-11-29T16:46:06","guid":{"rendered":"https:\/\/atecordoba.org\/?p=29099"},"modified":"2021-11-29T14:19:31","modified_gmt":"2021-11-29T17:19:31","slug":"convocaron-desde-ate-a-la-marcha-por-la-salud-mental","status":"publish","type":"post","link":"https:\/\/atecordoba.org\/?p=29099","title":{"rendered":"Convocaron a la 8va Marcha por la Salud Mental"},"content":{"rendered":"\n<div class=\"wp-block-image\"><figure class=\"aligncenter size-large is-resized\"><img loading=\"lazy\" decoding=\"async\" src=\"https:\/\/atecordoba.org\/wp-content\/uploads\/2021\/11\/IMG_20211129_115526-1024x576.jpg\" alt=\"\" class=\"wp-image-29101\" width=\"768\" height=\"432\"\/><\/figure><\/div>\n\n\n\n<p>El colectivo organizador de la 8\u00b0 Marcha por la Salud Mental realiz\u00f3 una conferencia de prensa esta ma\u00f1ana en la sede de ATE para adelantar los ejes de la protesta.<\/p>\n\n\n\n<p>La concentraci\u00f3n est\u00e1 convocada para las 17.30 en la intersecci\u00f3n de la avenida Col\u00f3n y Ca\u00f1ada, para posteriormente movilizarse por Col\u00f3n, avenida General Paz y 27 de abril, para finalizar en la explanada de la Catedral, en la Plaza San Mart\u00edn. <\/p>\n\n\n\n<p>En la rueda de periodistas estuvo la psic\u00f3loga Adriana Castillo, integrante del equipo profesional del Hospital Neuropsiqui\u00e1trico, junto a la delegada de ATE de la Casa de la Juventud, Celeste Mart\u00ednez y su par Jos\u00e9 Pesuto, acompa\u00f1ados por el psiquiatra Mart\u00edn Cagnani. <\/p>\n\n\n\n<p>Ante la consulta de la prensa, Castillo denunci\u00f3 &#8220;el acto vand\u00e1lico del Ministerio de salud&#8221; que blanque\u00f3 una serie de murales realizado por pacientes y artistas convocados en el Neuropsiqui\u00e1trico y los centros de salud colindantes porque &#8220;intenta borrar a\u00f1os de trabajo y las huellas de los profesionales, los pacientes y la comunidad. Intentan borrar subjetividades desde una l\u00f3gica arbitraria desconociendo la historia de la salud mental en C\u00f3rdoba&#8221;.<\/p>\n\n\n\n<p>La profesional se refiri\u00f3 al diagn\u00f3stico general sobre el esta del sistema de salud mental en la Provincia, asegurando que &#8220;exigimos la puesta en marcha de la ley para que se pueda efectivizar la transformaci\u00f3n del sistema como lo expresa la norma. Vamos a seguir dando voz a los que no pueden hablar&#8221;.<\/p>\n\n\n\n<p>Y denunci\u00f3 que el sistema de salud mental &#8220;est\u00e1 en un proceso de achique donde la accesibilidad a las prestaciones est\u00e1 muy limitada. Desde el a\u00f1o pasado est\u00e1n todos los turnos dados, por ejemplo&#8221;.<\/p>\n\n\n\n<p>Esta situaci\u00f3n es resultado de que &#8220;al cerrarse por la pandemia muchos dispositivos, hay un proceso de reca\u00edda de los cuadros, hay renuncias de muchos compa\u00f1eros de larga experiencia por las condiciones p\u00e9simas de trabajo, que no son reemplazados al igual que cuando se producen jubilaciones o fallecimientos. La red de salud mental est\u00e1 desarmada, se desmantelaron los equipos comunitarios y no hay turnos en los hospitales generales&#8221;.<\/p>\n\n\n\n<p>Para continuar afirmando que &#8220;la pol\u00edtica debiera ser trabajar en la comunidad, pero para ello necesitamos un presupuesto que no tenemos&#8221;.<\/p>\n\n\n\n<p>Por \u00faltimo, Castillo hizo referencia a Mari Murillo, paciente psiqui\u00e1trica que es presidenta del Consejo Consultivo de la aplicaci\u00f3n de la ley de Salud Mental. &#8220;Es una paciente cordobesa que nos genera mucho orgullo y forma parte de este colectivo organizador de la marcha, que trasciende los l\u00edmites provinciales&#8221;.<\/p>\n\n\n\n<p>A su turno, Celeste Mart\u00ednez, psic\u00f3loga y delegada de ATE destac\u00f3 que &#8220;como gremio tenemos la obligaci\u00f3n de que estar presente en esta octava marcha. Esperamos que mucha gente se sume porque la situaci\u00f3n del sistema de salud mental es cr\u00edtica&#8221;.<\/p>\n\n\n\n<p>La conferencia de prensa completa puede verse <a href=\"https:\/\/www.facebook.com\/atecba\/videos\/998191267573743\">ac\u00e1<\/a>. <\/p>\n\n\n\n<p><\/p>\n","protected":false},"excerpt":{"rendered":"<p>El colectivo organizador de la 8\u00b0 Marcha por la Salud Mental realiz\u00f3 una conferencia de prensa esta ma\u00f1ana en la sede de ATE para adelantar los ejes de la protesta. La concentraci\u00f3n est\u00e1 convocada para las 17.30 en la intersecci\u00f3n de la avenida Col\u00f3n y Ca\u00f1ada, para posteriormente movilizarse por Col\u00f3n, avenida General Paz y [&hellip;]<\/p>\n","protected":false},"author":7,"featured_media":29101,"comment_status":"open","ping_status":"open","sticky":false,"template":"","format":"standard","meta":{"_exactmetrics_skip_tracking":false,"_exactmetrics_sitenote_active":false,"_exactmetrics_sitenote_note":"","_exactmetrics_sitenote_category":0,"jnews-multi-image_gallery":[],"jnews_single_post":{"subtitle":"ATE C\u00f3rdoba se sumar\u00e1 a la manifestaci\u00f3n que partir\u00e1 desde Col\u00f3n y Ca\u00f1ada a las 17.30 horas, para finalizar en la Plaza San Mart\u00edn. La consigna este a\u00f1o es \"Tenemos Ley, Exigimos Dignidad\".","format":"standard","video":"","gallery":"","source_name":"","source_url":"","via_name":"","via_url":"","override":[{"template":"1","single_blog_custom":"","parallax":"1","fullscreen":"1","layout":"right-sidebar","sidebar":"default-sidebar","second_sidebar":"default-sidebar","sticky_sidebar":"1","share_position":"top","share_float_style":"share-monocrhome","show_share_counter":"1","show_view_counter":"1","show_featured":"1","show_post_meta":"1","show_post_author":"1","show_post_author_image":"1","show_post_date":"1","post_date_format":"default","post_date_format_custom":"Y\/m\/d","show_post_category":"1","post_reading_time_wpm":"300","zoom_button_out_step":"2","zoom_button_in_step":"3","show_post_tag":"1","show_prev_next_post":"1","show_popup_post":"1","number_popup_post":"1"}],"image_override":[{"single_post_thumbnail_size":"crop-500","single_post_gallery_size":"crop-500"}],"trending_post_position":"meta","trending_post_label":"Trending","sponsored_post_label":"Sponsored by","sponsored_post_name":"","sponsored_post_url":"","sponsored_post_logo":"","sponsored_post_desc":""},"jnews_primary_category":{"id":""},"jnews_social_meta":[],"jnews_review":[],"enable_review":"","type":"","name":"","summary":"","brand":"","sku":"","good":[],"bad":[],"score_override":"","override_value":"","rating":[],"price":[],"jnews_override_counter":[],"jnews_post_split":[],"footnotes":""},"categories":[8],"tags":[980],"class_list":["post-29099","post","type-post","status-publish","format-standard","has-post-thumbnail","hentry","category-provinciales","tag-8va-marcha-salud-mental"],"jetpack_featured_media_url":"https:\/\/atecordoba.org\/wp-content\/uploads\/2021\/11\/IMG_20211129_115526-scaled-e1638204356198.jpg","_links":{"self":[{"href":"https:\/\/atecordoba.org\/index.php?rest_route=\/wp\/v2\/posts\/29099","targetHints":{"allow":["GET"]}}],"collection":[{"href":"https:\/\/atecordoba.org\/index.php?rest_route=\/wp\/v2\/posts"}],"about":[{"href":"https:\/\/atecordoba.org\/index.php?rest_route=\/wp\/v2\/types\/post"}],"author":[{"embeddable":true,"href":"https:\/\/atecordoba.org\/index.php?rest_route=\/wp\/v2\/users\/7"}],"replies":[{"embeddable":true,"href":"https:\/\/atecordoba.org\/index.php?rest_route=%2Fwp%2Fv2%2Fcomments&post=29099"}],"version-history":[{"count":3,"href":"https:\/\/atecordoba.org\/index.php?rest_route=\/wp\/v2\/posts\/29099\/revisions"}],"predecessor-version":[{"id":29106,"href":"https:\/\/atecordoba.org\/index.php?rest_route=\/wp\/v2\/posts\/29099\/revisions\/29106"}],"wp:featuredmedia":[{"embeddable":true,"href":"https:\/\/atecordoba.org\/index.php?rest_route=\/wp\/v2\/media\/29101"}],"wp:attachment":[{"href":"https:\/\/atecordoba.org\/index.php?rest_route=%2Fwp%2Fv2%2Fmedia&parent=29099"}],"wp:term":[{"taxonomy":"category","embeddable":true,"href":"https:\/\/atecordoba.org\/index.php?rest_route=%2Fwp%2Fv2%2Fcategories&post=29099"},{"taxonomy":"post_tag","embeddable":true,"href":"https:\/\/atecordoba.org\/index.php?rest_route=%2Fwp%2Fv2%2Ftags&post=29099"}],"curies":[{"name":"wp","href":"https:\/\/api.w.org\/{rel}","templated":true}]}}