{"id":29086,"date":"2021-11-29T10:12:37","date_gmt":"2021-11-29T13:12:37","guid":{"rendered":"https:\/\/atecordoba.org\/?p=29086"},"modified":"2022-05-11T11:59:00","modified_gmt":"2022-05-11T14:59:00","slug":"congreso-provincial-de-la-cta-a-cordoba-nadie-nos-regalo-nada","status":"publish","type":"post","link":"https:\/\/atecordoba.org\/?p=29086","title":{"rendered":"Congreso Provincial de la CTA-A C\u00f3rdoba: Nadie nos regal\u00f3 nada"},"content":{"rendered":"\n<div class=\"wp-block-image\"><figure class=\"aligncenter size-large is-resized\"><img loading=\"lazy\" decoding=\"async\" src=\"https:\/\/atecordoba.org\/wp-content\/uploads\/2021\/11\/1.jpg\" alt=\"\" class=\"wp-image-29087\" width=\"720\" height=\"405\" srcset=\"https:\/\/atecordoba.org\/wp-content\/uploads\/2021\/11\/1.jpg 960w, https:\/\/atecordoba.org\/wp-content\/uploads\/2021\/11\/1-300x169.jpg 300w, https:\/\/atecordoba.org\/wp-content\/uploads\/2021\/11\/1-768x432.jpg 768w, https:\/\/atecordoba.org\/wp-content\/uploads\/2021\/11\/1-750x422.jpg 750w\" sizes=\"auto, (max-width: 720px) 100vw, 720px\" \/><\/figure><\/div>\n\n\n\n<p>La CTA Aut\u00f3noma Provincia de C\u00f3rdoba desarroll\u00f3 este s\u00e1bado un multitudinario Congreso de la Militancia camino al Congreso Nacional de la CTA-A el pr\u00f3ximo 18 de diciembre en la Ciudad Aut\u00f3noma de Buenos Aires.<\/p>\n\n\n\n<p>El Plenario realizado en Sal\u00f3n \u201cCinco Soles\u201d a las afueras de C\u00f3rdoba Capital cont\u00f3 con la participaci\u00f3n de trabajadoras y trabajadores de todos los rincones de la provincia, compa\u00f1eros y compa\u00f1eras de Bell Ville, R\u00edo Cuarto, Villa Mar\u00eda, Cruz del Eje, San Francisco, Traslasierra, Valle de Punilla y C\u00f3rdoba Capital.<\/p>\n\n\n\n<p>Ricardo Peidro, Secretario General de la CTA-A a nivel nacional y Julio Fuentes, Presidente de la Confederaci\u00f3n Latinoamericana y del Caribe de Trabajadores Estatales (CLATE), tambi\u00e9n dijeron presente.<\/p>\n\n\n\n<p>Participaron las unidades productivas, merenderos y comedores de la Federaci\u00f3n Nacional Territorial C\u00f3rdoba (FeNaT-CTA); Asociaci\u00f3n Trabajadores del Estado de C\u00f3rdoba (ATE); Sindicato de Trabajadores y Trabajadoras Sexuales (AMMAR C\u00f3rdoba); Sindicato Joven CIS-CTAA (Comercio, Industria y Servicios); C\u00edrculo Sindical de la Prensa y la Comunicaci\u00f3n de C\u00f3rdoba (Cispren); Comunidad Rural Arabela del Pueblo Naci\u00f3n Comeching\u00f3n de San Esteban, Valle de Punilla; \u201cLa Trinchera\u201d de La Falda; Centro de Estudiantes de Arquitectura de El M\u00f3dulo-CEADI; Mesa de Juventudes de la CTA-A Provincia de C\u00f3rdoba; V\u00edctor Flores, C\u00f3nsul de Bolivia en C\u00f3rdoba; entre otros.<\/p>\n\n\n\n<p><strong>Recuperar los valores hist\u00f3ricos<\/strong><\/p>\n\n\n\n<div class=\"wp-block-image\"><figure class=\"alignright size-large is-resized\"><img loading=\"lazy\" decoding=\"async\" src=\"https:\/\/atecordoba.org\/wp-content\/uploads\/2021\/11\/2.jpg\" alt=\"\" class=\"wp-image-29088\" width=\"480\" height=\"270\" \/><\/figure><\/div>\n\n\n\n<p>Federico Giuliani, Secretario General de la CTA-A de la provincia de C\u00f3rdoba dio inicio al Congreso saludando a las y los compa\u00f1eros luego de un a\u00f1o signado por la virtualidad y festej\u00f3 la presencia de tantas personas reunidas: \u201cLo afectivo tambi\u00e9n forma parte de la militancia\u201d.<\/p>\n\n\n\n<p>\u201cEstamos en el momento preciso para recuperar los valores hist\u00f3ricos y fundacionales de nuestra Central y ser parte de la construcci\u00f3n de un nuevo Proyecto Pol\u00edtico Nacional de Liberaci\u00f3n\u201d, sentenci\u00f3 Giuliani al comienzo.<\/p>\n\n\n\n<p>Luego, salud\u00f3 a los compa\u00f1eros y compa\u00f1eras de la FeNaT porque durante la pandemia estuvieron \u201cah\u00ed d\u00f3nde ni el Estado Provincial ni Municipal estaba, sosteniendo la dignidad de nuestras barriadas populares\u201d. Con el micr\u00f3fono en mano pidi\u00f3 un fuerte aplauso para la primera l\u00ednea de Trabajadores y Trabajadoras de la Salud Provincial \u201cque se banc\u00f3 la pandemia a pesar de las pol\u00edticas de ajuste del Gobierno de Schiaretti\u201d.<\/p>\n\n\n\n<p>\u201cEstamos contentos de que haya compa\u00f1eros y compa\u00f1eras de las distintas regionales. Del sector privado, que se han sumado desde que asumimos en el 2018 de manera rotunda a nuestra Central, pero no solamente para venir a plantear sus problemas, sino para salir a pelear. Tambi\u00e9n est\u00e1n los compa\u00f1eros del sector p\u00fablico, los desocupados, los compa\u00f1eros de la Juventud, a quienes logramos reorganizar en este proceso de crecimiento que ha tenido la CTA-A C\u00f3rdoba\u201d, cont\u00f3 Giuliani.<\/p>\n\n\n\n<div class=\"wp-block-image\"><figure class=\"alignleft size-large is-resized\"><img loading=\"lazy\" decoding=\"async\" src=\"https:\/\/atecordoba.org\/wp-content\/uploads\/2021\/11\/3.jpg\" alt=\"\" class=\"wp-image-29089\" width=\"480\" height=\"270\" srcset=\"https:\/\/atecordoba.org\/wp-content\/uploads\/2021\/11\/3.jpg 960w, https:\/\/atecordoba.org\/wp-content\/uploads\/2021\/11\/3-300x169.jpg 300w, https:\/\/atecordoba.org\/wp-content\/uploads\/2021\/11\/3-768x432.jpg 768w, https:\/\/atecordoba.org\/wp-content\/uploads\/2021\/11\/3-750x422.jpg 750w\" sizes=\"auto, (max-width: 480px) 100vw, 480px\" \/><\/figure><\/div>\n\n\n\n<p>A rengl\u00f3n seguido, dijo que a todo este proceso de crecimiento de la Central hay que sumarle \u201cla incorporaci\u00f3n del CIS, de los trabajadores de maquinaria pesada (SOEMPRA), las compa\u00f1eras costureras y trabajadoras textiles, los compa\u00f1eros fleteros, los compa\u00f1eros y compa\u00f1eras del Sindicato de Artes Pl\u00e1sticas y Visuales. Volvieron nuestras compa\u00f1eras queridas de AMMAR, compa\u00f1eros de la UCRA, del SITRAIC y creci\u00f3 ATE\u201d.<\/p>\n\n\n\n<p>\u201cDesde que nosotros asumimos en octubre del 2018 con muchas incertidumbres hemos crecido aproximadamente en 15 mil afiliaciones entre la FeNaT, los gremios privados y ATE y eso es para celebrar\u201d, exclam\u00f3 Federico Giuliani ante un auditorio lleno de pecheras azules y blancas.<\/p>\n\n\n\n<p>\u201cNadie nos regal\u00f3 nada. A los codazos en C\u00f3rdoba Capital como en cada una de las regiones se habla de est\u00e1 CTA Aut\u00f3noma que no es mejor ni peor que ninguna de las otras centrales, pero que es distinta porque propone un modelo sindical y pol\u00edtico diferente. De cara a los laburantes, con la Democracia y Libertad sindical, la Afiliaci\u00f3n Directa, pero sobre todo con Autonom\u00eda de los partidos pol\u00edticos, los patrones y el Estado\u201d, afirm\u00f3 Federico Giuliani.<\/p>\n\n\n\n<p><strong>Las voces de la militancia<\/strong><\/p>\n\n\n\n<div class=\"wp-block-image\"><figure class=\"alignright size-large is-resized\"><img loading=\"lazy\" decoding=\"async\" src=\"https:\/\/atecordoba.org\/wp-content\/uploads\/2021\/11\/4.jpg\" alt=\"\" class=\"wp-image-29090\" width=\"480\" height=\"270\" srcset=\"https:\/\/atecordoba.org\/wp-content\/uploads\/2021\/11\/4.jpg 960w, https:\/\/atecordoba.org\/wp-content\/uploads\/2021\/11\/4-300x169.jpg 300w, https:\/\/atecordoba.org\/wp-content\/uploads\/2021\/11\/4-768x432.jpg 768w, https:\/\/atecordoba.org\/wp-content\/uploads\/2021\/11\/4-750x422.jpg 750w\" sizes=\"auto, (max-width: 480px) 100vw, 480px\" \/><\/figure><\/div>\n\n\n\n<p>V\u00edctor Flores, C\u00f3nsul de Bolivia en C\u00f3rdoba, fue quien continu\u00f3 con la palabra. \u201cNo nos detuvo la pandemia, no nos detuvo la persecuci\u00f3n pol\u00edtica que tuvimos en Bolivia. Nos cost\u00f3 36 muertes en nuestro pa\u00eds para recuperar nuestra democracia, la democracia del pueblo, la democracia que nosotros queremos\u201d.<\/p>\n\n\n\n<p>El C\u00f3nsul agradeci\u00f3 el apoyo de toda la CTA Aut\u00f3noma y la de Federico Giuliani durante el Golpe de Estado en el Estado Plurinacional de Bolivia. No s\u00f3lo su protecci\u00f3n en C\u00f3rdoba, sino tambi\u00e9n el acompa\u00f1amiento para que se desarrollara un proceso electoral democr\u00e1tico y genuino para la victoria de Luis Arce.<\/p>\n\n\n\n<p>Diego Guerra, secretario General de la CTA-A Regional C\u00f3rdoba, fue contundente: \u201cPara nosotros es un orgullo estar ac\u00e1 junto con ustedes para debatir fraternalmente y seguir con la uni\u00f3n de la clase trabajadora\u201d.<\/p>\n\n\n\n<p>Rosana Mosquera, miembro de la comisi\u00f3n normalizadora de CTA-A Villa Mar\u00eda: \u201cEstoy muy orgullosa de formar parte de esta CTA-A. Con la responsabilidad que nos cabe en Villa Mar\u00eda con esta comisi\u00f3n normalizadora pero muy felices de que la CTAA en Villa Mar\u00eda se reconstruya. Estoy muy emocionada, es una alegr\u00eda compartir\u201d.<\/p>\n\n\n\n<p>Hugo \u201cP\u00e1jaro\u201d Galaburri de la Delegaci\u00f3n de ATE y la CTA-A del Valle de Traslasierra dijo que \u201ces muy dif\u00edcil trabajar en C\u00f3rdoba si no es con lucha\u201d. Cont\u00f3 que es muy dif\u00edcil para los trabajadores y las trabajadoras de la salud en estos tiempos. \u201cNo vamos a bajar los brazos y no vamos a dejar de luchar para que las organizaciones se empiecen a agrupar para luchar. Estoy muy contento y muy emocionado de poder ver las caras a muchos compa\u00f1eros y compa\u00f1eras que antes ve\u00eda en la virtualidad\u201d, expres\u00f3.<\/p>\n\n\n\n<p>Antonio \u201cTano\u201d Muratore, Secretario General del Cispren y la CTA-A San Francisco, dej\u00f3 saludos de Mar\u00eda Ana Mandakovic, Secretaria General del C\u00edrculo Sindical de la Prensa y la Comunicaci\u00f3n de C\u00f3rdoba, ya que de manera simult\u00e1nea estaba en desarrollo el 38\u00b0 Congreso Provincial de Trabajadores de Prensa, bajo el nombre de \u201cMaxi Chapezzoni\u201d.<\/p>\n\n\n\n<div class=\"wp-block-image\"><figure class=\"alignleft size-large is-resized\"><img loading=\"lazy\" decoding=\"async\" src=\"https:\/\/atecordoba.org\/wp-content\/uploads\/2021\/11\/5.jpg\" alt=\"\" class=\"wp-image-29091\" width=\"480\" height=\"270\" srcset=\"https:\/\/atecordoba.org\/wp-content\/uploads\/2021\/11\/5.jpg 960w, https:\/\/atecordoba.org\/wp-content\/uploads\/2021\/11\/5-300x169.jpg 300w, https:\/\/atecordoba.org\/wp-content\/uploads\/2021\/11\/5-768x432.jpg 768w, https:\/\/atecordoba.org\/wp-content\/uploads\/2021\/11\/5-750x422.jpg 750w\" sizes=\"auto, (max-width: 480px) 100vw, 480px\" \/><\/figure><\/div>\n\n\n\n<p>Luego, Muratore exclam\u00f3 que \u201cen San Francisco fue un a\u00f1o dur\u00edsimo con la pandemia. La llegada de ATE y de la militancia joven de esa organizaci\u00f3n fue una bocanada de aire fresco. La impronta de esos compa\u00f1eros y compa\u00f1eras que laburan codo a codo con la FeNaT construyendo otra CTA-A en San Francisco, es motivo de satisfacci\u00f3n\u201d.<\/p>\n\n\n\n<p>M\u00f3nica Rodr\u00edguez, de la CTA-A Cruz del Eje, sostuvo: \u201cEs un orgullo para m\u00ed estar hoy ac\u00e1 con un hermoso equipo de trabajo. Nosotros tuvimos 36 merenderos, 1600 ni\u00f1os y no le tuvimos miedo a la pandemia. El hambre es un crimen y no lo podemos permitir\u201d.<\/p>\n\n\n\n<p><strong>M\u00e1s voces<\/strong><\/p>\n\n\n\n<p>Oscar, de \u201cLa Trinchera\u201d, de La Falda indic\u00f3: \u201cEstoy emocionado. Cre\u00edamos que \u00e9ramos pocos los que pudimos resistir la pandemia, pero me siento muy feliz de escuchar los dem\u00e1s relatos de resistencias de los compa\u00f1eros. Nosotros tambi\u00e9n durante toda la pandemia tuvimos un comedor para 110 personas y lo seguimos sosteniendo como podemos. Estamos felices de ver c\u00f3mo se rearma est\u00e1 CTA-A y nosotros reci\u00e9n incorpor\u00e1ndonos\u201d.<\/p>\n\n\n\n<p>Rafaela Alcoba, Secretaria General de ATE y Secretaria Gremial de la CTA-A R\u00edo Cuarto manifest\u00f3: \u201cNo s\u00f3lo manifestar la alegr\u00eda, sino el orgullo y el compromiso que genera estar hoy ac\u00e1 debatiendo qu\u00e9 agenda queremos que se construya desde abajo para arriba porque estamos cansadas y cansados de que vengan a imponernos pol\u00edticas p\u00fablicas que s\u00f3lo responden a sectores minoritarios que terminan llev\u00e1ndose la riqueza de nuestro pa\u00eds mientras las compa\u00f1eras sostienen las ollas populares\u201d.<\/p>\n\n\n\n<div class=\"wp-block-image\"><figure class=\"alignright size-large is-resized\"><img loading=\"lazy\" decoding=\"async\" src=\"https:\/\/atecordoba.org\/wp-content\/uploads\/2021\/11\/6.jpg\" alt=\"\" class=\"wp-image-29092\" width=\"480\" height=\"270\" srcset=\"https:\/\/atecordoba.org\/wp-content\/uploads\/2021\/11\/6.jpg 960w, https:\/\/atecordoba.org\/wp-content\/uploads\/2021\/11\/6-300x169.jpg 300w, https:\/\/atecordoba.org\/wp-content\/uploads\/2021\/11\/6-768x432.jpg 768w, https:\/\/atecordoba.org\/wp-content\/uploads\/2021\/11\/6-750x422.jpg 750w\" sizes=\"auto, (max-width: 480px) 100vw, 480px\" \/><\/figure><\/div>\n\n\n\n<p>Por el Sindicato Joven CIS-CTA, que actualmente en la provincia de C\u00f3rdoba tiene m\u00e1s de 300 afiliados y afiliadas, habl\u00f3 Walter Camino, su Secretario General: \u201cSi estamos ac\u00e1, es porque tenemos conciencia de clase, sabemos d\u00f3nde estamos y d\u00f3nde queremos estar\u201d.<\/p>\n\n\n\n<p>\u201cBomba\u201d, compa\u00f1era de AMMAR, Sindicato de Trabajadoras y Trabajadores Sexuales, fue quien continu\u00f3 con la palabra: \u201cTrabajo sexual es trabajo. Seguimos militando, seguimos creciendo, muchas gracias\u201d.<\/p>\n\n\n\n<p>Susana R\u00edos, referenta de la FeNaT en C\u00f3rdoba Capital dijo que \u201cgracias a Dios son 45 los barrios ac\u00e1 en la ciudad de C\u00f3rdoba d\u00f3nde tenemos trabajo\u201d. Agradeci\u00f3 a Silvia Alcoba, Coordinadora de la FeNaT en la provincia de C\u00f3rdoba por la confianza y el acompa\u00f1amiento.<\/p>\n\n\n\n<p>Valeria Palacio, Secretaria de Acci\u00f3n Social de la CTA-A provincial y referenta de la FeNaT en R\u00edo Cuarto coment\u00f3: \u201cAgradecer a Fede, a Silvia que me dieron la oportunidad de crecer y la hermosa familia que hemos formado. Vamos por m\u00e1s con los cumpas\u201d.<\/p>\n\n\n\n<p>Roc\u00edo, del Centro de Estudiantes de Arquitectura de El M\u00f3dulo de la UNC, compa\u00f1eros y compa\u00f1eras universitarios que desarrollan trabajo comunitario en Villa La Tribu: \u201cQueremos luchar por una universidad m\u00e1s justa, amplia, gratuita y de calidad para que todos y todas puedan acceder\u201d.<\/p>\n\n\n\n<p>Le sigui\u00f3 en la palabra, Silvia Alcoba, Coordinadora de la FeNaT en la provincia de C\u00f3rdoba y Secretaria General de la CTA-A R\u00edo Cuarto. Asegur\u00f3 que vinimos hasta ac\u00e1 a \u201cdiscutir la Central que queremos, una central que nos abrace a todas y a todos\u201d.<\/p>\n\n\n\n<p>Durante la pandemia sanitaria y la crisis econ\u00f3mica \u201ctuvimos que salir a poner el cuerpo, en cada barriada, en las diferentes ciudades. Es hist\u00f3rico lo que hicimos\u201d. Agradeci\u00f3 a Federico Giuliani, con quien Alcoba recorri\u00f3 toda la provincia, por entender de manera integral la lucha del movimiento obrero.<\/p>\n\n\n\n<p>\u201cEstoy feliz de levantar la bandera de la FeNaT, de caminar al lado de Federico, de ser parte de est\u00e1 Central. Vamos por todo\u201d, concluy\u00f3 Alcoba.<\/p>\n\n\n\n<p><strong>Dirigentes nacionales<\/strong><\/p>\n\n\n\n<p>Julio Fuentes tambi\u00e9n salud\u00f3. Coment\u00f3 que es CLATE, el trabajo que realiza a nivel latinoamericano y caribe\u00f1o como tambi\u00e9n narr\u00f3 todo el camino del surgimiento de la CTA-A. \u201cEstamos en un tiempo de disputa, en un tiempo de lucha para lograr esa segunda y definitiva Independencia\u201d, exclam\u00f3.<\/p>\n\n\n\n<div class=\"wp-block-image\"><figure class=\"alignleft size-large is-resized\"><img loading=\"lazy\" decoding=\"async\" src=\"https:\/\/atecordoba.org\/wp-content\/uploads\/2021\/11\/7.jpg\" alt=\"\" class=\"wp-image-29093\" width=\"480\" height=\"270\" srcset=\"https:\/\/atecordoba.org\/wp-content\/uploads\/2021\/11\/7.jpg 960w, https:\/\/atecordoba.org\/wp-content\/uploads\/2021\/11\/7-300x169.jpg 300w, https:\/\/atecordoba.org\/wp-content\/uploads\/2021\/11\/7-768x432.jpg 768w, https:\/\/atecordoba.org\/wp-content\/uploads\/2021\/11\/7-750x422.jpg 750w\" sizes=\"auto, (max-width: 480px) 100vw, 480px\" \/><\/figure><\/div>\n\n\n\n<p>Con muchos aplausos, tom\u00f3 la palabra, Ricardo Peidro, Secretario General de la CTA-A. \u201cEl crecimiento de nuestra CTA-A en pandemia, cuando fue tan duro para todas y para todos, tuvimos un crecimiento impresionante. Un crecimiento real en militancia y en organizaci\u00f3n\u201d, cont\u00f3 Peidro.<\/p>\n\n\n\n<p>Se\u00f1al\u00f3 que en la Central hay tres patas fundamentales: Territorio, Sector Privado y Sector Estatal. En este tiempo, se\u00f1al\u00f3 Peidro, \u201cno solamente mantuvimos una militancia impresionante, sino que tuvimos un crecimiento importante a base de la militancia cuando muchos se resignaban\u201d.<\/p>\n\n\n\n<p>\u201cTenemos que transformar est\u00e1 sociedad, militemos en el espacio que militemos\u201d, se\u00f1al\u00f3 Peidro. Con respecto al Salario Universal, el secretario General se\u00f1al\u00f3 que \u201cnada se puede construir sobre la pobreza y la indignidad de la vida de los compa\u00f1eros y compa\u00f1eras, esa es una propuesta de nuestra Central, el Salario Universal y las pol\u00edticas universales, como todo aquello que hable de Soberan\u00eda, Trabajo y Producci\u00f3n\u201d.<\/p>\n\n\n\n<p><strong>Homenaje a Jorge Julio L\u00f3pez<\/strong><\/p>\n\n\n\n<p>Por votaci\u00f3n masiva se llam\u00f3 al Congreso \u201cJorge Julio L\u00f3pez\u201d en honor al compa\u00f1ero desaparecido en 2006, en plena democracia.<\/p>\n\n\n\n<p>La jornada continu\u00f3 con la divisi\u00f3n de los compa\u00f1eros y compa\u00f1eras presentes en el Congreso. Se dividieron en cinco comisiones con el objetivo de debatir los temas que ata\u00f1en a la agenda del campo popular para luego llevar las propuestas de la CTA-A C\u00f3rdoba al Congreso Nacional de la Central en diciembre.<\/p>\n\n\n\n<p>\u201cAprovechemos estas instancias de debate que tenemos como clase trabajadora para crecer en unidad y organizaci\u00f3n y para saber que si los que decidimos somos nosotros, nadie ni nada nos har\u00e1 perder el rumbo\u201d, concluy\u00f3 Federico Giuliani.<\/p>\n\n\n\n<div class=\"wp-block-image\"><figure class=\"aligncenter size-large is-resized\"><img loading=\"lazy\" decoding=\"async\" src=\"https:\/\/atecordoba.org\/wp-content\/uploads\/2021\/11\/8-1.jpg\" alt=\"\" class=\"wp-image-29097\" width=\"720\" height=\"405\" srcset=\"https:\/\/atecordoba.org\/wp-content\/uploads\/2021\/11\/8-1.jpg 960w, https:\/\/atecordoba.org\/wp-content\/uploads\/2021\/11\/8-1-300x169.jpg 300w, https:\/\/atecordoba.org\/wp-content\/uploads\/2021\/11\/8-1-768x432.jpg 768w, https:\/\/atecordoba.org\/wp-content\/uploads\/2021\/11\/8-1-750x422.jpg 750w\" sizes=\"auto, (max-width: 720px) 100vw, 720px\" \/><\/figure><\/div>\n\n\n\n<p><sub>(fuente: retruco.com.ar)<\/sub><\/p>\n","protected":false},"excerpt":{"rendered":"<p>La CTA Aut\u00f3noma Provincia de C\u00f3rdoba desarroll\u00f3 este s\u00e1bado un multitudinario Congreso de la Militancia camino al Congreso Nacional de la CTA-A el pr\u00f3ximo 18 de diciembre en la Ciudad Aut\u00f3noma de Buenos Aires. El Plenario realizado en Sal\u00f3n \u201cCinco Soles\u201d a las afueras de C\u00f3rdoba Capital cont\u00f3 con la participaci\u00f3n de trabajadoras y trabajadores [&hellip;]<\/p>\n","protected":false},"author":7,"featured_media":29094,"comment_status":"open","ping_status":"open","sticky":false,"template":"","format":"standard","meta":{"_exactmetrics_skip_tracking":false,"_exactmetrics_sitenote_active":false,"_exactmetrics_sitenote_note":"","_exactmetrics_sitenote_category":0,"jnews-multi-image_gallery":[],"jnews_single_post":{"subtitle":"Jornada de reencuentro, m\u00edstica y abrazos compartidos. La fuerza de la organizaci\u00f3n de la clase. La potencia del afecto que arropa a la militancia. La participaci\u00f3n y el debate sin intermediarios. Eso y mucho m\u00e1s reflej\u00f3 el Congreso de la Militancia de la CTA Aut\u00f3noma de la provincia de C\u00f3rdoba. La salida es colectiva. Lo nuevo estaba entre nosotros.","format":"standard","video":"","gallery":"","source_name":"","source_url":"","via_name":"","via_url":"","override_template":"0","override":[{"template":"1","single_blog_custom":"","parallax":"1","fullscreen":"1","layout":"right-sidebar","sidebar":"default-sidebar","second_sidebar":"default-sidebar","sticky_sidebar":"1","share_position":"top","share_float_style":"share-monocrhome","show_share_counter":"1","show_view_counter":"1","show_featured":"1","show_post_meta":"1","show_post_author":"1","show_post_author_image":"1","show_post_date":"1","post_date_format":"default","post_date_format_custom":"Y\/m\/d","show_post_category":"1","show_post_reading_time":"0","post_reading_time_wpm":"300","show_zoom_button":"0","zoom_button_out_step":"2","zoom_button_in_step":"3","show_post_tag":"1","show_prev_next_post":"1","show_popup_post":"1","number_popup_post":"1","show_author_box":"0","show_post_related":"0","show_inline_post_related":"0"}],"override_image_size":"0","image_override":[{"single_post_thumbnail_size":"crop-500","single_post_gallery_size":"crop-500"}],"trending_post":"0","trending_post_position":"meta","trending_post_label":"Trending","sponsored_post":"0","sponsored_post_label":"Sponsored by","sponsored_post_name":"","sponsored_post_url":"","sponsored_post_logo_enable":"0","sponsored_post_logo":"","sponsored_post_desc":"","disable_ad":"0"},"jnews_primary_category":{"id":""},"jnews_social_meta":{"fb_title":"","fb_description":"","fb_image":"","twitter_title":"","twitter_description":"","twitter_image":""},"jnews_review":[],"enable_review":"0","type":"percentage","name":"","summary":"","brand":"","sku":"","good":[{"good_text":""}],"bad":[{"bad_text":""}],"score_override":"","override_value":"","rating":[{"rating_text":"","rating_number":"10"}],"price":[{"shop":"","price":"","link":"","icon":""}],"jnews_override_counter":{"override_view_counter":"0","view_counter_number":"0","override_share_counter":"0","share_counter_number":"0","override_like_counter":"0","like_counter_number":"0","override_dislike_counter":"0","dislike_counter_number":"0"},"jnews_post_split":{"enable_post_split":"0","post_split":[{"template":"1","tag":"h2","numbering":"asc","mode":"normal","first":"0","enable_toc":"0","toc_type":"normal"}]},"footnotes":""},"categories":[92],"tags":[979],"class_list":["post-29086","post","type-post","status-publish","format-standard","has-post-thumbnail","hentry","category-cta","tag-congreso-provincial-5-soles"],"jetpack_featured_media_url":"https:\/\/atecordoba.org\/wp-content\/uploads\/2021\/11\/8-e1638191539361.jpg","_links":{"self":[{"href":"https:\/\/atecordoba.org\/index.php?rest_route=\/wp\/v2\/posts\/29086","targetHints":{"allow":["GET"]}}],"collection":[{"href":"https:\/\/atecordoba.org\/index.php?rest_route=\/wp\/v2\/posts"}],"about":[{"href":"https:\/\/atecordoba.org\/index.php?rest_route=\/wp\/v2\/types\/post"}],"author":[{"embeddable":true,"href":"https:\/\/atecordoba.org\/index.php?rest_route=\/wp\/v2\/users\/7"}],"replies":[{"embeddable":true,"href":"https:\/\/atecordoba.org\/index.php?rest_route=%2Fwp%2Fv2%2Fcomments&post=29086"}],"version-history":[{"count":2,"href":"https:\/\/atecordoba.org\/index.php?rest_route=\/wp\/v2\/posts\/29086\/revisions"}],"predecessor-version":[{"id":29098,"href":"https:\/\/atecordoba.org\/index.php?rest_route=\/wp\/v2\/posts\/29086\/revisions\/29098"}],"wp:featuredmedia":[{"embeddable":true,"href":"https:\/\/atecordoba.org\/index.php?rest_route=\/wp\/v2\/media\/29094"}],"wp:attachment":[{"href":"https:\/\/atecordoba.org\/index.php?rest_route=%2Fwp%2Fv2%2Fmedia&parent=29086"}],"wp:term":[{"taxonomy":"category","embeddable":true,"href":"https:\/\/atecordoba.org\/index.php?rest_route=%2Fwp%2Fv2%2Fcategories&post=29086"},{"taxonomy":"post_tag","embeddable":true,"href":"https:\/\/atecordoba.org\/index.php?rest_route=%2Fwp%2Fv2%2Ftags&post=29086"}],"curies":[{"name":"wp","href":"https:\/\/api.w.org\/{rel}","templated":true}]}}