{"id":29081,"date":"2021-11-29T09:43:00","date_gmt":"2021-11-29T12:43:00","guid":{"rendered":"https:\/\/atecordoba.org\/?p=29081"},"modified":"2021-11-29T13:44:49","modified_gmt":"2021-11-29T16:44:49","slug":"el-2021-termina-en-diciembre-recomposicion-ya-para-pasar-las-fiestas-con-dignidad","status":"publish","type":"post","link":"https:\/\/atecordoba.org\/?p=29081","title":{"rendered":"Recomposici\u00f3n salarial ya para pasar las fiestas con dignidad"},"content":{"rendered":"\n<div class=\"wp-block-image\"><figure class=\"aligncenter size-large is-resized\"><img loading=\"lazy\" decoding=\"async\" src=\"https:\/\/atecordoba.org\/wp-content\/uploads\/2021\/11\/giuliani_MICRO.jpg\" alt=\"\" class=\"wp-image-29082\" width=\"768\" height=\"491\" \/><figcaption>El secretario General de ATE C\u00f3rdoba, Federico Giuliani, junto al secretario General Adjunto, Hugo Dur\u00e1n.<\/figcaption><\/figure><\/div>\n\n\n\n<p>El 2021 es otro a\u00f1o m\u00e1s donde los salarios de los trabajadores estatales provinciales siguen perdiendo frente a la inflaci\u00f3n. Y esto es as\u00ed a pesar que el gobierno provincial dio a conocer que obtuvo una recaudaci\u00f3n del 15% por encima de ese \u00edndice durante este a\u00f1o, gracias a la recuperaci\u00f3n de la actividad econ\u00f3mica de este periodo.<\/p>\n\n\n\n<p>Por el contrario, nuestros salarios perdieron 1.3% en el tramo enero-octubre y, con la \u00faltima pauta firmada, esa ca\u00edda del ingreso llegar\u00e1 a 10% en diciembre.<\/p>\n\n\n\n<p>En consecuencia, reclamamos el adelantamiento general del aumento comprometido a enero para que se cobre con los haberes de noviembre, que alcanza el 5.5%. Adem\u00e1s, solicitamos que a ese monto se sume otro 10% de recomposici\u00f3n para todo el personal de la administraci\u00f3n p\u00fablica provincial a los fines de equiparar el aumento de precios generales, y las proyecciones previstas para diciembre.<\/p>\n\n\n\n<p>As\u00ed tambi\u00e9n, reclamamos que, para el personal de salud, pasen al salario b\u00e1sico las sumas en negro que actualmente se est\u00e1n cobrando en concepto de bonos de parte del Ministerio de Salud de la Provincia (blanqueo de los bonos). <\/p>\n\n\n\n<p>No hay argumentos para oponerse o ignorar tan justo reclamo, atento que el propio Gobierno de Schiaretti anunci\u00f3 un ahorro corriente en la ejecuci\u00f3n del presupuesto de 97 mil millones de pesos hasta el mes de septiembre. Se trata del necesario reconociendo a las y los trabajadores estatales de la Provincia, que sostuvimos los servicios a la poblaci\u00f3n durante la pandemia y que merecemos pasar las fiestas con dignidad.<\/p>\n\n\n\n<p class=\"has-text-align-center\"><strong>\u00a1Recomposici\u00f3n salarial ya!<\/strong><\/p>\n\n\n\n<p class=\"has-text-align-center\"><strong>Hugo Duran &nbsp;&nbsp;&nbsp;&nbsp;&nbsp;&nbsp;&nbsp;&nbsp;&nbsp;&nbsp;&nbsp;&nbsp;&nbsp;&nbsp;&nbsp;&nbsp;&nbsp;&nbsp;&nbsp;&nbsp;&nbsp;&nbsp;&nbsp;&nbsp;&nbsp;&nbsp;&nbsp;&nbsp;&nbsp;&nbsp;&nbsp;&nbsp;&nbsp;&nbsp;&nbsp;&nbsp;&nbsp;&nbsp;&nbsp;&nbsp;&nbsp;&nbsp;&nbsp;&nbsp;&nbsp;&nbsp;&nbsp;&nbsp;&nbsp;&nbsp;&nbsp;&nbsp;&nbsp;&nbsp;&nbsp;&nbsp;&nbsp;&nbsp;&nbsp;&nbsp;&nbsp;&nbsp;&nbsp;&nbsp;&nbsp;&nbsp;&nbsp;&nbsp;&nbsp;&nbsp;&nbsp;&nbsp;&nbsp;&nbsp;&nbsp;&nbsp;&nbsp;&nbsp;&nbsp;&nbsp;&nbsp;&nbsp;&nbsp;&nbsp;&nbsp;&nbsp;&nbsp;&nbsp;&nbsp;&nbsp;&nbsp;&nbsp;&nbsp;&nbsp;&nbsp;&nbsp;&nbsp;&nbsp;&nbsp;&nbsp;&nbsp;&nbsp;&nbsp;&nbsp;&nbsp;&nbsp;&nbsp;&nbsp;&nbsp;&nbsp;&nbsp;&nbsp;&nbsp;&nbsp;&nbsp;&nbsp;&nbsp;&nbsp; Federico Giuliani<\/strong><\/p>\n\n\n\n<p class=\"has-text-align-center\"><strong>Secretario General Adjunto &nbsp;&nbsp;&nbsp;&nbsp;&nbsp;&nbsp;&nbsp;&nbsp;&nbsp;&nbsp;&nbsp;&nbsp;&nbsp;&nbsp;&nbsp;&nbsp;&nbsp;&nbsp;&nbsp;&nbsp;&nbsp;&nbsp;&nbsp;&nbsp;&nbsp;&nbsp;&nbsp;&nbsp;&nbsp;&nbsp;&nbsp;&nbsp;&nbsp;&nbsp;&nbsp;&nbsp;&nbsp;&nbsp;&nbsp;&nbsp;&nbsp;&nbsp;&nbsp;&nbsp;&nbsp;&nbsp;&nbsp;&nbsp;&nbsp;&nbsp;&nbsp;&nbsp;&nbsp;&nbsp;&nbsp;&nbsp;&nbsp;&nbsp;&nbsp;&nbsp;&nbsp;&nbsp;&nbsp;&nbsp;&nbsp;&nbsp;&nbsp;&nbsp;&nbsp;&nbsp;&nbsp;&nbsp;&nbsp;&nbsp;&nbsp;&nbsp;&nbsp;&nbsp;&nbsp;&nbsp;&nbsp;&nbsp;&nbsp;&nbsp;&nbsp;&nbsp;&nbsp; Secretario General<\/strong><\/p>\n\n\n\n<p><\/p>\n","protected":false},"excerpt":{"rendered":"<p>El 2021 es otro a\u00f1o m\u00e1s donde los salarios de los trabajadores estatales provinciales siguen perdiendo frente a la inflaci\u00f3n. Y esto es as\u00ed a pesar que el gobierno provincial dio a conocer que obtuvo una recaudaci\u00f3n del 15% por encima de ese \u00edndice durante este a\u00f1o, gracias a la recuperaci\u00f3n de la actividad econ\u00f3mica [&hellip;]<\/p>\n","protected":false},"author":7,"featured_media":29082,"comment_status":"open","ping_status":"open","sticky":false,"template":"","format":"standard","meta":{"_exactmetrics_skip_tracking":false,"_exactmetrics_sitenote_active":false,"_exactmetrics_sitenote_note":"","_exactmetrics_sitenote_category":0,"jnews-multi-image_gallery":[],"jnews_single_post":{"subtitle":"ATE solicita 10% de aumento m\u00e1s el adelanto del pago de la \u00faltima cuota de la paritaria 2021 con los haberes de noviembre, m\u00e1s el blanqueo de los bonos en negro del personal de salud. Se trata del 5.5% que el gobierno otorga para que se pague con los sueldos de enero.","format":"standard","video":"","gallery":"","source_name":"","source_url":"","via_name":"","via_url":"","override":[{"template":"1","single_blog_custom":"","parallax":"1","fullscreen":"1","layout":"right-sidebar","sidebar":"default-sidebar","second_sidebar":"default-sidebar","sticky_sidebar":"1","share_position":"top","share_float_style":"share-monocrhome","show_share_counter":"1","show_view_counter":"1","show_featured":"1","show_post_meta":"1","show_post_author":"1","show_post_author_image":"1","show_post_date":"1","post_date_format":"default","post_date_format_custom":"Y\/m\/d","show_post_category":"1","post_reading_time_wpm":"300","zoom_button_out_step":"2","zoom_button_in_step":"3","show_post_tag":"1","show_prev_next_post":"1","show_popup_post":"1","number_popup_post":"1"}],"image_override":[{"single_post_thumbnail_size":"crop-500","single_post_gallery_size":"crop-500"}],"trending_post_position":"meta","trending_post_label":"Trending","sponsored_post_label":"Sponsored by","sponsored_post_name":"","sponsored_post_url":"","sponsored_post_logo":"","sponsored_post_desc":""},"jnews_primary_category":{"id":""},"jnews_social_meta":[],"jnews_review":[],"enable_review":"","type":"","name":"","summary":"","brand":"","sku":"","good":[],"bad":[],"score_override":"","override_value":"","rating":[],"price":[],"jnews_override_counter":[],"jnews_post_split":[],"footnotes":""},"categories":[8],"tags":[978],"class_list":["post-29081","post","type-post","status-publish","format-standard","has-post-thumbnail","hentry","category-provinciales","tag-paritaria-2021"],"jetpack_featured_media_url":"https:\/\/atecordoba.org\/wp-content\/uploads\/2021\/11\/giuliani_MICRO-e1638189754324.jpg","_links":{"self":[{"href":"https:\/\/atecordoba.org\/index.php?rest_route=\/wp\/v2\/posts\/29081","targetHints":{"allow":["GET"]}}],"collection":[{"href":"https:\/\/atecordoba.org\/index.php?rest_route=\/wp\/v2\/posts"}],"about":[{"href":"https:\/\/atecordoba.org\/index.php?rest_route=\/wp\/v2\/types\/post"}],"author":[{"embeddable":true,"href":"https:\/\/atecordoba.org\/index.php?rest_route=\/wp\/v2\/users\/7"}],"replies":[{"embeddable":true,"href":"https:\/\/atecordoba.org\/index.php?rest_route=%2Fwp%2Fv2%2Fcomments&post=29081"}],"version-history":[{"count":3,"href":"https:\/\/atecordoba.org\/index.php?rest_route=\/wp\/v2\/posts\/29081\/revisions"}],"predecessor-version":[{"id":29100,"href":"https:\/\/atecordoba.org\/index.php?rest_route=\/wp\/v2\/posts\/29081\/revisions\/29100"}],"wp:featuredmedia":[{"embeddable":true,"href":"https:\/\/atecordoba.org\/index.php?rest_route=\/wp\/v2\/media\/29082"}],"wp:attachment":[{"href":"https:\/\/atecordoba.org\/index.php?rest_route=%2Fwp%2Fv2%2Fmedia&parent=29081"}],"wp:term":[{"taxonomy":"category","embeddable":true,"href":"https:\/\/atecordoba.org\/index.php?rest_route=%2Fwp%2Fv2%2Fcategories&post=29081"},{"taxonomy":"post_tag","embeddable":true,"href":"https:\/\/atecordoba.org\/index.php?rest_route=%2Fwp%2Fv2%2Ftags&post=29081"}],"curies":[{"name":"wp","href":"https:\/\/api.w.org\/{rel}","templated":true}]}}