{"id":2908,"date":"2013-06-24T20:14:03","date_gmt":"2013-06-24T23:14:03","guid":{"rendered":"http:\/\/www.atecordoba.org\/?p=2908"},"modified":"2013-06-24T20:14:03","modified_gmt":"2013-06-24T23:14:03","slug":"trabajadores-del-inti-revirtieron-un-despido","status":"publish","type":"post","link":"https:\/\/atecordoba.org\/?p=2908","title":{"rendered":"Trabajadores del INTI revirtieron un despido"},"content":{"rendered":"<p><em>Un despido sin causa decidido por el presidente del INTI, Ricardo Del Valle, fue revertido gracias a la determinante reacci\u00f3n de los trabajadores de C\u00f3rdoba y de otros centros del interior. La Junta Interna de ATE, el CDP C\u00f3rdoba de ATE y CTA dan muestras que la organizaci\u00f3n vence a la prepotencia patronal.<\/em><\/p>\n<p><a href=\"http:\/\/www.atecordoba.org\/wp-content\/uploads\/2013\/06\/FOTO-WEB-1.jpg\"><img loading=\"lazy\" decoding=\"async\" class=\"aligncenter size-full wp-image-2909\" title=\"FOTO WEB 1\" src=\"http:\/\/www.atecordoba.org\/wp-content\/uploads\/2013\/06\/FOTO-WEB-1.jpg\" alt=\"\" width=\"800\" height=\"600\" \/><\/a><\/p>\n<p>En la noche del lunes 17 de junio, la gacetilla que lleg\u00f3 a los medios cordobeses dec\u00eda: \u201calerta en el Instituto Nacional de Tecnolog\u00eda Industrial por despido sin causa. Precarizaci\u00f3n laboral ilegal. Protesta en C\u00f3rdoba\u201d. El personal de INTI C\u00f3rdoba se preparaba para realizar una asamblea y corte de media calzada, en rechazo al despido injustificado del periodista Juan Nicastro, responsable regional del \u00c1rea de Comunicaci\u00f3n.<\/p>\n<p>Con la participaci\u00f3n de ATE y CTA C\u00f3rdoba, se anunciaron acciones en Buenos Aires. Alrededor de 700 firmas de trabajadores de todo el pa\u00eds repudiaron el despido. Por eso, al d\u00eda siguiente, cuando comenzaban a desplegarse los carteles y ya sonaban los redoblantes, lleg\u00f3 el dato de que las autoridades hab\u00edan dado marcha atr\u00e1s y el puesto de trabajo quedaba firme. Una asamblea, con la presencia de Oscar Mengarelli, secretario General de ATE C\u00f3rdoba, Alejandro Charra, secretario de Organizaci\u00f3n, Mart\u00edn Stibel, prosecretario Gremial de ATE, y un grupo de compa\u00f1eros de conducci\u00f3n, festej\u00f3 este logro conjunto de los trabajadores del sector.<\/p>\n<p><strong>Los hechos<\/strong><\/p>\n<p>El 31 de mayo pasado se emiti\u00f3 en Buenos Aires un telegrama de despido contra Nicastro, sin explicar las causas ni mediar di\u00e1logo ni apercibimiento sobre disconformidades. El hecho gener\u00f3 el inmediato pronunciamiento de varios centros del interior del pa\u00eds, reuniones de ATE con las autoridades, petitorios, y variadas manifestaciones. Centenares de trabajadores vieron en esto un avance de la precariedad laboral. El agente reviste en la figura de LCT (Ley Contrato de Trabajo), a pesar de tener varios a\u00f1os de antig\u00fcedad no pas\u00f3 a planta permanente, algo que reclama la mayor\u00eda de los trabajadores de esta instituci\u00f3n tecnol\u00f3gica. Si bien en 2005 se firm\u00f3 un acuerdo que equipar\u00f3 los derechos de los LCT con los de planta permanente, no se respet\u00f3. Esta clara muestra de la precarizaci\u00f3n que sufren los compa\u00f1eros es el desaf\u00edo a revertir en el futuro.<\/p>\n<p>En el marco de varios a\u00f1os de reclamos para el pase a planta permanente del personal del INTI, la reacci\u00f3n frente al despido fue inmediata y creci\u00f3 d\u00eda a d\u00eda. Hubo comunicados de la Unidad de Cruz del Eje, INTI C\u00f3rdoba, el \u00c1rea de Comunicaci\u00f3n, INTI Bariloche, INTI Neuqu\u00e9n, INTI Tucum\u00e1n, INTI Jujuy, INTI Rafaela e INTI L\u00e1cteos Rafaela, decenas de adhesiones llegaban v\u00eda mail desde todo el pa\u00eds y un petitorio circulaba en la sede central sumando centenares de firmas. Todas las listas del Junta Interna del gremio (ATE-INTI) trabajaron fuertemente contra la medida, y hasta los directores de los centros regionales se pronunciaron, destacando la necesidad de respetar la legalidad. A esto se sum\u00f3 el fuerte aporte de los compa\u00f1eros del CDP, quienes hicieron \u00e9nfasis en que la precariedad laboral es un problema en todo el estado, y sobre la base de lo compartido en este conflicto se proyectaron mayores articulaciones gremiales.<\/p>\n","protected":false},"excerpt":{"rendered":"<p>Un despido sin causa decidido por el presidente del INTI, Ricardo Del Valle, fue revertido gracias a la determinante reacci\u00f3n de los trabajadores de C\u00f3rdoba y de otros centros del interior. La Junta Interna de ATE, el CDP C\u00f3rdoba de ATE y CTA dan muestras que la organizaci\u00f3n vence a la prepotencia patronal. En la [&hellip;]<\/p>\n","protected":false},"author":1,"featured_media":19220,"comment_status":"open","ping_status":"open","sticky":false,"template":"","format":"standard","meta":{"_exactmetrics_skip_tracking":false,"_exactmetrics_sitenote_active":false,"_exactmetrics_sitenote_note":"","_exactmetrics_sitenote_category":0,"jnews-multi-image_gallery":[],"jnews_single_post":[],"jnews_primary_category":[],"jnews_social_meta":[],"jnews_review":[],"enable_review":"","type":"","name":"","summary":"","brand":"","sku":"","good":[],"bad":[],"score_override":"","override_value":"","rating":[],"price":[],"jnews_override_counter":[],"jnews_post_split":[],"footnotes":""},"categories":[18],"tags":[],"class_list":["post-2908","post","type-post","status-publish","format-standard","has-post-thumbnail","hentry","category-nacionales"],"jetpack_featured_media_url":"https:\/\/atecordoba.org\/wp-content\/uploads\/2020\/05\/logo-nuevochico-e1561581322808.png","_links":{"self":[{"href":"https:\/\/atecordoba.org\/index.php?rest_route=\/wp\/v2\/posts\/2908","targetHints":{"allow":["GET"]}}],"collection":[{"href":"https:\/\/atecordoba.org\/index.php?rest_route=\/wp\/v2\/posts"}],"about":[{"href":"https:\/\/atecordoba.org\/index.php?rest_route=\/wp\/v2\/types\/post"}],"author":[{"embeddable":true,"href":"https:\/\/atecordoba.org\/index.php?rest_route=\/wp\/v2\/users\/1"}],"replies":[{"embeddable":true,"href":"https:\/\/atecordoba.org\/index.php?rest_route=%2Fwp%2Fv2%2Fcomments&post=2908"}],"version-history":[{"count":0,"href":"https:\/\/atecordoba.org\/index.php?rest_route=\/wp\/v2\/posts\/2908\/revisions"}],"wp:featuredmedia":[{"embeddable":true,"href":"https:\/\/atecordoba.org\/index.php?rest_route=\/wp\/v2\/media\/19220"}],"wp:attachment":[{"href":"https:\/\/atecordoba.org\/index.php?rest_route=%2Fwp%2Fv2%2Fmedia&parent=2908"}],"wp:term":[{"taxonomy":"category","embeddable":true,"href":"https:\/\/atecordoba.org\/index.php?rest_route=%2Fwp%2Fv2%2Fcategories&post=2908"},{"taxonomy":"post_tag","embeddable":true,"href":"https:\/\/atecordoba.org\/index.php?rest_route=%2Fwp%2Fv2%2Ftags&post=2908"}],"curies":[{"name":"wp","href":"https:\/\/api.w.org\/{rel}","templated":true}]}}