{"id":29078,"date":"2021-11-26T13:54:45","date_gmt":"2021-11-26T16:54:45","guid":{"rendered":"https:\/\/atecordoba.org\/?p=29078"},"modified":"2021-11-26T13:54:47","modified_gmt":"2021-11-26T16:54:47","slug":"no-hablar-por-otres-desafios-hacia-el-2022","status":"publish","type":"post","link":"https:\/\/atecordoba.org\/?p=29078","title":{"rendered":"No hablar por otres: Desaf\u00edos hacia el 2022"},"content":{"rendered":"\n<p>El Departamento de G\u00e9nero y Diversidad recibi\u00f3 al compa\u00f1ero Eugenio Talbot Wright, co-director del \u00e1rea de DDHH de ATE C\u00f3rdoba y responsable del \u00e1rea de Memoria en el MMGyD.<\/p>\n\n\n\n<p>El equipo de G\u00e9nero y Diversidad de ATE Nacional que encabeza Clarisa Gambera, recibi\u00f3 a Eugenio Talbot Wright, co-director del \u00e1rea de Derechos Humanos de ATE C\u00f3rdoba y responsable del \u00e1rea de Memoria de la Subsecretar\u00eda de Pol\u00edticas de Diversidad, del Ministerio de Mujeres, G\u00e9nero y Diversidad de la Naci\u00f3n.<\/p>\n\n\n\n<p>Sobre los motivos de la reuni\u00f3n Gambera explic\u00f3 que, primero, la idea era llevar al terreno presencial un trabajo colaborativo que ya se ven\u00eda dando de forma virtual. Talbot Wright realiz\u00f3 importantes aportes para la construcci\u00f3n de la nueva ficha de afiliaci\u00f3n con perspectiva de G\u00e9nero y Diversidad de ATE.<\/p>\n\n\n\n<p>En segundo lugar, el objetivo era convocarlo para nutrir el Equipo Federal de G\u00e9nero y Diversidad. De esta manera, porque desde ATE se detecta como dificultad \u00abla falta de protagonismo de las personas travesti-trans\u00bb. \u00abSi bien se entiende que se trata de un proceso, ya que por primera vez se empieza a hablar de Diversidad\u00bb, aclar\u00f3 Gambera.<\/p>\n\n\n\n<p>La dirigente se\u00f1al\u00f3 que el 2 de diciembre se va a dar un evento muy importante en esa construcci\u00f3n. A partir de una invitaci\u00f3n del Ministerio de Mujeres, G\u00e9nero y Diversidad a un evento por el aniversario del Cupo Trans que se realizar\u00e1 en Tecn\u00f3polis, compa\u00f1eres travesti-trans de ATE de todo el pa\u00eds estar\u00e1n por primera vez en la sede del CDN.<\/p>\n\n\n\n<p>\u201cEs un punto de partida para un tema que tiene que ser central en nuestra agenda 2022: la participaci\u00f3n genuina, en primera persona, porque no podemos hablar por las otros, otras y otres. Y hay que subrayar la necesidad de sindicalizarse para mejorar las condiciones de trabajo y pelear contra la precarizaci\u00f3n\u201d, indic\u00f3.<\/p>\n\n\n\n<p>En la reuni\u00f3n tambi\u00e9n se pusieron en com\u00fan las dificultades que atraviesa la implementaci\u00f3n del Cupo Trans. \u201cHay una deuda en cuanto a federalizar esta pol\u00edtica, que tiene que ser parte de los estados municipales y provinciales\u00bb, dijo Gambera.<\/p>\n\n\n\n<p>Mientras que Eugenio Talbot Wright se\u00f1al\u00f3 que \u201chay que crear estrategias para presionar para que algunas cuestiones cambien en la incorporaci\u00f3n de compa\u00f1eras y compa\u00f1eros de la poblaci\u00f3n travesti-trans\u201d.<\/p>\n\n\n\n<p>En ese sentido, cuestion\u00f3 que el Estado no est\u00e9 priorizando a personas en situaci\u00f3n de extrema vulnerabilidad, que no lograron terminar la escuela primaria o que est\u00e1n ejerciendo la prostituci\u00f3n, entre otras realidades.<\/p>\n\n\n\n<p>\u201cHay que ver con qu\u00e9 criterios est\u00e1n ingresando, porque no se est\u00e1 respetando el esp\u00edritu con el que se pens\u00f3 esta ley desde la militancia, desde el territorio, desde las bases. El Estado est\u00e1 revisando trayectorias laborales y de formaci\u00f3n. De alguna manera se est\u00e1 replicando un esquema sobre qui\u00e9n debe entrar a trabajar a la estructura del Estado\u00bb.<\/p>\n\n\n\n<p>\u00abHay que romper ciertos paradigmas: \u00bfqu\u00e9 es la experiencia laboral? Se dice que las personas trans no estamos en el mundo del trabajo, pero hemos estado siempre, pero hiper-precarizados y precarizadas\u00bb, agreg\u00f3.<\/p>\n\n\n\n<p>En paralelo, se refiri\u00f3 a la importancia de la sindicalizaci\u00f3n. \u201cLa poblaci\u00f3n travesti-trans tiene una concepci\u00f3n de la instancia colectiva muy fuerte, porque ha sido lo colectivo lo que nos ha permitido sobrevivir en un mundo absolutamente adverso. Ahora que ingresamos al Estado, tenemos que entender que tenemos que crear esos mismos lazos con los trabajadores y trabajadoras, y eso es a trav\u00e9s de la sindicalizaci\u00f3n\u201d.<\/p>\n\n\n\n<p>\u201cTenemos que tomar la voz nosotros y nosotras, que sabemos la realidad de la poblaci\u00f3n trans\/travesti, que conocemos los c\u00f3digos del lenguaje. Es empezar a contagiar a otros compa\u00f1eros y compa\u00f1eras sobre estas nuevas posibilidades que se nos abren a quienes est\u00e1n ingresando a trav\u00e9s del cupo, y que son extra\u00f1as\u201d dijo.<\/p>\n\n\n\n<p>Por \u00faltimo, se refiri\u00f3 a la importancia estrat\u00e9gica de la alianza entre el movimiento feminista y el movimiento de la Diversidad. \u201cEs inseparable y pensarlo desde ATE es esencial. Es entender esta uni\u00f3n que vienen realizando las mujeres con una apertura hacia la conquista de derechos hacia poblaciones vulneradas y violentadas; esa apertura se va ampliando hacia otras identidades como las identidades trans, travesti, no binaries\u201d, concluy\u00f3.<\/p>\n","protected":false},"excerpt":{"rendered":"<p>El Departamento de G\u00e9nero y Diversidad recibi\u00f3 al compa\u00f1ero Eugenio Talbot Wright, co-director del \u00e1rea de DDHH de ATE C\u00f3rdoba y responsable del \u00e1rea de Memoria en el MMGyD. El equipo de G\u00e9nero y Diversidad de ATE Nacional que encabeza Clarisa Gambera, recibi\u00f3 a Eugenio Talbot Wright, co-director del \u00e1rea de Derechos Humanos de ATE [&hellip;]<\/p>\n","protected":false},"author":5,"featured_media":29079,"comment_status":"open","ping_status":"open","sticky":true,"template":"","format":"standard","meta":{"_exactmetrics_skip_tracking":false,"_exactmetrics_sitenote_active":false,"_exactmetrics_sitenote_note":"","_exactmetrics_sitenote_category":0,"jnews-multi-image_gallery":[],"jnews_single_post":{"subtitle":"","format":"standard","video":"","gallery":"","source_name":"","source_url":"","via_name":"","via_url":"","override":[{"template":"1","single_blog_custom":"","parallax":"1","fullscreen":"1","layout":"right-sidebar","sidebar":"default-sidebar","second_sidebar":"default-sidebar","sticky_sidebar":"1","share_position":"top","share_float_style":"share-monocrhome","show_share_counter":"1","show_view_counter":"1","show_featured":"1","show_post_meta":"1","show_post_author":"1","show_post_author_image":"1","show_post_date":"1","post_date_format":"default","post_date_format_custom":"Y\/m\/d","show_post_category":"1","post_reading_time_wpm":"300","zoom_button_out_step":"2","zoom_button_in_step":"3","show_post_tag":"1","show_prev_next_post":"1","show_popup_post":"1","number_popup_post":"1"}],"image_override":[{"single_post_thumbnail_size":"crop-500","single_post_gallery_size":"crop-500"}],"trending_post_position":"meta","trending_post_label":"Trending","sponsored_post_label":"Sponsored by","sponsored_post_name":"","sponsored_post_url":"","sponsored_post_logo":"","sponsored_post_desc":""},"jnews_primary_category":{"id":""},"jnews_social_meta":[],"jnews_review":[],"enable_review":"","type":"","name":"","summary":"","brand":"","sku":"","good":[],"bad":[],"score_override":"","override_value":"","rating":[],"price":[],"jnews_override_counter":[],"jnews_post_split":[],"footnotes":""},"categories":[10,756,122,325],"tags":[],"class_list":["post-29078","post","type-post","status-publish","format-standard","has-post-thumbnail","hentry","category-accion-politica","category-consejo-directivo-nacional-cdn","category-ddhh","category-generos-y-diversidades"],"jetpack_featured_media_url":"https:\/\/atecordoba.org\/wp-content\/uploads\/2021\/11\/261036176_4544389182263531_319336363303855188_n.jpg","_links":{"self":[{"href":"https:\/\/atecordoba.org\/index.php?rest_route=\/wp\/v2\/posts\/29078","targetHints":{"allow":["GET"]}}],"collection":[{"href":"https:\/\/atecordoba.org\/index.php?rest_route=\/wp\/v2\/posts"}],"about":[{"href":"https:\/\/atecordoba.org\/index.php?rest_route=\/wp\/v2\/types\/post"}],"author":[{"embeddable":true,"href":"https:\/\/atecordoba.org\/index.php?rest_route=\/wp\/v2\/users\/5"}],"replies":[{"embeddable":true,"href":"https:\/\/atecordoba.org\/index.php?rest_route=%2Fwp%2Fv2%2Fcomments&post=29078"}],"version-history":[{"count":1,"href":"https:\/\/atecordoba.org\/index.php?rest_route=\/wp\/v2\/posts\/29078\/revisions"}],"predecessor-version":[{"id":29080,"href":"https:\/\/atecordoba.org\/index.php?rest_route=\/wp\/v2\/posts\/29078\/revisions\/29080"}],"wp:featuredmedia":[{"embeddable":true,"href":"https:\/\/atecordoba.org\/index.php?rest_route=\/wp\/v2\/media\/29079"}],"wp:attachment":[{"href":"https:\/\/atecordoba.org\/index.php?rest_route=%2Fwp%2Fv2%2Fmedia&parent=29078"}],"wp:term":[{"taxonomy":"category","embeddable":true,"href":"https:\/\/atecordoba.org\/index.php?rest_route=%2Fwp%2Fv2%2Fcategories&post=29078"},{"taxonomy":"post_tag","embeddable":true,"href":"https:\/\/atecordoba.org\/index.php?rest_route=%2Fwp%2Fv2%2Ftags&post=29078"}],"curies":[{"name":"wp","href":"https:\/\/api.w.org\/{rel}","templated":true}]}}