{"id":29070,"date":"2021-11-26T12:33:02","date_gmt":"2021-11-26T15:33:02","guid":{"rendered":"https:\/\/atecordoba.org\/?p=29070"},"modified":"2021-11-26T12:37:35","modified_gmt":"2021-11-26T15:37:35","slug":"movilizaciones-por-el-dia-internacional-de-la-no-violencia-de-genero","status":"publish","type":"post","link":"https:\/\/atecordoba.org\/?p=29070","title":{"rendered":"Movilizaciones por el D\u00eda Internacional de la No Violencia de g\u00e9nero"},"content":{"rendered":"\n<p>En C\u00f3rdoba la concentraci\u00f3n fue a las 17:00 en la esquina de Col\u00f3n y Ca\u00f1ada. Se reclam\u00f3 al gobierno provincial y nacional pol\u00edticas p\u00fablicas para prevenir y erradicar la violencia contra las mujeres y diversidades.<\/p>\n\n\n\n<p>A nivel nacional <strong>se levant\u00f3 la bandera contra la violencia institucional y la represi\u00f3n estatal<\/strong>.<\/p>\n\n\n\n<p>&#8220;Las feministas decimos NO al acuerdo que consagra la impunidad del gobierno asesino de Pi\u00f1era. Exigimos su renuncia ya&#8221;, puede leerse en comunicado de Ni Una Menos.<\/p>\n\n\n\n<p><strong>Organizaciones sociales y pol\u00edticas marcharon este jueves en C\u00f3rdoba y el pa\u00eds en el D\u00eda Internacional de la Eliminaci\u00f3n de la Violencia contra la Mujer. <\/strong>&#8220;Basta de femicidios, transfemicidios y travesticidios&#8221;, fue el lema de la convocatoria, as\u00ed como &#8220;Presupuesto inmediato y aplicaci\u00f3n efectiva de la IVE, la ESI y del cupo laboral travesti trans. Desmantelamiento de las redes de trata sostenidas con la complicidad del poder pol\u00edtico, la Justicia y la Polic\u00eda. Aparici\u00f3n con vida de Tehuel. La deuda es con nosotras y nosotres \u00a1no al pago al FMI! &nbsp;Basta de ajuste, extractivismo y represi\u00f3n. Basta de abuso sexual hacia las infancias y adolescencias&#8221;.<\/p>\n\n\n\n<p>Gabriela Alcoba Directora del Departamento de G\u00e9neros y Diversidades de ATE C\u00f3rdoba expres\u00f3: \u201cestamos felices de estar ac\u00e1, un orgullo poder estar todas juntas caminando como ATE, estando en la calle donde es que hay que estar. Por eso estamos ac\u00e1 participando con compa\u00f1eras de ATE y nuestra CTAA para decir que la deuda es con nosotras\u201d.<\/p>\n\n\n\n<p>MARCHAMOS PARA DECIR:<\/p>\n\n\n\n<p>*Basta de femicidios, transfemicidios y travesticidios<\/p>\n\n\n\n<p>*Basta a la cultura Machista!<\/p>\n\n\n\n<p>*La violencia institucional es violencia patriarcal<\/p>\n\n\n\n<p>*Por una Reforma Judicial con perspectiva de G\u00e9nero<\/p>\n\n\n\n<p>*Desmantelamiento de las redes de trata aparici\u00f3n con vida de Tehuel<\/p>\n\n\n\n<p>*La deuda es con nosotras y nosotres<\/p>\n\n\n\n<p>\u00a1Libres, vivas y desendeudadxs nos queremos!<\/p>\n\n\n\n<p><strong>Conversatroiorio con perspectiva de g\u00e9nero: recursos diversos para nuevas practicas<\/strong><\/p>\n\n\n\n<p>D\u00edas pasado se realiz\u00f3 un conversatorio en el que particip\u00f3 Julia Giuliani, Secretria de Prensa y Comunicaci\u00f3n de ATE C\u00f3rdoba y Secretaria de Relaciones Institucionales de la CTAA R\u00edo Cuarto.<\/p>\n\n\n\n<p>En su alocuci\u00f3n Giuliani se\u00f1al\u00f3: \u201csomos las trabajadoras estatales garantes de derchos y as\u00ed nos concebimos con otras, otros y otres. Las experiencias son colectivas y no individuales, por eso remarcar que no hay vida plena posible y feliz si no es construyendo a la par con otras y otros; por eso cuando el eje disparador era de qu\u00e9 violencia simb\u00f3lica somos v\u00edctimas se\u00f1alar que quienes somos parte de movimientos sociales y sindicales somos agraviadas no solo desde lo discursivo que forman los medios hegem\u00f3nicos tratandonos de planeras y de \u00f1oquis y la sociedad se hace eco de esto, por eso hay que repensar nuestras estrategias comunicacionales y rescatar el aporte que desde las militancias realizamos al conjunto de la sociedad\u201d.<\/p>\n\n\n\n<p>Para combatir las violencias lo mejor son los abrazos que nos permiten encontrarnos y seguir caminando para lograr esas transformaciones necesarias en la que retomar lo urgente de criar una nueva humanidad, es la consigna. Vovler a la tribu, esa que el capitalismo y patriarcado nos hizo creer que el mundo en lo p\u00fablico y privado se solucionaba de a dos rompi\u00f3 la posibilidad de lo colectivo.<\/p>\n\n\n\n<p>El link del conversatorio completo ac\u00e1: <a href=\"https:\/\/youtu.be\/aXGgZLpQaMo\">https:\/\/youtu.be\/aXGgZLpQaMo<\/a><\/p>\n\n\n\n<figure class=\"wp-block-gallery columns-3 is-cropped wp-block-gallery-1 is-layout-flex wp-block-gallery-is-layout-flex\"><ul class=\"blocks-gallery-grid\"><li class=\"blocks-gallery-item\"><figure><img loading=\"lazy\" decoding=\"async\" width=\"1024\" height=\"768\" src=\"https:\/\/atecordoba.org\/wp-content\/uploads\/2021\/11\/261025107_4544389385596844_3579596867456954923_n-1024x768.jpg\" alt=\"\" data-id=\"29072\" data-link=\"https:\/\/atecordoba.org\/?attachment_id=29072\" class=\"wp-image-29072\" srcset=\"https:\/\/atecordoba.org\/wp-content\/uploads\/2021\/11\/261025107_4544389385596844_3579596867456954923_n-1024x768.jpg 1024w, https:\/\/atecordoba.org\/wp-content\/uploads\/2021\/11\/261025107_4544389385596844_3579596867456954923_n-300x225.jpg 300w, https:\/\/atecordoba.org\/wp-content\/uploads\/2021\/11\/261025107_4544389385596844_3579596867456954923_n-768x576.jpg 768w, https:\/\/atecordoba.org\/wp-content\/uploads\/2021\/11\/261025107_4544389385596844_3579596867456954923_n-1536x1152.jpg 1536w, https:\/\/atecordoba.org\/wp-content\/uploads\/2021\/11\/261025107_4544389385596844_3579596867456954923_n-750x563.jpg 750w, https:\/\/atecordoba.org\/wp-content\/uploads\/2021\/11\/261025107_4544389385596844_3579596867456954923_n-1140x855.jpg 1140w, https:\/\/atecordoba.org\/wp-content\/uploads\/2021\/11\/261025107_4544389385596844_3579596867456954923_n.jpg 2048w\" sizes=\"auto, (max-width: 1024px) 100vw, 1024px\" \/><\/figure><\/li><li class=\"blocks-gallery-item\"><figure><img loading=\"lazy\" decoding=\"async\" width=\"1024\" height=\"576\" src=\"https:\/\/atecordoba.org\/wp-content\/uploads\/2021\/11\/261285856_4544388925596890_1939893773010210663_n-1024x576.jpg\" alt=\"\" data-id=\"29073\" data-link=\"https:\/\/atecordoba.org\/?attachment_id=29073\" class=\"wp-image-29073\" srcset=\"https:\/\/atecordoba.org\/wp-content\/uploads\/2021\/11\/261285856_4544388925596890_1939893773010210663_n-1024x576.jpg 1024w, https:\/\/atecordoba.org\/wp-content\/uploads\/2021\/11\/261285856_4544388925596890_1939893773010210663_n-300x169.jpg 300w, https:\/\/atecordoba.org\/wp-content\/uploads\/2021\/11\/261285856_4544388925596890_1939893773010210663_n-768x432.jpg 768w, https:\/\/atecordoba.org\/wp-content\/uploads\/2021\/11\/261285856_4544388925596890_1939893773010210663_n-1536x864.jpg 1536w, https:\/\/atecordoba.org\/wp-content\/uploads\/2021\/11\/261285856_4544388925596890_1939893773010210663_n-750x422.jpg 750w, https:\/\/atecordoba.org\/wp-content\/uploads\/2021\/11\/261285856_4544388925596890_1939893773010210663_n-1140x641.jpg 1140w, https:\/\/atecordoba.org\/wp-content\/uploads\/2021\/11\/261285856_4544388925596890_1939893773010210663_n.jpg 1600w\" sizes=\"auto, (max-width: 1024px) 100vw, 1024px\" \/><\/figure><\/li><li class=\"blocks-gallery-item\"><figure><img loading=\"lazy\" decoding=\"async\" width=\"1024\" height=\"576\" src=\"https:\/\/atecordoba.org\/wp-content\/uploads\/2021\/11\/261043901_4544388792263570_8512900226591297191_n-1024x576.jpg\" alt=\"\" data-id=\"29074\" data-full-url=\"https:\/\/atecordoba.org\/wp-content\/uploads\/2021\/11\/261043901_4544388792263570_8512900226591297191_n.jpg\" data-link=\"https:\/\/atecordoba.org\/?attachment_id=29074\" class=\"wp-image-29074\" srcset=\"https:\/\/atecordoba.org\/wp-content\/uploads\/2021\/11\/261043901_4544388792263570_8512900226591297191_n-1024x576.jpg 1024w, https:\/\/atecordoba.org\/wp-content\/uploads\/2021\/11\/261043901_4544388792263570_8512900226591297191_n-300x169.jpg 300w, https:\/\/atecordoba.org\/wp-content\/uploads\/2021\/11\/261043901_4544388792263570_8512900226591297191_n-768x432.jpg 768w, https:\/\/atecordoba.org\/wp-content\/uploads\/2021\/11\/261043901_4544388792263570_8512900226591297191_n-1536x864.jpg 1536w, https:\/\/atecordoba.org\/wp-content\/uploads\/2021\/11\/261043901_4544388792263570_8512900226591297191_n-750x422.jpg 750w, https:\/\/atecordoba.org\/wp-content\/uploads\/2021\/11\/261043901_4544388792263570_8512900226591297191_n-1140x641.jpg 1140w, https:\/\/atecordoba.org\/wp-content\/uploads\/2021\/11\/261043901_4544388792263570_8512900226591297191_n.jpg 1600w\" sizes=\"auto, (max-width: 1024px) 100vw, 1024px\" \/><\/figure><\/li><\/ul><\/figure>\n","protected":false},"excerpt":{"rendered":"<p>En C\u00f3rdoba la concentraci\u00f3n fue a las 17:00 en la esquina de Col\u00f3n y Ca\u00f1ada. Se reclam\u00f3 al gobierno provincial y nacional pol\u00edticas p\u00fablicas para prevenir y erradicar la violencia contra las mujeres y diversidades. A nivel nacional se levant\u00f3 la bandera contra la violencia institucional y la represi\u00f3n estatal. &#8220;Las feministas decimos NO al [&hellip;]<\/p>\n","protected":false},"author":5,"featured_media":29071,"comment_status":"open","ping_status":"open","sticky":true,"template":"","format":"standard","meta":{"_exactmetrics_skip_tracking":false,"_exactmetrics_sitenote_active":false,"_exactmetrics_sitenote_note":"","_exactmetrics_sitenote_category":0,"jnews-multi-image_gallery":[],"jnews_single_post":{"subtitle":"","format":"standard","video":"","gallery":"","source_name":"","source_url":"","via_name":"","via_url":"","override":[{"template":"1","single_blog_custom":"","parallax":"1","fullscreen":"1","layout":"right-sidebar","sidebar":"default-sidebar","second_sidebar":"default-sidebar","sticky_sidebar":"1","share_position":"top","share_float_style":"share-monocrhome","show_share_counter":"1","show_view_counter":"1","show_featured":"1","show_post_meta":"1","show_post_author":"1","show_post_author_image":"1","show_post_date":"1","post_date_format":"default","post_date_format_custom":"Y\/m\/d","show_post_category":"1","post_reading_time_wpm":"300","zoom_button_out_step":"2","zoom_button_in_step":"3","show_post_tag":"1","show_prev_next_post":"1","show_popup_post":"1","number_popup_post":"1"}],"image_override":[{"single_post_thumbnail_size":"crop-500","single_post_gallery_size":"crop-500"}],"trending_post_position":"meta","trending_post_label":"Trending","sponsored_post_label":"Sponsored by","sponsored_post_name":"","sponsored_post_url":"","sponsored_post_logo":"","sponsored_post_desc":""},"jnews_primary_category":{"id":""},"jnews_social_meta":[],"jnews_review":[],"enable_review":"","type":"","name":"","summary":"","brand":"","sku":"","good":[],"bad":[],"score_override":"","override_value":"","rating":[],"price":[],"jnews_override_counter":[],"jnews_post_split":[],"footnotes":""},"categories":[10,53,325],"tags":[],"class_list":["post-29070","post","type-post","status-publish","format-standard","has-post-thumbnail","hentry","category-accion-politica","category-comunicados-de-prensa","category-generos-y-diversidades"],"jetpack_featured_media_url":"https:\/\/atecordoba.org\/wp-content\/uploads\/2021\/11\/261345820_4544388535596929_8406979918089376817_n.jpg","_links":{"self":[{"href":"https:\/\/atecordoba.org\/index.php?rest_route=\/wp\/v2\/posts\/29070","targetHints":{"allow":["GET"]}}],"collection":[{"href":"https:\/\/atecordoba.org\/index.php?rest_route=\/wp\/v2\/posts"}],"about":[{"href":"https:\/\/atecordoba.org\/index.php?rest_route=\/wp\/v2\/types\/post"}],"author":[{"embeddable":true,"href":"https:\/\/atecordoba.org\/index.php?rest_route=\/wp\/v2\/users\/5"}],"replies":[{"embeddable":true,"href":"https:\/\/atecordoba.org\/index.php?rest_route=%2Fwp%2Fv2%2Fcomments&post=29070"}],"version-history":[{"count":3,"href":"https:\/\/atecordoba.org\/index.php?rest_route=\/wp\/v2\/posts\/29070\/revisions"}],"predecessor-version":[{"id":29077,"href":"https:\/\/atecordoba.org\/index.php?rest_route=\/wp\/v2\/posts\/29070\/revisions\/29077"}],"wp:featuredmedia":[{"embeddable":true,"href":"https:\/\/atecordoba.org\/index.php?rest_route=\/wp\/v2\/media\/29071"}],"wp:attachment":[{"href":"https:\/\/atecordoba.org\/index.php?rest_route=%2Fwp%2Fv2%2Fmedia&parent=29070"}],"wp:term":[{"taxonomy":"category","embeddable":true,"href":"https:\/\/atecordoba.org\/index.php?rest_route=%2Fwp%2Fv2%2Fcategories&post=29070"},{"taxonomy":"post_tag","embeddable":true,"href":"https:\/\/atecordoba.org\/index.php?rest_route=%2Fwp%2Fv2%2Ftags&post=29070"}],"curies":[{"name":"wp","href":"https:\/\/api.w.org\/{rel}","templated":true}]}}