{"id":29052,"date":"2021-11-25T14:35:04","date_gmt":"2021-11-25T17:35:04","guid":{"rendered":"https:\/\/atecordoba.org\/?p=29052"},"modified":"2021-11-25T14:42:35","modified_gmt":"2021-11-25T17:42:35","slug":"el-concejo-deliberante-de-rio-tercero-aprueba-la-ordenanza-propuesta-por-ate-que-establece-la-licencia-por-violencia-de-genero","status":"publish","type":"post","link":"https:\/\/atecordoba.org\/?p=29052","title":{"rendered":"El concejo deliberante de R\u00edo  Tercero aprueba la ordenanza propuesta por ATE que establece la licencia por violencia de g\u00e9nero"},"content":{"rendered":"\n<div class=\"wp-block-image\"><figure class=\"aligncenter size-large is-resized\"><img loading=\"lazy\" decoding=\"async\" src=\"https:\/\/atecordoba.org\/wp-content\/uploads\/2021\/11\/FB_IMG_1637854174809.jpg\" alt=\"\" class=\"wp-image-29053\" width=\"720\" height=\"405\" srcset=\"https:\/\/atecordoba.org\/wp-content\/uploads\/2021\/11\/FB_IMG_1637854174809.jpg 960w, https:\/\/atecordoba.org\/wp-content\/uploads\/2021\/11\/FB_IMG_1637854174809-300x169.jpg 300w, https:\/\/atecordoba.org\/wp-content\/uploads\/2021\/11\/FB_IMG_1637854174809-768x432.jpg 768w, https:\/\/atecordoba.org\/wp-content\/uploads\/2021\/11\/FB_IMG_1637854174809-750x422.jpg 750w\" sizes=\"auto, (max-width: 720px) 100vw, 720px\" \/><\/figure><\/div>\n\n\n\n<p>Esta ma\u00f1ana el Concejo Deliberante de la Ciudad de R\u00edo Tercero aprob\u00f3 una ordenanza que establece en el Estatuto Municipal la licencia por violencia de g\u00e9nero, a instancias de <a href=\"https:\/\/atecordoba.org\/?p=26213\">un proyecto presentado por la seccional ATE R\u00edo Tercero<\/a> en conjunto con el cuerpo de delegadas y delegados municipales.<\/p>\n\n\n\n<p>Ahora las trabajadoras y disidencias tendr\u00e1n el derecho de acceder hasta a un mes de licencia \u2013renovable a otro mes m\u00e1s- con garant\u00eda de que no ver\u00e1n afectados sus condiciones laborales ni salariales durante el periodo en vigencia. Cabe se\u00f1alar que la licencia podr\u00e1 tomarse independientemente que el hecho suceda dentro del \u00e1mbito laboral o de la vida personal, por caso si se tratase de un caso de violencia intrafamiliar.<\/p>\n\n\n\n<p>\u201cEstamos muy contentas porque realizamos el proyecto y ahora la Municipalidad lo llevar\u00e1 a la pr\u00e1ctica. Creemos que es una obligaci\u00f3n de este gremio estar presentes en estas instancias y seguir luchando para la conquista de m\u00e1s derechos para las mujeres y disidencias\u201d, dijo la secretaria General Adjunta de la seccional y referente de g\u00e9nero en la localidad, Ver\u00f3nica Pramparo.<\/p>\n\n\n\n<div class=\"wp-block-image\"><figure class=\"alignleft size-large is-resized\"><img loading=\"lazy\" decoding=\"async\" src=\"https:\/\/atecordoba.org\/wp-content\/uploads\/2021\/11\/FB_IMG_1637854165319-1.jpg\" alt=\"\" class=\"wp-image-29057\" width=\"480\" height=\"270\" srcset=\"https:\/\/atecordoba.org\/wp-content\/uploads\/2021\/11\/FB_IMG_1637854165319-1.jpg 960w, https:\/\/atecordoba.org\/wp-content\/uploads\/2021\/11\/FB_IMG_1637854165319-1-300x169.jpg 300w, https:\/\/atecordoba.org\/wp-content\/uploads\/2021\/11\/FB_IMG_1637854165319-1-768x432.jpg 768w, https:\/\/atecordoba.org\/wp-content\/uploads\/2021\/11\/FB_IMG_1637854165319-1-750x422.jpg 750w\" sizes=\"auto, (max-width: 480px) 100vw, 480px\" \/><\/figure><\/div>\n\n\n\n<p>La dirigente adelant\u00f3 adem\u00e1s que \u201ctrabajamos tambi\u00e9n en un proyecto de protocolo ante casos de violencia en el \u00e1mbito del municipio. Est\u00e1 elaborado y a disposici\u00f3n del ejecutivo municipal y los concejales que lo requieran, para que sea tratado a la brevedad\u201d.<\/p>\n\n\n\n<p>Desde el Departamento de G\u00e9neros y Diversidades del Consejo Directivo Provincial (CDP), Gabriela Alcoba acompa\u00f1\u00f3 a las y los compa\u00f1eros de ATE R\u00edo Tercero durante la sesi\u00f3n y expres\u00f3 su felicidad \u201cporque seguimos avanzando en derechos para las compa\u00f1eras y les compa\u00f1eres. Hay que aclarar que el proyecto contempla tambi\u00e9n a las disidencias sexuales\u201d.<\/p>\n\n\n\n<p>\u201cEs un gran logro de ATE R\u00edo Tercero, de las y los trabajadores municipales. Ahora vamos por un protocolo de actuaci\u00f3n dentro de \u00e1mbito municipal y seguiremos conquistando derechos hasta que la dignidad se haga costumbre\u201d, concluy\u00f3 la dirigente.<\/p>\n\n\n\n<p>Tambi\u00e9n salud\u00f3 el triunfo de ATE, Gisel Giordano, trabajadora municipal y una de las que aport\u00f3 al proyecto de ordenanza junto a otras compa\u00f1eras, destacando que la Licencia por Violencia de G\u00e9nero y Disidencias en el \u00e1mbito laboral municipal &#8220;es un hecho pol\u00edtico sindical, forjado desde ATE al calor de la lucha en contra de la violencia de G\u00e9nero y erradicaci\u00f3n de la misma\u201d.<\/p>\n\n\n\n<p>Giordano felicit\u00f3 a las trabajadoras en este nuevo avance y las alent\u00f3 \u201ca seguir conquistando derechos\u201d.<\/p>\n\n\n\n<figure class=\"wp-block-gallery columns-2 is-cropped wp-block-gallery-1 is-layout-flex wp-block-gallery-is-layout-flex\"><ul class=\"blocks-gallery-grid\"><li class=\"blocks-gallery-item\"><figure><a href=\"https:\/\/atecordoba.org\/wp-content\/uploads\/2021\/11\/FB_IMG_1637854177338-2.jpg\"><img loading=\"lazy\" decoding=\"async\" width=\"960\" height=\"540\" src=\"https:\/\/atecordoba.org\/wp-content\/uploads\/2021\/11\/FB_IMG_1637854177338-2.jpg\" alt=\"\" data-id=\"29061\" data-full-url=\"https:\/\/atecordoba.org\/wp-content\/uploads\/2021\/11\/FB_IMG_1637854177338-2.jpg\" data-link=\"https:\/\/atecordoba.org\/?attachment_id=29061\" class=\"wp-image-29061\" srcset=\"https:\/\/atecordoba.org\/wp-content\/uploads\/2021\/11\/FB_IMG_1637854177338-2.jpg 960w, https:\/\/atecordoba.org\/wp-content\/uploads\/2021\/11\/FB_IMG_1637854177338-2-300x169.jpg 300w, https:\/\/atecordoba.org\/wp-content\/uploads\/2021\/11\/FB_IMG_1637854177338-2-768x432.jpg 768w, https:\/\/atecordoba.org\/wp-content\/uploads\/2021\/11\/FB_IMG_1637854177338-2-750x422.jpg 750w\" sizes=\"auto, (max-width: 960px) 100vw, 960px\" \/><\/a><\/figure><\/li><li class=\"blocks-gallery-item\"><figure><a href=\"https:\/\/atecordoba.org\/wp-content\/uploads\/2021\/11\/FB_IMG_1637854154918-2.jpg\"><img loading=\"lazy\" decoding=\"async\" width=\"960\" height=\"540\" src=\"https:\/\/atecordoba.org\/wp-content\/uploads\/2021\/11\/FB_IMG_1637854154918-2.jpg\" alt=\"\" data-id=\"29062\" data-full-url=\"https:\/\/atecordoba.org\/wp-content\/uploads\/2021\/11\/FB_IMG_1637854154918-2.jpg\" data-link=\"https:\/\/atecordoba.org\/?attachment_id=29062\" class=\"wp-image-29062\" srcset=\"https:\/\/atecordoba.org\/wp-content\/uploads\/2021\/11\/FB_IMG_1637854154918-2.jpg 960w, https:\/\/atecordoba.org\/wp-content\/uploads\/2021\/11\/FB_IMG_1637854154918-2-300x169.jpg 300w, https:\/\/atecordoba.org\/wp-content\/uploads\/2021\/11\/FB_IMG_1637854154918-2-768x432.jpg 768w, https:\/\/atecordoba.org\/wp-content\/uploads\/2021\/11\/FB_IMG_1637854154918-2-750x422.jpg 750w\" sizes=\"auto, (max-width: 960px) 100vw, 960px\" \/><\/a><\/figure><\/li><\/ul><\/figure>\n","protected":false},"excerpt":{"rendered":"<p>Esta ma\u00f1ana el Concejo Deliberante de la Ciudad de R\u00edo Tercero aprob\u00f3 una ordenanza que establece en el Estatuto Municipal la licencia por violencia de g\u00e9nero, a instancias de un proyecto presentado por la seccional ATE R\u00edo Tercero en conjunto con el cuerpo de delegadas y delegados municipales. Ahora las trabajadoras y disidencias tendr\u00e1n el [&hellip;]<\/p>\n","protected":false},"author":7,"featured_media":29058,"comment_status":"open","ping_status":"open","sticky":false,"template":"","format":"standard","meta":{"_exactmetrics_skip_tracking":false,"_exactmetrics_sitenote_active":false,"_exactmetrics_sitenote_note":"","_exactmetrics_sitenote_category":0,"jnews-multi-image_gallery":[],"jnews_single_post":{"subtitle":"La licencia ser\u00e1 de aplicaci\u00f3n m\u00e1s all\u00e1 que el hecho de violencia se produzca en el \u00e1mbito laboral o privado. ","format":"standard","video":"","gallery":"","source_name":"","source_url":"","via_name":"","via_url":"","override":[{"template":"1","single_blog_custom":"","parallax":"1","fullscreen":"1","layout":"right-sidebar","sidebar":"default-sidebar","second_sidebar":"default-sidebar","sticky_sidebar":"1","share_position":"top","share_float_style":"share-monocrhome","show_share_counter":"1","show_view_counter":"1","show_featured":"1","show_post_meta":"1","show_post_author":"1","show_post_author_image":"1","show_post_date":"1","post_date_format":"default","post_date_format_custom":"Y\/m\/d","show_post_category":"1","post_reading_time_wpm":"300","zoom_button_out_step":"2","zoom_button_in_step":"3","show_post_tag":"1","show_prev_next_post":"1","show_popup_post":"1","number_popup_post":"1"}],"image_override":[{"single_post_thumbnail_size":"crop-500","single_post_gallery_size":"crop-500"}],"trending_post_position":"meta","trending_post_label":"Trending","sponsored_post_label":"Sponsored by","sponsored_post_name":"","sponsored_post_url":"","sponsored_post_logo":"","sponsored_post_desc":""},"jnews_primary_category":{"id":""},"jnews_social_meta":[],"jnews_review":[],"enable_review":"","type":"","name":"","summary":"","brand":"","sku":"","good":[],"bad":[],"score_override":"","override_value":"","rating":[],"price":[],"jnews_override_counter":[],"jnews_post_split":[],"footnotes":""},"categories":[325,13],"tags":[839],"class_list":["post-29052","post","type-post","status-publish","format-standard","has-post-thumbnail","hentry","category-generos-y-diversidades","category-rio-tercero","tag-licencia-por-violencia-de-genero"],"jetpack_featured_media_url":"https:\/\/atecordoba.org\/wp-content\/uploads\/2021\/11\/FB_IMG_1637854174809-1-e1637861695119.jpg","_links":{"self":[{"href":"https:\/\/atecordoba.org\/index.php?rest_route=\/wp\/v2\/posts\/29052","targetHints":{"allow":["GET"]}}],"collection":[{"href":"https:\/\/atecordoba.org\/index.php?rest_route=\/wp\/v2\/posts"}],"about":[{"href":"https:\/\/atecordoba.org\/index.php?rest_route=\/wp\/v2\/types\/post"}],"author":[{"embeddable":true,"href":"https:\/\/atecordoba.org\/index.php?rest_route=\/wp\/v2\/users\/7"}],"replies":[{"embeddable":true,"href":"https:\/\/atecordoba.org\/index.php?rest_route=%2Fwp%2Fv2%2Fcomments&post=29052"}],"version-history":[{"count":2,"href":"https:\/\/atecordoba.org\/index.php?rest_route=\/wp\/v2\/posts\/29052\/revisions"}],"predecessor-version":[{"id":29065,"href":"https:\/\/atecordoba.org\/index.php?rest_route=\/wp\/v2\/posts\/29052\/revisions\/29065"}],"wp:featuredmedia":[{"embeddable":true,"href":"https:\/\/atecordoba.org\/index.php?rest_route=\/wp\/v2\/media\/29058"}],"wp:attachment":[{"href":"https:\/\/atecordoba.org\/index.php?rest_route=%2Fwp%2Fv2%2Fmedia&parent=29052"}],"wp:term":[{"taxonomy":"category","embeddable":true,"href":"https:\/\/atecordoba.org\/index.php?rest_route=%2Fwp%2Fv2%2Fcategories&post=29052"},{"taxonomy":"post_tag","embeddable":true,"href":"https:\/\/atecordoba.org\/index.php?rest_route=%2Fwp%2Fv2%2Ftags&post=29052"}],"curies":[{"name":"wp","href":"https:\/\/api.w.org\/{rel}","templated":true}]}}