{"id":29046,"date":"2021-11-25T11:21:39","date_gmt":"2021-11-25T14:21:39","guid":{"rendered":"https:\/\/atecordoba.org\/?p=29046"},"modified":"2021-11-25T11:22:44","modified_gmt":"2021-11-25T14:22:44","slug":"fabricaciones-militares-inicio-formal-de-las-negociaciones-por-el-convenio-colectivo","status":"publish","type":"post","link":"https:\/\/atecordoba.org\/?p=29046","title":{"rendered":"Fabricaciones Militares: inicio formal de las negociaciones por el Convenio Colectivo"},"content":{"rendered":"\n<div class=\"wp-block-image\"><figure class=\"aligncenter size-large\"><img loading=\"lazy\" decoding=\"async\" width=\"650\" height=\"433\" src=\"https:\/\/atecordoba.org\/wp-content\/uploads\/2021\/11\/zoom-ffmm-cct.jpg\" alt=\"\" class=\"wp-image-29047\" srcset=\"https:\/\/atecordoba.org\/wp-content\/uploads\/2021\/11\/zoom-ffmm-cct.jpg 650w, https:\/\/atecordoba.org\/wp-content\/uploads\/2021\/11\/zoom-ffmm-cct-300x200.jpg 300w\" sizes=\"auto, (max-width: 650px) 100vw, 650px\" \/><\/figure><\/div>\n\n\n\n<p>De forma virtual, ayer comenz\u00f3 la primera reuni\u00f3n formal de negociaciones por el Convenio para los compa\u00f1eros y las compa\u00f1eras de Fabricaciones Militares. En representaci\u00f3n del Consejo Directivo Nacional de ATE estuvieron presentes los compa\u00f1eros Flavio Vergara y Orestes \u2018Beto\u2019 Galeano; Alexis Berraza del equipo jur\u00eddico; y los compa\u00f1eros Fernando Mercado, Dami\u00e1n Albornoz y Fernando Peyrano en representaci\u00f3n de los trabajadores y trabajadoras de las f\u00e1bricas. Por el Estado empleador estuvieron presentes Mauricio Riafrecha por Fabricaciones Militares S.E. y Mauro Palumbo por la Subsecretar\u00eda de la Gesti\u00f3n P\u00fablica.<\/p>\n\n\n\n<p>Tras la reuni\u00f3n, el compa\u00f1ero Orestes \u2018Beto\u2019 Galeano coment\u00f3: \u201cEn el d\u00eda de hoy, despu\u00e9s de d\u00e9cadas de anhelo por tener un Convenio Colectivo en Fabricaciones Militares, hoy se hizo el formal inicio de negociaciones en el marco del Convenio 214. So\u00f1aron con este Convenio compa\u00f1eros como Miguel Peyrano, Jorge Acedo, \u2018Cacho\u2019 Mengarelli y otros que fueron parte de la recuperaci\u00f3n del gremio en 1984\u201d.<\/p>\n\n\n\n<div class=\"wp-block-image\"><figure class=\"alignright size-large is-resized\"><img loading=\"lazy\" decoding=\"async\" src=\"https:\/\/atecordoba.org\/wp-content\/uploads\/2021\/11\/002-6.jpg\" alt=\"\" class=\"wp-image-29048\" width=\"488\" height=\"325\" srcset=\"https:\/\/atecordoba.org\/wp-content\/uploads\/2021\/11\/002-6.jpg 650w, https:\/\/atecordoba.org\/wp-content\/uploads\/2021\/11\/002-6-300x200.jpg 300w\" sizes=\"auto, (max-width: 488px) 100vw, 488px\" \/><\/figure><\/div>\n\n\n\n<p>\u201cSe plantearon temas que quedaron pendientes de respuestas como, por ejemplo, el conteo que debe efectuarse en el marco de este convenio sectorial. Se acord\u00f3 que se presentar\u00e1n formalmente por escritos qui\u00e9nes ser\u00e1n los paritarios negociadores titulares, y los equipos asesores t\u00e9cnicos de esos paritarios. El compa\u00f1ero Flavio Vergara plante\u00f3 adem\u00e1s que, as\u00ed como en otros convenios se pudo hacer un adicional a la pauta federal de incremento salarial, tambi\u00e9n el Estado pueda aceptar este planteo y otorgar una pauta extra. Se acord\u00f3 que primero el Estado empleador, o sea Fabricaciones Militares y Gesti\u00f3n P\u00fablica, tendr\u00e1 reuniones para acordar entre ellos los planteos que har\u00e1 ante las entidades sindicales y, a partir de ah\u00ed, empezar\u00e1n las reuniones y las mesas t\u00e9cnicas de funcionamiento\u201d, agreg\u00f3 Galeano.<\/p>\n\n\n\n<p>\u201cTambi\u00e9n se hizo el planteo de status quo, es decir, que tal cual lo dice el decreto de creaci\u00f3n de Fabricaciones Militares S.E., se reconozcan todos los derechos preexistentes de los trabajadores y las trabajadoras, y que no haya ning\u00fan tipo de despido arbitrario, reconociendo que en esta etapa no ha habido ni ning\u00fan despido, ni la intenci\u00f3n de despedir a nadie\u201d, cerr\u00f3 Galeano.<\/p>\n","protected":false},"excerpt":{"rendered":"<p>De forma virtual, ayer comenz\u00f3 la primera reuni\u00f3n formal de negociaciones por el Convenio para los compa\u00f1eros y las compa\u00f1eras de Fabricaciones Militares. En representaci\u00f3n del Consejo Directivo Nacional de ATE estuvieron presentes los compa\u00f1eros Flavio Vergara y Orestes \u2018Beto\u2019 Galeano; Alexis Berraza del equipo jur\u00eddico; y los compa\u00f1eros Fernando Mercado, Dami\u00e1n Albornoz y Fernando [&hellip;]<\/p>\n","protected":false},"author":7,"featured_media":29049,"comment_status":"open","ping_status":"open","sticky":false,"template":"","format":"standard","meta":{"_exactmetrics_skip_tracking":false,"_exactmetrics_sitenote_active":false,"_exactmetrics_sitenote_note":"","_exactmetrics_sitenote_category":0,"jnews-multi-image_gallery":[],"jnews_single_post":{"subtitle":"\"Despu\u00e9s de d\u00e9cadas de anhelo por tener un Convenio Colectivo en Fabricaciones Militares, hoy se hizo el formal inicio de negociaciones en el marco del Convenio 214. So\u00f1aron con este Convenio compa\u00f1eros como Miguel Peyrano, Jorge Acedo, \u2018Cacho\u2019 Mengarelli y otros que fueron parte de la recuperaci\u00f3n del gremio en 1984\u201d, resumieron los paritarios de ATE.","format":"standard","video":"","gallery":"","source_name":"","source_url":"","via_name":"","via_url":"","override":[{"template":"1","single_blog_custom":"","parallax":"1","fullscreen":"1","layout":"right-sidebar","sidebar":"default-sidebar","second_sidebar":"default-sidebar","sticky_sidebar":"1","share_position":"top","share_float_style":"share-monocrhome","show_share_counter":"1","show_view_counter":"1","show_featured":"1","show_post_meta":"1","show_post_author":"1","show_post_author_image":"1","show_post_date":"1","post_date_format":"default","post_date_format_custom":"Y\/m\/d","show_post_category":"1","post_reading_time_wpm":"300","zoom_button_out_step":"2","zoom_button_in_step":"3","show_post_tag":"1","show_prev_next_post":"1","show_popup_post":"1","number_popup_post":"1"}],"image_override":[{"single_post_thumbnail_size":"crop-500","single_post_gallery_size":"crop-500"}],"trending_post_position":"meta","trending_post_label":"Trending","sponsored_post_label":"Sponsored by","sponsored_post_name":"","sponsored_post_url":"","sponsored_post_logo":"","sponsored_post_desc":""},"jnews_primary_category":{"id":""},"jnews_social_meta":[],"jnews_review":[],"enable_review":"","type":"","name":"","summary":"","brand":"","sku":"","good":[],"bad":[],"score_override":"","override_value":"","rating":[],"price":[],"jnews_override_counter":[],"jnews_post_split":[],"footnotes":""},"categories":[18],"tags":[645,570],"class_list":["post-29046","post","type-post","status-publish","format-standard","has-post-thumbnail","hentry","category-nacionales","tag-convenio-colectivo-de-trabajo","tag-direccion-general-de-fabricaciones-militares"],"jetpack_featured_media_url":"https:\/\/atecordoba.org\/wp-content\/uploads\/2021\/11\/FFMM_Sede_Central-scaled-e1637850086355.jpg","_links":{"self":[{"href":"https:\/\/atecordoba.org\/index.php?rest_route=\/wp\/v2\/posts\/29046","targetHints":{"allow":["GET"]}}],"collection":[{"href":"https:\/\/atecordoba.org\/index.php?rest_route=\/wp\/v2\/posts"}],"about":[{"href":"https:\/\/atecordoba.org\/index.php?rest_route=\/wp\/v2\/types\/post"}],"author":[{"embeddable":true,"href":"https:\/\/atecordoba.org\/index.php?rest_route=\/wp\/v2\/users\/7"}],"replies":[{"embeddable":true,"href":"https:\/\/atecordoba.org\/index.php?rest_route=%2Fwp%2Fv2%2Fcomments&post=29046"}],"version-history":[{"count":1,"href":"https:\/\/atecordoba.org\/index.php?rest_route=\/wp\/v2\/posts\/29046\/revisions"}],"predecessor-version":[{"id":29050,"href":"https:\/\/atecordoba.org\/index.php?rest_route=\/wp\/v2\/posts\/29046\/revisions\/29050"}],"wp:featuredmedia":[{"embeddable":true,"href":"https:\/\/atecordoba.org\/index.php?rest_route=\/wp\/v2\/media\/29049"}],"wp:attachment":[{"href":"https:\/\/atecordoba.org\/index.php?rest_route=%2Fwp%2Fv2%2Fmedia&parent=29046"}],"wp:term":[{"taxonomy":"category","embeddable":true,"href":"https:\/\/atecordoba.org\/index.php?rest_route=%2Fwp%2Fv2%2Fcategories&post=29046"},{"taxonomy":"post_tag","embeddable":true,"href":"https:\/\/atecordoba.org\/index.php?rest_route=%2Fwp%2Fv2%2Ftags&post=29046"}],"curies":[{"name":"wp","href":"https:\/\/api.w.org\/{rel}","templated":true}]}}