{"id":29041,"date":"2021-11-25T11:09:50","date_gmt":"2021-11-25T14:09:50","guid":{"rendered":"https:\/\/atecordoba.org\/?p=29041"},"modified":"2021-11-25T13:43:48","modified_gmt":"2021-11-25T16:43:48","slug":"transgresiones-criticas-por-discriminacion-al-colectivo-travesti-trans-en-el-quinto-encuentro-sobre-ddhh-realizado-en-la-ex-esma","status":"publish","type":"post","link":"https:\/\/atecordoba.org\/?p=29041","title":{"rendered":"Transgresiones: cr\u00edticas por discriminaci\u00f3n al colectivo travesti trans en el Quinto Encuentro sobre DDHH realizado en la EX ESMA"},"content":{"rendered":"\n<div class=\"wp-block-image\"><figure class=\"aligncenter size-large is-resized\"><img loading=\"lazy\" decoding=\"async\" src=\"https:\/\/atecordoba.org\/wp-content\/uploads\/2021\/11\/esma-1.jpg\" alt=\"\" class=\"wp-image-29044\" width=\"600\" height=\"375\" srcset=\"https:\/\/atecordoba.org\/wp-content\/uploads\/2021\/11\/esma-1.jpg 800w, https:\/\/atecordoba.org\/wp-content\/uploads\/2021\/11\/esma-1-300x188.jpg 300w, https:\/\/atecordoba.org\/wp-content\/uploads\/2021\/11\/esma-1-768x480.jpg 768w, https:\/\/atecordoba.org\/wp-content\/uploads\/2021\/11\/esma-1-750x469.jpg 750w\" sizes=\"auto, (max-width: 600px) 100vw, 600px\" \/><\/figure><\/div>\n\n\n\n<p>El fin de semana pasado se llev\u00f3 a cabo en la EX ESMA, en la ciudad de Buenos Aires, el Quinto Encuentro sobre DDHH, que cont\u00f3 con la participaci\u00f3n de ATE C\u00f3rdoba, a partir de la presencia del director del Departamento de DDHH del Consejo Directivo Provincial, Eugenio Talbot, reconocido militante pol\u00edtico, sindical y del colectivo trans travesti, que realiz\u00f3 una grave denuncia de discriminaci\u00f3n sucedida en la actividad. <\/p>\n\n\n\n<p><a href=\"https:\/\/ar.radiocut.fm\/audiocut\/transgresiones-23-11-21-eugenio-talbot-5to-encuentro-ddhh-y-banderazo-por-memoria-trans\/\">Entrevistado por el programa radial Entre Todos y Todas<\/a>, que la Secretaria de Prensa de ATE C\u00f3rdoba emite cada martes en GEN FM 107.5, Talbot describi\u00f3 la situaci\u00f3n relatando que en este Quinto Encuentro los organizadores &#8220;incorporaron temas de diversidades, pero con una mirada bastante sesgada, como nos tienen acostumbrados los organismos de DDHH, que siguen negando lo que sucedi\u00f3 respecto al genocidio a la poblaci\u00f3n LGTBIQNB, a la poblaci\u00f3n trans y travesti&#8221;.<\/p>\n\n\n\n<p>Talbot destac\u00f3 que en la oportunidad estuvieron la directora del Archivo de la Memoria Trans, Bel\u00e9n Correa, con la bandera que viene recorriendo varias provincias, donde est\u00e1n anotadas y se siguen anotando las personas asesinadas travestis trans, en un homenaje simb\u00f3lico ante lo que sucedi\u00f3 en los a\u00f1os de persecuci\u00f3n, en estas \u00faltimas d\u00e9cadas y lo que est\u00e1 sucediendo ahora con dicha poblaci\u00f3n. &#8220;Estos actos tan emotivos porque, adem\u00e1s de recordar a nuestras compa\u00f1eras y compa\u00f1eros que ya no est\u00e1n y que nos permitieron a muchos y muchas que continuemos vivos y vivas, est\u00e1 tan llenos de significado, no ya de la memoria sino tambi\u00e9n de los DDHH y del derecho al acceso a los derechos&#8221;, valor\u00f3 el dirigente.<\/p>\n\n\n\n<div class=\"wp-block-image\"><figure class=\"alignright size-large is-resized\"><img loading=\"lazy\" decoding=\"async\" src=\"https:\/\/atecordoba.org\/wp-content\/uploads\/2021\/11\/24_11_Talbot-1024x640.jpeg\" alt=\"\" class=\"wp-image-29042\" width=\"512\" height=\"320\" \/><\/figure><\/div>\n\n\n\n<p>En esa l\u00ednea, Talbot cont\u00f3 que &#8220;este banderazo culmin\u00f3 el s\u00e1bado pasado con un acto en la EX ESMA, en donde se despleg\u00f3 la bandera, recorriendo tambi\u00e9n distintas dependencias del lugar, y con la participaci\u00f3n de distintos funcionarios del Estado, como la ministra de Mujeres, G\u00e9neros y Diversidades de la Naci\u00f3n, Eli G\u00f3mez Alcorta, la Subsecretar\u00eda de Pol\u00edticas de Diversidad de la Naci\u00f3n, Alba Rueda, la responsable del INADI, Ornella Infante. All\u00ed hicimos un peque\u00f1o homenaje contando la historia de los varones trans y lo que sucedi\u00f3 en las d\u00e9cadas del &#8217;60, &#8217;70, &#8217;80, &#8217;90 con la intensi\u00f3n de descubrir una placa donde se hablaba de las personas travestis trans que pasaron por ese campo de concentraci\u00f3n y que fueron desaparecidas durante la \u00faltima dictadura c\u00edvico-eclesi\u00e1stica-militar&#8221;.<\/p>\n\n\n\n<p>No obstante lo anterior, Talbot denunci\u00f3 que los organismos de DDHH que intervienen en la gesti\u00f3n de la Ex ESMA no se permitieron instalar una placa en el lugar que hiciera referencia al paso de personas trans travestis por el centro clandestino de la Marina. &#8220;Adujeron que las personas travestis trans no fueron v\u00edctimas de un plan sistem\u00e1tico de persecuci\u00f3n, a pesar que se est\u00e1 llevando adelante el juicio del Pozo de Banfield, campo de concentraci\u00f3n donde hay m\u00e1s de 80 personas trans y travestis registradas que pasaron por el lugar, donde hay una querellante, Valeria del Mar, por ser v\u00edctima debido a que estuvo secuestrada y torturada all\u00ed, cuando sabemos que el plan sistem\u00e1tico abarc\u00f3 tambi\u00e9n a las identidades LGTB, a las personas travestis, sabemos que por todos los campos de concentraci\u00f3n y por todas las c\u00e1rceles del pa\u00eds durante la dictadura pasaron gays, lesbianas y, sobre todo, trans y travestis&#8221;.<\/p>\n\n\n\n<p>Por eso, Talbot acus\u00f3 a los organismos de DDHH presentes en la oportunidad por &#8220;seguir negando nuestra historia con una mirada Cis patriarcal, heteronormada, a la hora de establecer quienes fueron los desaparecidos y las desaparecidas. Que no se haya permitido poner una placa es una ofensa inconcebible hac\u00eda la poblaci\u00f3n trans y travesti, porque sabemos de las personas trans y travestis que pasaron por la EX ESMA, porque hay un sitio se\u00f1alizado donde pasaron personas trans y travestis en ese centro clandestino de detenci\u00f3n, tortura y exterminio. Es un agravio a la memoria, no solo trans y travesti, sino de todos y todas&#8221;, concluy\u00f3.<\/p>\n","protected":false},"excerpt":{"rendered":"<p>El fin de semana pasado se llev\u00f3 a cabo en la EX ESMA, en la ciudad de Buenos Aires, el Quinto Encuentro sobre DDHH, que cont\u00f3 con la participaci\u00f3n de ATE C\u00f3rdoba, a partir de la presencia del director del Departamento de DDHH del Consejo Directivo Provincial, Eugenio Talbot, reconocido militante pol\u00edtico, sindical y del [&hellip;]<\/p>\n","protected":false},"author":7,"featured_media":29043,"comment_status":"open","ping_status":"open","sticky":false,"template":"","format":"standard","meta":{"_exactmetrics_skip_tracking":false,"_exactmetrics_sitenote_active":false,"_exactmetrics_sitenote_note":"","_exactmetrics_sitenote_category":0,"jnews-multi-image_gallery":[],"jnews_single_post":{"subtitle":"El director de DDHH de ATE C\u00f3rdoba, Eugenio Talbot, dijo que organismos de DDHH se negaron a isntalar una placa en la Ex ESMA como recordatorio y homenaje a las personas travestis trans que sufrieron el paso por el centro clandestino. ","format":"standard","video":"","gallery":"","source_name":"","source_url":"","via_name":"","via_url":"","override":[{"template":"1","single_blog_custom":"","parallax":"1","fullscreen":"1","layout":"right-sidebar","sidebar":"default-sidebar","second_sidebar":"default-sidebar","sticky_sidebar":"1","share_position":"top","share_float_style":"share-monocrhome","show_share_counter":"1","show_view_counter":"1","show_featured":"1","show_post_meta":"1","show_post_author":"1","show_post_author_image":"1","show_post_date":"1","post_date_format":"default","post_date_format_custom":"Y\/m\/d","show_post_category":"1","post_reading_time_wpm":"300","zoom_button_out_step":"2","zoom_button_in_step":"3","show_post_tag":"1","show_prev_next_post":"1","show_popup_post":"1","number_popup_post":"1"}],"image_override":[{"single_post_thumbnail_size":"crop-500","single_post_gallery_size":"crop-500"}],"trending_post_position":"meta","trending_post_label":"Trending","sponsored_post_label":"Sponsored by","sponsored_post_name":"","sponsored_post_url":"","sponsored_post_logo":"","sponsored_post_desc":""},"jnews_primary_category":{"id":""},"jnews_social_meta":[],"jnews_review":[],"enable_review":"","type":"","name":"","summary":"","brand":"","sku":"","good":[],"bad":[],"score_override":"","override_value":"","rating":[],"price":[],"jnews_override_counter":[],"jnews_post_split":[],"footnotes":""},"categories":[325],"tags":[974,976,975],"class_list":["post-29041","post","type-post","status-publish","format-standard","has-post-thumbnail","hentry","category-generos-y-diversidades","tag-discriminacion","tag-quinto-encuentro-de-ddhh-esma","tag-travesti-trans"],"jetpack_featured_media_url":"https:\/\/atecordoba.org\/wp-content\/uploads\/2021\/11\/esma-e1637849319243.jpg","_links":{"self":[{"href":"https:\/\/atecordoba.org\/index.php?rest_route=\/wp\/v2\/posts\/29041","targetHints":{"allow":["GET"]}}],"collection":[{"href":"https:\/\/atecordoba.org\/index.php?rest_route=\/wp\/v2\/posts"}],"about":[{"href":"https:\/\/atecordoba.org\/index.php?rest_route=\/wp\/v2\/types\/post"}],"author":[{"embeddable":true,"href":"https:\/\/atecordoba.org\/index.php?rest_route=\/wp\/v2\/users\/7"}],"replies":[{"embeddable":true,"href":"https:\/\/atecordoba.org\/index.php?rest_route=%2Fwp%2Fv2%2Fcomments&post=29041"}],"version-history":[{"count":2,"href":"https:\/\/atecordoba.org\/index.php?rest_route=\/wp\/v2\/posts\/29041\/revisions"}],"predecessor-version":[{"id":29051,"href":"https:\/\/atecordoba.org\/index.php?rest_route=\/wp\/v2\/posts\/29041\/revisions\/29051"}],"wp:featuredmedia":[{"embeddable":true,"href":"https:\/\/atecordoba.org\/index.php?rest_route=\/wp\/v2\/media\/29043"}],"wp:attachment":[{"href":"https:\/\/atecordoba.org\/index.php?rest_route=%2Fwp%2Fv2%2Fmedia&parent=29041"}],"wp:term":[{"taxonomy":"category","embeddable":true,"href":"https:\/\/atecordoba.org\/index.php?rest_route=%2Fwp%2Fv2%2Fcategories&post=29041"},{"taxonomy":"post_tag","embeddable":true,"href":"https:\/\/atecordoba.org\/index.php?rest_route=%2Fwp%2Fv2%2Ftags&post=29041"}],"curies":[{"name":"wp","href":"https:\/\/api.w.org\/{rel}","templated":true}]}}