{"id":2904,"date":"2013-06-19T18:41:43","date_gmt":"2013-06-19T21:41:43","guid":{"rendered":"http:\/\/www.atecordoba.org\/?p=2904"},"modified":"2013-06-19T18:41:43","modified_gmt":"2013-06-19T21:41:43","slug":"la-corte-fallo-a-favor-de-la-pluralidad-sindical-y-en-contra-de-bajar-salarios","status":"publish","type":"post","link":"https:\/\/atecordoba.org\/?p=2904","title":{"rendered":"La Corte fall\u00f3 a favor de la pluralidad sindical y en contra de bajar salarios"},"content":{"rendered":"<p><em>Rompe con la representaci\u00f3n exclusiva de los trabajadores por parte de los gremios con personer\u00eda gremial. La resoluci\u00f3n fue dictada a partir de una demanda de ATE a la Municipalidad de Salta.<\/em><\/p>\n<p>(fuente diario Clarin)<\/p>\n<p><a href=\"http:\/\/www.atecordoba.org\/wp-content\/uploads\/2013\/06\/ATE-SALTA.jpg\"><img loading=\"lazy\" decoding=\"async\" class=\"aligncenter size-full wp-image-2905\" title=\"ATE SALTA\" src=\"http:\/\/www.atecordoba.org\/wp-content\/uploads\/2013\/06\/ATE-SALTA.jpg\" alt=\"\" width=\"620\" height=\"465\" \/><\/a><\/p>\n<p>Ayer la Corte Suprema asest\u00f3 un duro golpe al \u201cmodelo de sindicato \u00fanico\u201d que respalda el Gobierno y la mayor\u00eda de los empresarios.<\/p>\n<p>Fue al declarar, en el marco de un reclamo contra una rebaja salarial, lainconstitucionalidad\u00a0del articulo 31 inciso a) de la ley de asociaciones profesionales N\u00b0 23551 que data de 1988. Ese art\u00edculo le otorga al sindicato \u201ccon personer\u00eda gremial\u201d, que concede el Ministerio de Trabajo, el \u201cderecho exclusivo\u201d de defender y representar a los trabajadores ante el Estado y los empleadores. Para la Corte, esa exclusividad del sindicato con personer\u00eda contrar\u00eda los principios constitucionales de libertad para quetodos los sindicatos \u201cpuedan realizar sus actividades sin obst\u00e1culos\u00a0o limitaciones del Estado que reduzcan, injustificadamente, las funciones que le son propias: la promoci\u00f3n, ejercicio, defensa, fomento y protecci\u00f3n de los intereses leg\u00edtimos de orden gremial\u201d.<\/p>\n<p>La Corte se pronunci\u00f3 de esta manera tan categ\u00f3rica a ra\u00edz de una demanda que hizo ATE (Asociaci\u00f3n de Trabajadores del Estado) por la rebaja salarial que sufrieron los trabajadores municipales de Salta en 2003.<\/p>\n<p>La Intendencia salte\u00f1a rechaz\u00f3 esa demanda con el argumento de que ATE era un sindicato simplemente inscripto y que el sindicato que representaba a los municipales salte\u00f1os era la Uni\u00f3n de Trabajadores Municipales, \u00fanica entidad con personer\u00eda gremial.<\/p>\n<p>Para la Corte esa exclusividad en desmedro de los sindicatos simplemente inscriptos\u00a0es incompatible con las normas de jerarqu\u00eda constitucional\u00a0y con los tratados internacionales. Y se suma a la inconstitucionalidad dictada a\u00f1os atr\u00e1s por la Corte de los art\u00edculos 41 y 52 de la ley de asociaciones profesionales que solo permite al sindicato con personer\u00eda gremial elegir delegados y la tutela sindical de los mismos.<\/p>\n<p>As\u00ed las cosas, este fallo respalda la\u00a0pluralidad sindical\u00a0en momentos en que en muchos gremios se cuestionan la\u00a0falta de democracia sindical y la renovaci\u00f3n perpetua\u00a0de los dirigentes sindicales, con el aval del Gobierno.<\/p>\n<p>El fallo tambi\u00e9n declara la\u00a0inconstitucionalidad de la rebaja salarial con un argumento central: las \u201cmedidas de ajuste\u201d no pueden afectar \u201ca los grupos m\u00e1s vulnerables cuanto m\u00e1s en el campo laboral y salarial, en el cual, todos los poderes p\u00fablicos deben hacer prevalecer el esp\u00edritu protector\u201d.<\/p>\n","protected":false},"excerpt":{"rendered":"<p>Rompe con la representaci\u00f3n exclusiva de los trabajadores por parte de los gremios con personer\u00eda gremial. La resoluci\u00f3n fue dictada a partir de una demanda de ATE a la Municipalidad de Salta. (fuente diario Clarin) Ayer la Corte Suprema asest\u00f3 un duro golpe al \u201cmodelo de sindicato \u00fanico\u201d que respalda el Gobierno y la mayor\u00eda [&hellip;]<\/p>\n","protected":false},"author":1,"featured_media":19220,"comment_status":"open","ping_status":"open","sticky":false,"template":"","format":"standard","meta":{"_exactmetrics_skip_tracking":false,"_exactmetrics_sitenote_active":false,"_exactmetrics_sitenote_note":"","_exactmetrics_sitenote_category":0,"jnews-multi-image_gallery":[],"jnews_single_post":[],"jnews_primary_category":[],"jnews_social_meta":[],"jnews_review":[],"enable_review":"","type":"","name":"","summary":"","brand":"","sku":"","good":[],"bad":[],"score_override":"","override_value":"","rating":[],"price":[],"jnews_override_counter":[],"jnews_post_split":[],"footnotes":""},"categories":[20],"tags":[],"class_list":["post-2904","post","type-post","status-publish","format-standard","has-post-thumbnail","hentry","category-municipales"],"jetpack_featured_media_url":"https:\/\/atecordoba.org\/wp-content\/uploads\/2020\/05\/logo-nuevochico-e1561581322808.png","_links":{"self":[{"href":"https:\/\/atecordoba.org\/index.php?rest_route=\/wp\/v2\/posts\/2904","targetHints":{"allow":["GET"]}}],"collection":[{"href":"https:\/\/atecordoba.org\/index.php?rest_route=\/wp\/v2\/posts"}],"about":[{"href":"https:\/\/atecordoba.org\/index.php?rest_route=\/wp\/v2\/types\/post"}],"author":[{"embeddable":true,"href":"https:\/\/atecordoba.org\/index.php?rest_route=\/wp\/v2\/users\/1"}],"replies":[{"embeddable":true,"href":"https:\/\/atecordoba.org\/index.php?rest_route=%2Fwp%2Fv2%2Fcomments&post=2904"}],"version-history":[{"count":0,"href":"https:\/\/atecordoba.org\/index.php?rest_route=\/wp\/v2\/posts\/2904\/revisions"}],"wp:featuredmedia":[{"embeddable":true,"href":"https:\/\/atecordoba.org\/index.php?rest_route=\/wp\/v2\/media\/19220"}],"wp:attachment":[{"href":"https:\/\/atecordoba.org\/index.php?rest_route=%2Fwp%2Fv2%2Fmedia&parent=2904"}],"wp:term":[{"taxonomy":"category","embeddable":true,"href":"https:\/\/atecordoba.org\/index.php?rest_route=%2Fwp%2Fv2%2Fcategories&post=2904"},{"taxonomy":"post_tag","embeddable":true,"href":"https:\/\/atecordoba.org\/index.php?rest_route=%2Fwp%2Fv2%2Ftags&post=2904"}],"curies":[{"name":"wp","href":"https:\/\/api.w.org\/{rel}","templated":true}]}}