{"id":29016,"date":"2021-11-24T14:36:51","date_gmt":"2021-11-24T17:36:51","guid":{"rendered":"https:\/\/atecordoba.org\/?p=29016"},"modified":"2021-11-24T15:29:54","modified_gmt":"2021-11-24T18:29:54","slug":"el-boxeador-javier-clavero-es-afiliado-de-ate-y-pelea-este-viernes-por-el-titulo-latinoamericano-ligero-de-la-wbc","status":"publish","type":"post","link":"https:\/\/atecordoba.org\/?p=29016","title":{"rendered":"El boxeador Javier Clavero es afiliado de ATE y pelea este viernes por el t\u00edtulo latinoamericano ligero de la WBC"},"content":{"rendered":"\n<div class=\"wp-block-image\"><figure class=\"aligncenter size-large is-resized\"><img loading=\"lazy\" decoding=\"async\" src=\"https:\/\/atecordoba.org\/wp-content\/uploads\/2021\/11\/ClaveroBoxeoGiuliani-20-638x1024.jpg\" alt=\"\" class=\"wp-image-29024\" width=\"479\" height=\"768\" srcset=\"https:\/\/atecordoba.org\/wp-content\/uploads\/2021\/11\/ClaveroBoxeoGiuliani-20-638x1024.jpg 638w, https:\/\/atecordoba.org\/wp-content\/uploads\/2021\/11\/ClaveroBoxeoGiuliani-20-187x300.jpg 187w, https:\/\/atecordoba.org\/wp-content\/uploads\/2021\/11\/ClaveroBoxeoGiuliani-20-768x1232.jpg 768w, https:\/\/atecordoba.org\/wp-content\/uploads\/2021\/11\/ClaveroBoxeoGiuliani-20-958x1536.jpg 958w, https:\/\/atecordoba.org\/wp-content\/uploads\/2021\/11\/ClaveroBoxeoGiuliani-20-1277x2048.jpg 1277w, https:\/\/atecordoba.org\/wp-content\/uploads\/2021\/11\/ClaveroBoxeoGiuliani-20-750x1203.jpg 750w, https:\/\/atecordoba.org\/wp-content\/uploads\/2021\/11\/ClaveroBoxeoGiuliani-20-1140x1829.jpg 1140w, https:\/\/atecordoba.org\/wp-content\/uploads\/2021\/11\/ClaveroBoxeoGiuliani-20-scaled.jpg 1596w\" sizes=\"auto, (max-width: 479px) 100vw, 479px\" \/><\/figure><\/div>\n\n\n\n<p>El p\u00fagil viene recibiendo apoyo de ATE para desarrollar su carrera deportiva, al tiempo que es trabajador municipal en la localidad de Adelia Mar\u00eda, en el sur provincial. <\/p>\n\n\n\n<p>En ese marco, este s\u00e1bado a las 0 horas, por el canal de TV Space, Javier &#8216;el heredero&#8217; Clavero pelear\u00e1 por el t\u00edtulo latinoamericano de peso ligero del Consejo Mundial de Boxeo (WBC), una de las federaciones de m\u00e1s prestigio internacional, contra el mejicano Jair &#8216;Kaiser&#8217; Valtierra. <\/p>\n\n\n\n<p>El secretario General de ATE C\u00f3rdoba, Federico Giuliani, destac\u00f3 en la oportunidad que el apoyo de ATE a El Heredero forma parte de la &#8220;promoci\u00f3n de deporte que hacemos desde nuestra entidad gremial. Y viene desde 2018, cuando lo acompa\u00f1amos a Javier en dos peleas que realiz\u00f3 en febrero y junio de ese a\u00f1o, donde result\u00f3 ganador. Estamos muy orgullosos de que este trabajador municipal y afiliado de ATE se destaque a nivel internacional&#8221;.<\/p>\n\n\n\n<p>El dirigente se\u00f1al\u00f3 que para ATE &#8220;el deporte es fundamental en la promoci\u00f3n integral de los trabajadores, como nos ense\u00f1\u00f3 Per\u00f3n&#8221;. <\/p>\n\n\n\n<p>Clavero tiene 28 a\u00f1os y cuenta con un r\u00e9cord de 29 victorias -ocho por la v\u00eda r\u00e1pida- y 8 derrotas. <\/p>\n\n\n\n<div class=\"wp-block-image\"><figure class=\"aligncenter size-large is-resized\"><img loading=\"lazy\" decoding=\"async\" src=\"https:\/\/atecordoba.org\/wp-content\/uploads\/2021\/11\/image-2-1024x1024.png\" alt=\"\" class=\"wp-image-29020\" width=\"440\" height=\"440\" srcset=\"https:\/\/atecordoba.org\/wp-content\/uploads\/2021\/11\/image-2-1024x1024.png 1024w, https:\/\/atecordoba.org\/wp-content\/uploads\/2021\/11\/image-2-300x300.png 300w, https:\/\/atecordoba.org\/wp-content\/uploads\/2021\/11\/image-2-150x150.png 150w, https:\/\/atecordoba.org\/wp-content\/uploads\/2021\/11\/image-2-768x768.png 768w, https:\/\/atecordoba.org\/wp-content\/uploads\/2021\/11\/image-2-560x560.png 560w, https:\/\/atecordoba.org\/wp-content\/uploads\/2021\/11\/image-2-75x75.png 75w, https:\/\/atecordoba.org\/wp-content\/uploads\/2021\/11\/image-2-350x350.png 350w, https:\/\/atecordoba.org\/wp-content\/uploads\/2021\/11\/image-2-750x750.png 750w, https:\/\/atecordoba.org\/wp-content\/uploads\/2021\/11\/image-2.png 1080w\" sizes=\"auto, (max-width: 440px) 100vw, 440px\" \/><\/figure><\/div>\n","protected":false},"excerpt":{"rendered":"<p>El p\u00fagil viene recibiendo apoyo de ATE para desarrollar su carrera deportiva, al tiempo que es trabajador municipal en la localidad de Adelia Mar\u00eda, en el sur provincial. En ese marco, este s\u00e1bado a las 0 horas, por el canal de TV Space, Javier &#8216;el heredero&#8217; Clavero pelear\u00e1 por el t\u00edtulo latinoamericano de peso ligero [&hellip;]<\/p>\n","protected":false},"author":7,"featured_media":29017,"comment_status":"open","ping_status":"open","sticky":false,"template":"","format":"standard","meta":{"_exactmetrics_skip_tracking":false,"_exactmetrics_sitenote_active":false,"_exactmetrics_sitenote_note":"","_exactmetrics_sitenote_category":0,"jnews-multi-image_gallery":[],"jnews_single_post":{"subtitle":"Trabajador municipal del sur de la Provincia, Clavero pelea este s\u00e1bado a las 0 horas y podr\u00e1 verse por el canal de TV Space. ATE C\u00f3rdoba acompa\u00f1a, hace a\u00f1os, el desarrollo de su carrera.","format":"standard","video":"","gallery":"","source_name":"","source_url":"","via_name":"","via_url":"","override":[{"template":"1","single_blog_custom":"","parallax":"1","fullscreen":"1","layout":"right-sidebar","sidebar":"default-sidebar","second_sidebar":"default-sidebar","sticky_sidebar":"1","share_position":"top","share_float_style":"share-monocrhome","show_share_counter":"1","show_view_counter":"1","show_featured":"1","show_post_meta":"1","show_post_author":"1","show_post_author_image":"1","show_post_date":"1","post_date_format":"default","post_date_format_custom":"Y\/m\/d","show_post_category":"1","post_reading_time_wpm":"300","zoom_button_out_step":"2","zoom_button_in_step":"3","show_post_tag":"1","show_prev_next_post":"1","show_popup_post":"1","number_popup_post":"1"}],"image_override":[{"single_post_thumbnail_size":"crop-500","single_post_gallery_size":"crop-500"}],"trending_post_position":"meta","trending_post_label":"Trending","sponsored_post_label":"Sponsored by","sponsored_post_name":"","sponsored_post_url":"","sponsored_post_logo":"","sponsored_post_desc":""},"jnews_primary_category":{"id":""},"jnews_social_meta":[],"jnews_review":[],"enable_review":"","type":"","name":"","summary":"","brand":"","sku":"","good":[],"bad":[],"score_override":"","override_value":"","rating":[],"price":[],"jnews_override_counter":[],"jnews_post_split":[],"footnotes":""},"categories":[75],"tags":[973],"class_list":["post-29016","post","type-post","status-publish","format-standard","has-post-thumbnail","hentry","category-accion-social","tag-boxeo"],"jetpack_featured_media_url":"https:\/\/atecordoba.org\/wp-content\/uploads\/2021\/11\/image-1-e1637776411789.png","_links":{"self":[{"href":"https:\/\/atecordoba.org\/index.php?rest_route=\/wp\/v2\/posts\/29016","targetHints":{"allow":["GET"]}}],"collection":[{"href":"https:\/\/atecordoba.org\/index.php?rest_route=\/wp\/v2\/posts"}],"about":[{"href":"https:\/\/atecordoba.org\/index.php?rest_route=\/wp\/v2\/types\/post"}],"author":[{"embeddable":true,"href":"https:\/\/atecordoba.org\/index.php?rest_route=\/wp\/v2\/users\/7"}],"replies":[{"embeddable":true,"href":"https:\/\/atecordoba.org\/index.php?rest_route=%2Fwp%2Fv2%2Fcomments&post=29016"}],"version-history":[{"count":3,"href":"https:\/\/atecordoba.org\/index.php?rest_route=\/wp\/v2\/posts\/29016\/revisions"}],"predecessor-version":[{"id":29027,"href":"https:\/\/atecordoba.org\/index.php?rest_route=\/wp\/v2\/posts\/29016\/revisions\/29027"}],"wp:featuredmedia":[{"embeddable":true,"href":"https:\/\/atecordoba.org\/index.php?rest_route=\/wp\/v2\/media\/29017"}],"wp:attachment":[{"href":"https:\/\/atecordoba.org\/index.php?rest_route=%2Fwp%2Fv2%2Fmedia&parent=29016"}],"wp:term":[{"taxonomy":"category","embeddable":true,"href":"https:\/\/atecordoba.org\/index.php?rest_route=%2Fwp%2Fv2%2Fcategories&post=29016"},{"taxonomy":"post_tag","embeddable":true,"href":"https:\/\/atecordoba.org\/index.php?rest_route=%2Fwp%2Fv2%2Ftags&post=29016"}],"curies":[{"name":"wp","href":"https:\/\/api.w.org\/{rel}","templated":true}]}}