{"id":29010,"date":"2021-11-24T13:53:07","date_gmt":"2021-11-24T16:53:07","guid":{"rendered":"https:\/\/atecordoba.org\/?p=29010"},"modified":"2021-11-24T13:54:39","modified_gmt":"2021-11-24T16:54:39","slug":"panorama-internacional-elecciones-en-latinoamerica","status":"publish","type":"post","link":"https:\/\/atecordoba.org\/?p=29010","title":{"rendered":"Panorama internacional: elecciones en Latinoam\u00e9rica"},"content":{"rendered":"\n<div class=\"wp-block-image\"><figure class=\"aligncenter size-large\"><img decoding=\"async\" src=\"https:\/\/atecordoba.org\/wp-content\/uploads\/2021\/11\/venezuela_mapa.png\" alt=\"\" class=\"wp-image-29011\" \/><\/figure><\/div>\n\n\n\n<p>En sendas entrevistas realizadas por el programa radial Entre todos y todas, que la Secretaria de Prensa de ATE C\u00f3rdoba emite cada martes por GEN FM 107.5, se realiz\u00f3 un repaso del panorama regional latinoamericano. <\/p>\n\n\n\n<p>En primer t\u00e9rmino, la presidente de la Confederaci\u00f3n Latinoamericana y del Caribe de Trabajadores Estatales (CLATE), el compa\u00f1ero Julio Fuentes, comparti\u00f3 un breve resumen de su participaci\u00f3n como veedor internacional en las elecciones regionales venezolanas, realizadas el domingo pasado y que consagraron el triunfo del oficialismo que encabeza el Presidente Nicol\u00e1s Maduro en 20 de los 23 estados (provincias) en disputa. <\/p>\n\n\n\n<div class=\"wp-block-image\"><figure class=\"alignright size-large is-resized\"><img loading=\"lazy\" decoding=\"async\" src=\"https:\/\/atecordoba.org\/wp-content\/uploads\/2021\/11\/fuentes_venezuela-1024x768.jpg\" alt=\"\" class=\"wp-image-29012\" width=\"512\" height=\"384\" srcset=\"https:\/\/atecordoba.org\/wp-content\/uploads\/2021\/11\/fuentes_venezuela-1024x768.jpg 1024w, https:\/\/atecordoba.org\/wp-content\/uploads\/2021\/11\/fuentes_venezuela-300x225.jpg 300w, https:\/\/atecordoba.org\/wp-content\/uploads\/2021\/11\/fuentes_venezuela-768x576.jpg 768w, https:\/\/atecordoba.org\/wp-content\/uploads\/2021\/11\/fuentes_venezuela-1536x1152.jpg 1536w, https:\/\/atecordoba.org\/wp-content\/uploads\/2021\/11\/fuentes_venezuela-750x563.jpg 750w, https:\/\/atecordoba.org\/wp-content\/uploads\/2021\/11\/fuentes_venezuela-1140x855.jpg 1140w, https:\/\/atecordoba.org\/wp-content\/uploads\/2021\/11\/fuentes_venezuela.jpg 1600w\" sizes=\"auto, (max-width: 512px) 100vw, 512px\" \/><figcaption>Julio Fuentes en Venezuela.<\/figcaption><\/figure><\/div>\n\n\n\n<p>En tal sentido, Fuentes form\u00f3 parte de una comitiva de 300 veedores, provenientes de 55 pa\u00edses, que garantizaron la transparencia de la elecci\u00f3n. &#8220;Fui invitado por el Consejo Nacional Electoral, y estuve destinado en el estado de Miranda. Me toc\u00f3 observar la votaci\u00f3n en 21 mesas&#8221;, coment\u00f3 Fuentes. <\/p>\n\n\n\n<p>Respecto a la convocatoria del electorado, uno de los comentarios que hizo la prensa argentina pro estadounidense, Fuentes dijo que &#8220;en un pa\u00eds con el voto no obligatorio, con la tradici\u00f3n de Venezuela, es normal que el porcentaje se acerque al 42%. All\u00e1 el voto es electr\u00f3nico, muy sencillo de realizar y la votaci\u00f3n fue tranquila. El proceso fue simple, transparente, sin ning\u00fan tipo de presi\u00f3n&#8221;. <\/p>\n\n\n\n<p>Y agreg\u00f3: &#8220;los resultados indican que 20 estados dieron el triunfo al oficialismo, de 23 en disputa. En tanto el 30% de las intendencias las gan\u00f3 la oposici\u00f3n. El proceso electoral fue saludable y va de la mano de un proceso econ\u00f3mico de recuperaci\u00f3n de la actividad, la situaci\u00f3n cambi\u00f3 en relaci\u00f3n a lo que suced\u00eda hace tres a\u00f1os, la \u00faltima vez que estuve ac\u00e1&#8221;.<\/p>\n\n\n\n<p><strong>Mirada regional<\/strong><\/p>\n\n\n\n<p>A su turno, el dirigente de ATE C\u00f3rdoba y trabajador de la Secretar\u00eda de Agricultura Familiar, Carlos Rang, avanz\u00f3 con su tradicional columna de temas internacionales, destacando que &#8220;Am\u00e9rica latina no es ajena al proceso de crisis que se est\u00e1 viviendo a nivel global, donde hay proyectos imperialistas en pugna&#8221;. <\/p>\n\n\n\n<p>Estudioso de la tem\u00e1tica y autor de libros sobre pol\u00edtica internacional, Rang dijo que &#8220;en ese marco, nosotros venimos de distintos procesos que empezaron en 1989 con el Caracazo, con grandes insurrecciones populares, con un proceso progresista, que el imperialismo con distintos dispositivos fue desestabilizando a trav\u00e9s de golpes blandos y duros&#8221;. <\/p>\n\n\n\n<p>A eso se sumaron &#8220;los cambios en los precios de los commodities, que bajaron mucho despu\u00e9s de toda una d\u00e9cada subieran mucho el petr\u00f3leo, la soja o los minerales. Todos se desmoronaron, afectando los ingresos de los pa\u00edses cuando se encontraban en proceso de distribuci\u00f3n de la renta interna&#8221;.<\/p>\n\n\n\n<div class=\"wp-block-image\"><figure class=\"aligncenter size-large is-resized\"><img loading=\"lazy\" decoding=\"async\" src=\"https:\/\/atecordoba.org\/wp-content\/uploads\/2021\/11\/24_11_RangChileVenezuela-1024x640.jpeg\" alt=\"\" class=\"wp-image-29013\" width=\"768\" height=\"480\" srcset=\"https:\/\/atecordoba.org\/wp-content\/uploads\/2021\/11\/24_11_RangChileVenezuela-1024x640.jpeg 1024w, https:\/\/atecordoba.org\/wp-content\/uploads\/2021\/11\/24_11_RangChileVenezuela-300x188.jpeg 300w, https:\/\/atecordoba.org\/wp-content\/uploads\/2021\/11\/24_11_RangChileVenezuela-768x480.jpeg 768w, https:\/\/atecordoba.org\/wp-content\/uploads\/2021\/11\/24_11_RangChileVenezuela-750x469.jpeg 750w, https:\/\/atecordoba.org\/wp-content\/uploads\/2021\/11\/24_11_RangChileVenezuela-1140x713.jpeg 1140w, https:\/\/atecordoba.org\/wp-content\/uploads\/2021\/11\/24_11_RangChileVenezuela.jpeg 1280w\" sizes=\"auto, (max-width: 768px) 100vw, 768px\" \/><figcaption>Carlos Rang, derecha.<\/figcaption><\/figure><\/div>\n\n\n\n<p>Por otro lado &#8220;la aparici\u00f3n del Grupo de Lima, que se form\u00f3 impulsados por el imperialismo internacional, junto a otras instituciones internacionales se dedicaron a hostigar a pa\u00edses como Venezuela, Nicaragua o Cuba. Pero esto comenz\u00f3 a revertirse con elecciones como la reciente en Per\u00fa, donde termina con el maestro Castillo como presidente. De manera similar sucedi\u00f3 en Bolivia donde el MAS recupera el gobierno despu\u00e9s del golpe de estado&#8221;.<\/p>\n\n\n\n<p>Y termin\u00f3 evaluando que &#8220;despu\u00e9s vienen los procesos colombianos o chilenos, con grandes revueltas y manifestaciones populares, que derivan en Chile en una constituyente y ahora en una elecci\u00f3n donde la polarizaci\u00f3n social es la marca destacada, entre una candidato identificado con la derecha m\u00e1s reaccionaria, al estilo Bolsonaro, y un progresista que sale del sistema tradicional de partidos&#8221;.<\/p>\n\n\n\n<p>Para escuchar el panorama completo, ingresar <a href=\"https:\/\/ar.radiocut.fm\/audiocut\/julio-fuentes-y-carlos-rang-sobre-elecciones-en-chile-y-venezuela-e-implicancias-en-nuestramerica\/\">aqu\u00ed<\/a>. <\/p>\n","protected":false},"excerpt":{"rendered":"<p>En sendas entrevistas realizadas por el programa radial Entre todos y todas, que la Secretaria de Prensa de ATE C\u00f3rdoba emite cada martes por GEN FM 107.5, se realiz\u00f3 un repaso del panorama regional latinoamericano. En primer t\u00e9rmino, la presidente de la Confederaci\u00f3n Latinoamericana y del Caribe de Trabajadores Estatales (CLATE), el compa\u00f1ero Julio Fuentes, [&hellip;]<\/p>\n","protected":false},"author":7,"featured_media":29011,"comment_status":"open","ping_status":"open","sticky":false,"template":"","format":"standard","meta":{"_exactmetrics_skip_tracking":false,"_exactmetrics_sitenote_active":false,"_exactmetrics_sitenote_note":"","_exactmetrics_sitenote_category":0,"jnews-multi-image_gallery":[],"jnews_single_post":{"subtitle":"Se realizaron importantes elecciones en Venezuela y Chile que tendr\u00e1n impacto en la regi\u00f3n.","format":"standard","video":"","gallery":"","source_name":"","source_url":"","via_name":"","via_url":"","override":[{"template":"1","single_blog_custom":"","parallax":"1","fullscreen":"1","layout":"right-sidebar","sidebar":"default-sidebar","second_sidebar":"default-sidebar","sticky_sidebar":"1","share_position":"top","share_float_style":"share-monocrhome","show_share_counter":"1","show_view_counter":"1","show_featured":"1","show_post_meta":"1","show_post_author":"1","show_post_author_image":"1","show_post_date":"1","post_date_format":"default","post_date_format_custom":"Y\/m\/d","show_post_category":"1","post_reading_time_wpm":"300","zoom_button_out_step":"2","zoom_button_in_step":"3","show_post_tag":"1","show_prev_next_post":"1","show_popup_post":"1","number_popup_post":"1"}],"image_override":[{"single_post_thumbnail_size":"crop-500","single_post_gallery_size":"crop-500"}],"trending_post_position":"meta","trending_post_label":"Trending","sponsored_post_label":"Sponsored by","sponsored_post_name":"","sponsored_post_url":"","sponsored_post_logo":"","sponsored_post_desc":""},"jnews_primary_category":{"id":""},"jnews_social_meta":[],"jnews_review":[],"enable_review":"","type":"","name":"","summary":"","brand":"","sku":"","good":[],"bad":[],"score_override":"","override_value":"","rating":[],"price":[],"jnews_override_counter":[],"jnews_post_split":[],"footnotes":""},"categories":[108],"tags":[812],"class_list":["post-29010","post","type-post","status-publish","format-standard","has-post-thumbnail","hentry","category-internacional","tag-entre-todos-y-todas"],"jetpack_featured_media_url":"https:\/\/atecordoba.org\/wp-content\/uploads\/2021\/11\/venezuela_mapa-e1637772774680.png","_links":{"self":[{"href":"https:\/\/atecordoba.org\/index.php?rest_route=\/wp\/v2\/posts\/29010","targetHints":{"allow":["GET"]}}],"collection":[{"href":"https:\/\/atecordoba.org\/index.php?rest_route=\/wp\/v2\/posts"}],"about":[{"href":"https:\/\/atecordoba.org\/index.php?rest_route=\/wp\/v2\/types\/post"}],"author":[{"embeddable":true,"href":"https:\/\/atecordoba.org\/index.php?rest_route=\/wp\/v2\/users\/7"}],"replies":[{"embeddable":true,"href":"https:\/\/atecordoba.org\/index.php?rest_route=%2Fwp%2Fv2%2Fcomments&post=29010"}],"version-history":[{"count":2,"href":"https:\/\/atecordoba.org\/index.php?rest_route=\/wp\/v2\/posts\/29010\/revisions"}],"predecessor-version":[{"id":29015,"href":"https:\/\/atecordoba.org\/index.php?rest_route=\/wp\/v2\/posts\/29010\/revisions\/29015"}],"wp:featuredmedia":[{"embeddable":true,"href":"https:\/\/atecordoba.org\/index.php?rest_route=\/wp\/v2\/media\/29011"}],"wp:attachment":[{"href":"https:\/\/atecordoba.org\/index.php?rest_route=%2Fwp%2Fv2%2Fmedia&parent=29010"}],"wp:term":[{"taxonomy":"category","embeddable":true,"href":"https:\/\/atecordoba.org\/index.php?rest_route=%2Fwp%2Fv2%2Fcategories&post=29010"},{"taxonomy":"post_tag","embeddable":true,"href":"https:\/\/atecordoba.org\/index.php?rest_route=%2Fwp%2Fv2%2Ftags&post=29010"}],"curies":[{"name":"wp","href":"https:\/\/api.w.org\/{rel}","templated":true}]}}