{"id":29005,"date":"2021-11-23T20:06:03","date_gmt":"2021-11-23T23:06:03","guid":{"rendered":"https:\/\/atecordoba.org\/?p=29005"},"modified":"2021-11-23T20:06:25","modified_gmt":"2021-11-23T23:06:25","slug":"se-celebro-el-viernes-el-primer-aniversario-de-la-casa-de-ate-en-traslasierra","status":"publish","type":"post","link":"https:\/\/atecordoba.org\/?p=29005","title":{"rendered":"Se celebr\u00f3 el viernes el primer aniversario de la Casa de ATE en Traslasierra"},"content":{"rendered":"\n<p>La casa de ATE en Villa Dolores se visti\u00f3 de fiesta para celebrar su primer aniversario en una Pe\u00f1a que tuvo todo el calor y el color del Valle de Traslasierra. Con la presencia del Secretario General de ATE C\u00f3rdoba, Federico Giuliani, y las\/los secretarios de Finanzas, Ricardo Reyna, Formaci\u00f3n, C\u00e9sar Theaux, y de Prensa, Julia Giuliani, la concurrencia se aprest\u00f3 a pasar una noche llena de expresiones art\u00edsticas y culturales bajo las estrellas de la localidad del oeste cordob\u00e9s.<\/p>\n\n\n\n<p>\u201cEs un orgullo estar acompa\u00f1ando a estos dirigentes, mujeres y hombres que vienen dando un ejemplo de crecimiento en nuestro sindicato. A nosotros nos enriquece venir y vivir esta experiencia. C\u00f3rdoba todos los d\u00edas construye poder y si tiene m\u00e1s poder, lo tenemos todos los estatales del pa\u00eds\u201d, evalu\u00f3 Esterea Gonz\u00e1lez, Secretaria de Finanzas de ATE Nacional.<\/p>\n\n\n\n<p>A la par de los festejos, se realiz\u00f3 la presentaci\u00f3n oficial del Departamento de ATE Culturas en la regi\u00f3n en un marco de folklore con artistas de la zona. Adem\u00e1s, C\u00f3rdoba celebr\u00f3 el d\u00eda del empleado municipal y provincial el 8 y 11 de noviembre, respectivamente, por lo que el evento tambi\u00e9n fue un reconocimiento para todos aquellos trabajadores en su d\u00eda.<\/p>\n\n\n\n<p>Compartimos, a continuaci\u00f3n, las impresiones de Federico Giuliani (Sec. Gral. de ATE C\u00f3rdoba) y de las y los referentes de ATE Traslasierra, Hugo Galaburri, Facundo Sarry y de Mary D\u00edaz.<\/p>\n\n\n\n<figure class=\"wp-block-embed is-type-video is-provider-youtube wp-block-embed-youtube wp-embed-aspect-4-3 wp-has-aspect-ratio\"><div class=\"wp-block-embed__wrapper\">\n<div class=\"epyt-video-wrapper\"><iframe loading=\"lazy\"  style=\"display: block; margin: 0px auto;\"  id=\"_ytid_15510\"  width=\"480\" height=\"360\"  data-origwidth=\"480\" data-origheight=\"360\" src=\"https:\/\/www.youtube.com\/embed\/6_yJ896Rw3Q?enablejsapi=1&#038;autoplay=0&#038;cc_load_policy=0&#038;cc_lang_pref=&#038;iv_load_policy=3&#038;loop=0&#038;rel=0&#038;fs=1&#038;playsinline=0&#038;autohide=2&#038;theme=dark&#038;color=red&#038;controls=1&#038;disablekb=0&#038;\" class=\"__youtube_prefs__  epyt-is-override  no-lazyload\" title=\"YouTube player\"  allow=\"fullscreen; accelerometer; autoplay; clipboard-write; encrypted-media; gyroscope; picture-in-picture; web-share\" referrerpolicy=\"strict-origin-when-cross-origin\" allowfullscreen data-no-lazy=\"1\" data-skipgform_ajax_framebjll=\"\"><\/iframe><\/div>\n<\/div><\/figure>\n","protected":false},"excerpt":{"rendered":"<p>La casa de ATE en Villa Dolores se visti\u00f3 de fiesta para celebrar su primer aniversario en una Pe\u00f1a que tuvo todo el calor y el color del Valle de Traslasierra. Con la presencia del Secretario General de ATE C\u00f3rdoba, Federico Giuliani, y las\/los secretarios de Finanzas, Ricardo Reyna, Formaci\u00f3n, C\u00e9sar Theaux, y de Prensa, [&hellip;]<\/p>\n","protected":false},"author":6,"featured_media":29007,"comment_status":"open","ping_status":"open","sticky":false,"template":"","format":"standard","meta":{"_exactmetrics_skip_tracking":false,"_exactmetrics_sitenote_active":false,"_exactmetrics_sitenote_note":"","_exactmetrics_sitenote_category":0,"jnews-multi-image_gallery":[],"jnews_single_post":{"subtitle":"De la instancia participaron m\u00e1s de un centenar de personas de distintos puntos del Valle. Trabajadoras\/es afiliadas\/os de sectores Nacionales, Provinciales y Municipales fueron acompa\u00f1adas\/os por la conducci\u00f3n provincial y por Esterea Gonz\u00e1lez, del Consejo Directivo nacional. Hubo m\u00fasica, sorteos y shows en vivo.","format":"standard","video":"","gallery":"","source_name":"","source_url":"","via_name":"","via_url":"","override":[{"template":"1","single_blog_custom":"","parallax":"1","fullscreen":"1","layout":"right-sidebar","sidebar":"default-sidebar","second_sidebar":"default-sidebar","sticky_sidebar":"1","share_position":"top","share_float_style":"share-monocrhome","show_share_counter":"1","show_view_counter":"1","show_featured":"1","show_post_meta":"1","show_post_author":"1","show_post_author_image":"1","show_post_date":"1","post_date_format":"default","post_date_format_custom":"Y\/m\/d","show_post_category":"1","post_reading_time_wpm":"300","zoom_button_out_step":"2","zoom_button_in_step":"3","show_post_tag":"1","show_prev_next_post":"1","show_popup_post":"1","number_popup_post":"1"}],"image_override":[{"single_post_thumbnail_size":"crop-500","single_post_gallery_size":"crop-500"}],"trending_post_position":"meta","trending_post_label":"Trending","sponsored_post_label":"Sponsored by","sponsored_post_name":"","sponsored_post_url":"","sponsored_post_logo":"","sponsored_post_desc":""},"jnews_primary_category":{"id":""},"jnews_social_meta":[],"jnews_review":[],"enable_review":"","type":"","name":"","summary":"","brand":"","sku":"","good":[],"bad":[],"score_override":"","override_value":"","rating":[],"price":[],"jnews_override_counter":[],"jnews_post_split":[],"footnotes":""},"categories":[341,972],"tags":[],"class_list":["post-29005","post","type-post","status-publish","format-standard","has-post-thumbnail","hentry","category-cdp","category-culturas"],"jetpack_featured_media_url":"https:\/\/atecordoba.org\/wp-content\/uploads\/2021\/11\/VillaDolores.jpg","_links":{"self":[{"href":"https:\/\/atecordoba.org\/index.php?rest_route=\/wp\/v2\/posts\/29005","targetHints":{"allow":["GET"]}}],"collection":[{"href":"https:\/\/atecordoba.org\/index.php?rest_route=\/wp\/v2\/posts"}],"about":[{"href":"https:\/\/atecordoba.org\/index.php?rest_route=\/wp\/v2\/types\/post"}],"author":[{"embeddable":true,"href":"https:\/\/atecordoba.org\/index.php?rest_route=\/wp\/v2\/users\/6"}],"replies":[{"embeddable":true,"href":"https:\/\/atecordoba.org\/index.php?rest_route=%2Fwp%2Fv2%2Fcomments&post=29005"}],"version-history":[{"count":2,"href":"https:\/\/atecordoba.org\/index.php?rest_route=\/wp\/v2\/posts\/29005\/revisions"}],"predecessor-version":[{"id":29009,"href":"https:\/\/atecordoba.org\/index.php?rest_route=\/wp\/v2\/posts\/29005\/revisions\/29009"}],"wp:featuredmedia":[{"embeddable":true,"href":"https:\/\/atecordoba.org\/index.php?rest_route=\/wp\/v2\/media\/29007"}],"wp:attachment":[{"href":"https:\/\/atecordoba.org\/index.php?rest_route=%2Fwp%2Fv2%2Fmedia&parent=29005"}],"wp:term":[{"taxonomy":"category","embeddable":true,"href":"https:\/\/atecordoba.org\/index.php?rest_route=%2Fwp%2Fv2%2Fcategories&post=29005"},{"taxonomy":"post_tag","embeddable":true,"href":"https:\/\/atecordoba.org\/index.php?rest_route=%2Fwp%2Fv2%2Ftags&post=29005"}],"curies":[{"name":"wp","href":"https:\/\/api.w.org\/{rel}","templated":true}]}}