{"id":29,"date":"2012-01-25T12:44:56","date_gmt":"2012-01-25T15:44:56","guid":{"rendered":"http:\/\/www.atecordoba.org\/?p=29"},"modified":"2012-01-25T12:44:56","modified_gmt":"2012-01-25T15:44:56","slug":"ate-mantiene-medidas-de-fuerza","status":"publish","type":"post","link":"https:\/\/atecordoba.org\/?p=29","title":{"rendered":"ATE mantiene medidas de fuerza"},"content":{"rendered":"<p><strong>(C\u00f3rdoba, 25-1-2012)<\/strong><\/p>\n<p><strong>Nuestro gremio reafirma el plan de lucha y convoca al cuerpo de delegados para el mi\u00e9rcoles 1\u00ba de febrero a las 10 horas, para determinar los pasos a seguir.<\/strong><\/p>\n<div>\n<p>Mientras el gobierno de Jos\u00e9 Manuel De la sota intenta desgastar el conflicto en la salud cordobesa, por v\u00eda del m\u00e1s absoluto silencio e ignorando los leg\u00edtimos reclamos de los trabajadores, con diversas modalidades contin\u00faa el plan de lucha que llevan adelante los delegados de ATE en los diversos hospitales provinciales.<\/p>\n<p>Esta situaci\u00f3n viene resintiendo la atenci\u00f3n a la poblaci\u00f3n, cumpli\u00e9ndose s\u00f3lo con las guardias m\u00ednimas y la atenci\u00f3n de casos de emergencia.<\/p>\n<p>Ante esto, e ignorando la lamentable situaci\u00f3n que debe sufrir la comunidad que se atiende en los centros de salud, el gobierno no ha dado una sola respuesta a los reclamos de recomposici\u00f3n salarial de los trabajadores del sector. Por el contrario, De la sota aprueba la pol\u00edtica sanitaria de su predecesor Juan Schiaretti, confirmando a Oscar Gonz\u00e1lez en su gabinete, principal responsable de la decadencia sanitaria en la provincia.<\/p>\n<p>En consecuencia, para proseguir con las medidas de fuerza, ATE realizar\u00e1 el pr\u00f3ximo mi\u00e9rcoles 1\u00ba de febrero, a las 10 horas, un plenario de delegados, para resolver los pasos a seguir, convencido que s\u00f3lo la lucha y la unidad de los trabajadores podr\u00e1n generar condiciones de dignidad en el trabajo y atenci\u00f3n de calidad a la poblaci\u00f3n.<\/p>\n<p>Mar\u00eda Teresa Romero<\/p>\n<p>Secretaria General<\/p>\n<p>ATE C\u00f3rdoba<\/p>\n<\/div>\n","protected":false},"excerpt":{"rendered":"<p>(C\u00f3rdoba, 25-1-2012) Nuestro gremio reafirma el plan de lucha y convoca al cuerpo de delegados para el mi\u00e9rcoles 1\u00ba de febrero a las 10 horas, para determinar los pasos a seguir. Mientras el gobierno de Jos\u00e9 Manuel De la sota intenta desgastar el conflicto en la salud cordobesa, por v\u00eda del m\u00e1s absoluto silencio e [&hellip;]<\/p>\n","protected":false},"author":1,"featured_media":19220,"comment_status":"open","ping_status":"open","sticky":false,"template":"","format":"standard","meta":{"_exactmetrics_skip_tracking":false,"_exactmetrics_sitenote_active":false,"_exactmetrics_sitenote_note":"","_exactmetrics_sitenote_category":0,"jnews-multi-image_gallery":[],"jnews_single_post":[],"jnews_primary_category":[],"jnews_social_meta":[],"jnews_review":[],"enable_review":"","type":"","name":"","summary":"","brand":"","sku":"","good":[],"bad":[],"score_override":"","override_value":"","rating":[],"price":[],"jnews_override_counter":[],"jnews_post_split":[],"footnotes":""},"categories":[53],"tags":[54],"class_list":["post-29","post","type-post","status-publish","format-standard","has-post-thumbnail","hentry","category-comunicados-de-prensa","tag-comunicados-de-prensa-2"],"jetpack_featured_media_url":"https:\/\/atecordoba.org\/wp-content\/uploads\/2020\/05\/logo-nuevochico-e1561581322808.png","_links":{"self":[{"href":"https:\/\/atecordoba.org\/index.php?rest_route=\/wp\/v2\/posts\/29","targetHints":{"allow":["GET"]}}],"collection":[{"href":"https:\/\/atecordoba.org\/index.php?rest_route=\/wp\/v2\/posts"}],"about":[{"href":"https:\/\/atecordoba.org\/index.php?rest_route=\/wp\/v2\/types\/post"}],"author":[{"embeddable":true,"href":"https:\/\/atecordoba.org\/index.php?rest_route=\/wp\/v2\/users\/1"}],"replies":[{"embeddable":true,"href":"https:\/\/atecordoba.org\/index.php?rest_route=%2Fwp%2Fv2%2Fcomments&post=29"}],"version-history":[{"count":0,"href":"https:\/\/atecordoba.org\/index.php?rest_route=\/wp\/v2\/posts\/29\/revisions"}],"wp:featuredmedia":[{"embeddable":true,"href":"https:\/\/atecordoba.org\/index.php?rest_route=\/wp\/v2\/media\/19220"}],"wp:attachment":[{"href":"https:\/\/atecordoba.org\/index.php?rest_route=%2Fwp%2Fv2%2Fmedia&parent=29"}],"wp:term":[{"taxonomy":"category","embeddable":true,"href":"https:\/\/atecordoba.org\/index.php?rest_route=%2Fwp%2Fv2%2Fcategories&post=29"},{"taxonomy":"post_tag","embeddable":true,"href":"https:\/\/atecordoba.org\/index.php?rest_route=%2Fwp%2Fv2%2Ftags&post=29"}],"curies":[{"name":"wp","href":"https:\/\/api.w.org\/{rel}","templated":true}]}}