{"id":28992,"date":"2021-11-23T11:31:24","date_gmt":"2021-11-23T14:31:24","guid":{"rendered":"https:\/\/atecordoba.org\/?p=28992"},"modified":"2021-11-23T11:40:38","modified_gmt":"2021-11-23T14:40:38","slug":"el-ministerio-de-salud-profundiza-la-precarizacion-en-el-hospital-pediatrico-para-cubrir-vacantes","status":"publish","type":"post","link":"https:\/\/atecordoba.org\/?p=28992","title":{"rendered":"El Ministerio de Salud profundiza la precarizaci\u00f3n en el Hospital Pedi\u00e1trico para cubrir vacantes"},"content":{"rendered":"\n<div class=\"wp-block-image\"><figure class=\"aligncenter size-large is-resized\"><img loading=\"lazy\" decoding=\"async\" src=\"https:\/\/atecordoba.org\/wp-content\/uploads\/2021\/11\/IMG-20211119-WA0095-1024x866.jpg\" alt=\"\" class=\"wp-image-28993\" width=\"768\" height=\"650\" srcset=\"https:\/\/atecordoba.org\/wp-content\/uploads\/2021\/11\/IMG-20211119-WA0095-1024x866.jpg 1024w, https:\/\/atecordoba.org\/wp-content\/uploads\/2021\/11\/IMG-20211119-WA0095-300x254.jpg 300w, https:\/\/atecordoba.org\/wp-content\/uploads\/2021\/11\/IMG-20211119-WA0095-768x649.jpg 768w, https:\/\/atecordoba.org\/wp-content\/uploads\/2021\/11\/IMG-20211119-WA0095-750x634.jpg 750w, https:\/\/atecordoba.org\/wp-content\/uploads\/2021\/11\/IMG-20211119-WA0095.jpg 1080w\" sizes=\"auto, (max-width: 768px) 100vw, 768px\" \/><\/figure><\/div>\n\n\n\n<p>ATE participar\u00e1 ma\u00f1ana del abrazo al Hospital Pedi\u00e1trico que tiene previsto realizar la asamblea de trabajadores y trabajadoras de la instituci\u00f3n, a partir de las 11 horas, ante las dilaciones y falsos anuncios de parte del Ministerio de Salud por los reclamos de nombramiento de personal para sostener los servicios. <\/p>\n\n\n\n<p>Por que frente a los anuncios del \u00e1rea de Recursos Humanos de la cartera sanitaria respecto a la incorporaci\u00f3n de 61 agentes en el Hospital Pedi\u00e1trico, que vive un largo proceso de reclamos por nombramiento de personal, la asamblea de trabajadores y trabajadoras del centro de salud sali\u00f3 la semana pasada a desmentir y atenuar dichos anuncios.<\/p>\n\n\n\n<p>En tal sentido, las y los trabajadores del Pedi\u00e1trico detallaron que:<\/p>\n\n\n\n<ul class=\"wp-block-list\"><li>De  los cinco cirujanos anunciados, uno ya renunci\u00f3, otro no coincide en su especialidad por tratarse de un &#8216;neurocirujano&#8217; y dos m\u00e1s tienen contratos de tipo &#8216;covid&#8217; que vencen el 31 del corriente. De forma tal que solo un cirujano est\u00e1 garantizado m\u00e1s all\u00e1 de fin de mes. <\/li><li>De las 18 enfermeras anunciadas, una ya renunci\u00f3 y otra se dio de baja. A las restantes 16, todas tienen contratos &#8216;covid&#8217; que vencen el 31 de noviembre, sin tener hasta el momento confirmaci\u00f3n de su continuidad.<\/li><li>El anestesista anunciado tampoco es una incorporaci\u00f3n para cubrir un cargo vacante, sino sino el reemplazo del otro cargo restante porque la titular fue trasladada. De esta forma, el servicio sigue sin cubrirse con un profesional como fue solicitado. <\/li><li>En cuanto a los dos bioqu\u00edmicos anunciados, uno ingreso en calidad de monotributista precarizado y el restante tiene un contrato &#8216;covid&#8217; que vence el 31 de noviembre.<\/li><\/ul>\n\n\n\n<p><strong>Consultorios externos<\/strong><\/p>\n\n\n\n<p>Otro punto desmentido por la asamblea del hospital se refiere a los presuntos nombramientos que anunci\u00f3 el Ministerio de Salud de:<\/p>\n\n\n\n<p>Una fonoaudi\u00f3loga que no est\u00e1 en el consultorio externo, sino en el Servicio de Rehabilitaci\u00f3n. Se trata de una profesional a cuenta de una &#8216;beca covid&#8217; de renovaci\u00f3n mensual  y duraci\u00f3n por un a\u00f1o.<\/p>\n\n\n\n<p>En cuanto a la nefr\u00f3loga, es unas profesional que solo concurre a las unidades UTIP y UCIP, no al consultorio externo y que, adem\u00e1s, se encuentra pronta a a jubilarse. <\/p>\n\n\n\n<p>Respecto a las tres kinesi\u00f3logas anunciadas, dos hacen guardias de 24 horas y la restante cumple funciones en el Servicio de Rehabilitaci\u00f3n, es decir, ninguna est\u00b4{a destinada a los consultorio externos que no tienen personal. <\/p>\n\n\n\n<p>A su vez, la m\u00e9dica cardi\u00f3loga anunciada reci\u00e9n se incorporar\u00e1 en febrero por encontrarse de licencia por maternidad; la m\u00e9dica dermat\u00f3loga sufre una &#8216;beca covid&#8217; de renovaci\u00f3n trimestral; para peor, la farmac\u00e9utica y la intrumentadora no integran el equipo de salud y forman parte de un servicio tercerizado, es decir, privatizado. <\/p>\n\n\n\n<p><strong>Mantienen reclamos<\/strong><\/p>\n\n\n\n<p>En consecuencia, la asamblea reclamar\u00e1 ma\u00f1ana por la falta de recursos humanos en varios servicios y el pase a contrato de 7 compa\u00f1eros y compa\u00f1eras monotributistas. <\/p>\n\n\n\n<p>A la vez, exigir\u00e1n un respuesta formal al petitorio presentado el pasado 11 de  noviembre.<\/p>\n","protected":false},"excerpt":{"rendered":"<p>ATE participar\u00e1 ma\u00f1ana del abrazo al Hospital Pedi\u00e1trico que tiene previsto realizar la asamblea de trabajadores y trabajadoras de la instituci\u00f3n, a partir de las 11 horas, ante las dilaciones y falsos anuncios de parte del Ministerio de Salud por los reclamos de nombramiento de personal para sostener los servicios. Por que frente a los [&hellip;]<\/p>\n","protected":false},"author":7,"featured_media":28994,"comment_status":"open","ping_status":"open","sticky":false,"template":"","format":"standard","meta":{"_exactmetrics_skip_tracking":false,"_exactmetrics_sitenote_active":false,"_exactmetrics_sitenote_note":"","_exactmetrics_sitenote_category":0,"jnews-multi-image_gallery":[],"jnews_single_post":{"subtitle":"Ma\u00f1ana a las 11 horas se llevar\u00e1 a cabo un abrazo de protesta al hospital. ","format":"standard","video":"","gallery":"","source_name":"","source_url":"","via_name":"","via_url":"","override":[{"template":"1","single_blog_custom":"","parallax":"1","fullscreen":"1","layout":"right-sidebar","sidebar":"default-sidebar","second_sidebar":"default-sidebar","sticky_sidebar":"1","share_position":"top","share_float_style":"share-monocrhome","show_share_counter":"1","show_view_counter":"1","show_featured":"1","show_post_meta":"1","show_post_author":"1","show_post_author_image":"1","show_post_date":"1","post_date_format":"default","post_date_format_custom":"Y\/m\/d","show_post_category":"1","post_reading_time_wpm":"300","zoom_button_out_step":"2","zoom_button_in_step":"3","show_post_tag":"1","show_prev_next_post":"1","show_popup_post":"1","number_popup_post":"1"}],"image_override":[{"single_post_thumbnail_size":"crop-500","single_post_gallery_size":"crop-500"}],"trending_post_position":"meta","trending_post_label":"Trending","sponsored_post_label":"Sponsored by","sponsored_post_name":"","sponsored_post_url":"","sponsored_post_logo":"","sponsored_post_desc":""},"jnews_primary_category":{"id":""},"jnews_social_meta":[],"jnews_review":[],"enable_review":"","type":"","name":"","summary":"","brand":"","sku":"","good":[],"bad":[],"score_override":"","override_value":"","rating":[],"price":[],"jnews_override_counter":[],"jnews_post_split":[],"footnotes":""},"categories":[8],"tags":[953],"class_list":["post-28992","post","type-post","status-publish","format-standard","has-post-thumbnail","hentry","category-provinciales","tag-hospital-pediatrico"],"jetpack_featured_media_url":"https:\/\/atecordoba.org\/wp-content\/uploads\/2021\/11\/IMG-20211104-WA0029-1-e1637677871861.jpg","_links":{"self":[{"href":"https:\/\/atecordoba.org\/index.php?rest_route=\/wp\/v2\/posts\/28992","targetHints":{"allow":["GET"]}}],"collection":[{"href":"https:\/\/atecordoba.org\/index.php?rest_route=\/wp\/v2\/posts"}],"about":[{"href":"https:\/\/atecordoba.org\/index.php?rest_route=\/wp\/v2\/types\/post"}],"author":[{"embeddable":true,"href":"https:\/\/atecordoba.org\/index.php?rest_route=\/wp\/v2\/users\/7"}],"replies":[{"embeddable":true,"href":"https:\/\/atecordoba.org\/index.php?rest_route=%2Fwp%2Fv2%2Fcomments&post=28992"}],"version-history":[{"count":1,"href":"https:\/\/atecordoba.org\/index.php?rest_route=\/wp\/v2\/posts\/28992\/revisions"}],"predecessor-version":[{"id":28995,"href":"https:\/\/atecordoba.org\/index.php?rest_route=\/wp\/v2\/posts\/28992\/revisions\/28995"}],"wp:featuredmedia":[{"embeddable":true,"href":"https:\/\/atecordoba.org\/index.php?rest_route=\/wp\/v2\/media\/28994"}],"wp:attachment":[{"href":"https:\/\/atecordoba.org\/index.php?rest_route=%2Fwp%2Fv2%2Fmedia&parent=28992"}],"wp:term":[{"taxonomy":"category","embeddable":true,"href":"https:\/\/atecordoba.org\/index.php?rest_route=%2Fwp%2Fv2%2Fcategories&post=28992"},{"taxonomy":"post_tag","embeddable":true,"href":"https:\/\/atecordoba.org\/index.php?rest_route=%2Fwp%2Fv2%2Ftags&post=28992"}],"curies":[{"name":"wp","href":"https:\/\/api.w.org\/{rel}","templated":true}]}}