{"id":2896,"date":"2013-06-19T18:29:35","date_gmt":"2013-06-19T21:29:35","guid":{"rendered":"http:\/\/www.atecordoba.org\/?p=2896"},"modified":"2013-06-19T18:29:35","modified_gmt":"2013-06-19T21:29:35","slug":"ate-participo-del-tranquerazo-en-metan-contra-la-planta-de-amonio","status":"publish","type":"post","link":"https:\/\/atecordoba.org\/?p=2896","title":{"rendered":"ATE particip\u00f3 del \u201cTranquerazo\u201d en Met\u00e1n contra la planta de amonio"},"content":{"rendered":"<p>Una delegaci\u00f3n del CDP estuvo presente, junto a compa\u00f1eros de todo el pa\u00eds, en la protesta. Mar\u00eda Teresa Romero encabez\u00f3 la comitiva.<\/p>\n<p>(fuente El Tribuno de Salta)<\/p>\n<p><a href=\"http:\/\/www.atecordoba.org\/wp-content\/uploads\/2013\/06\/salta-tranquerazo.jpg\"><img loading=\"lazy\" decoding=\"async\" class=\"aligncenter size-full wp-image-2897\" title=\"salta - tranquerazo\" src=\"http:\/\/www.atecordoba.org\/wp-content\/uploads\/2013\/06\/salta-tranquerazo.jpg\" alt=\"\" width=\"620\" height=\"465\" \/><\/a><\/p>\n<p>Alrededor de 700 vecinos, ambientalistas y representantes de instituciones de ocho provincias participaron ayer en El Galp\u00f3n del denominado \u201ctranquerazo\u201d para oponerse al proyecto de instalaci\u00f3n de una planta de nitrato de amonio.<\/p>\n<p>Los manifestantes de Catamarca, La Rioja, Jujuy, C\u00f3rdoba, Buenos Aires, Tucum\u00e1n, Entre R\u00edos y de distintas localidades de Salta se concentraron en la plaza principal de la localidad donde en horas de la ma\u00f1ana desarrollaron un acto en el que hubo varios oradores.<\/p>\n<p>Luego realizaron una caravana de veh\u00edculos con carteles y pancartas y una ruidosa batucada. Recorrieron la localidad y se detuvieron frente a la vivienda del intendente H\u00e9ctor Romero, a quien repudiaron por no apoyar la protesta y exigen que no autorice la radicaci\u00f3n del emprendimiento.<\/p>\n<p>Posteriormente se dirigieron hacia el kil\u00f3metro 653 de la ruta nacional 16, cerca del el pueblo de El Tunal. All\u00ed en el paraje El Lapacho la empresa Austin est\u00e1 realizando los trabajos previos para la instalaci\u00f3n de la planta.<\/p>\n<p>En ese lugar, desde hace 32 d\u00edas, vecinos de El Galp\u00f3n, El Tunal, Joaqu\u00edn V. Gonz\u00e1lez , El Quebrachal y Met\u00e1n acampan y bloquean el acceso a donde se pretende construir el emprendimiento.<\/p>\n<p>Aseguran que va a a ser altamente contaminante, que va a tener un efecto devastador para las poblaciones de la zona y a causar un grave perjuicio al medio ambiente, como por ejemplo, al r\u00edo Juramento y dique El Tunal.<\/p>\n<p>Los protestantes, entre los que se encontraban representantes de ATE, CTA y de la CCC de distintas provincias, se sumaron al acampe, compartieron un locro y desarrollaron otro acto en el lugar del tranquerazo.<\/p>\n<p><strong style=\"font-size: 13px;\">Cuestionamientos<\/strong><\/p>\n<p>Los ambientalistas locales sostienen que la empresa Austin todav\u00eda no cuenta con todas las autorizaciones para construir la planta. Cuestionaron que la firma quiere utilizar equipamiento que tiene m\u00e1s de medio siglo y se encontraba en desuso en otros pa\u00edses<\/p>\n<p>Remarcaron que pretenden tomar del r\u00edo Juramento 60 litros de agua por segundo para poder producir nitrato de amonio y que la planta va a emitir particulas contaminantes al aire de amon\u00edaco y nitrato de amonio.<\/p>\n<p>Dijeron que a eso se suman la falta de controles que existen sobre estos emprendimientos.<\/p>\n<p><strong style=\"font-size: 13px;\">Protesta nacionalizada<\/strong><\/p>\n<p>\u201cLos vecinos del pueblo de El Tunal estamos en contra de la instalaci\u00f3n de la planta de nitrato de amonio porque es altamente contaminante y va a perjudicar al medio ambiente, principalmente al r\u00edo Juramento y los lugare\u00f1os viven de la pesca y de otras actividades relacionadas. Por eso no nos vamos a mover de este acampe que es por tiempo indeterminado\u201d, dijo Mart\u00edn De Biasi, quien reside en el lugar ubicado a pocos kil\u00f3metros. Por su parte, Normando Ocampo, integrante de la organizaci\u00f3n ambientalista Contramina, de la CTA de La Rioja, destac\u00f3 que \u201cseguimos la lucha de Famatina y venimos a apoyar este tranquerazo que tiene un sentido profundo. El Galp\u00f3n igual que Famatina no se toca porque es ac\u00e1 donde quieren hacer los explosivos para volar los cerros y la cordillera de los Andes. Todo lo que se saca de las monta\u00f1as a costa de contaminar el agua, la tierra y el aire es patrimonio del pueblo argentino\u201d.<\/p>\n","protected":false},"excerpt":{"rendered":"<p>Una delegaci\u00f3n del CDP estuvo presente, junto a compa\u00f1eros de todo el pa\u00eds, en la protesta. Mar\u00eda Teresa Romero encabez\u00f3 la comitiva. (fuente El Tribuno de Salta) Alrededor de 700 vecinos, ambientalistas y representantes de instituciones de ocho provincias participaron ayer en El Galp\u00f3n del denominado \u201ctranquerazo\u201d para oponerse al proyecto de instalaci\u00f3n de una [&hellip;]<\/p>\n","protected":false},"author":1,"featured_media":19220,"comment_status":"open","ping_status":"open","sticky":false,"template":"","format":"standard","meta":{"_exactmetrics_skip_tracking":false,"_exactmetrics_sitenote_active":false,"_exactmetrics_sitenote_note":"","_exactmetrics_sitenote_category":0,"jnews-multi-image_gallery":[],"jnews_single_post":[],"jnews_primary_category":[],"jnews_social_meta":[],"jnews_review":[],"enable_review":"","type":"","name":"","summary":"","brand":"","sku":"","good":[],"bad":[],"score_override":"","override_value":"","rating":[],"price":[],"jnews_override_counter":[],"jnews_post_split":[],"footnotes":""},"categories":[1],"tags":[],"class_list":["post-2896","post","type-post","status-publish","format-standard","has-post-thumbnail","hentry","category-sin-categoria"],"jetpack_featured_media_url":"https:\/\/atecordoba.org\/wp-content\/uploads\/2020\/05\/logo-nuevochico-e1561581322808.png","_links":{"self":[{"href":"https:\/\/atecordoba.org\/index.php?rest_route=\/wp\/v2\/posts\/2896","targetHints":{"allow":["GET"]}}],"collection":[{"href":"https:\/\/atecordoba.org\/index.php?rest_route=\/wp\/v2\/posts"}],"about":[{"href":"https:\/\/atecordoba.org\/index.php?rest_route=\/wp\/v2\/types\/post"}],"author":[{"embeddable":true,"href":"https:\/\/atecordoba.org\/index.php?rest_route=\/wp\/v2\/users\/1"}],"replies":[{"embeddable":true,"href":"https:\/\/atecordoba.org\/index.php?rest_route=%2Fwp%2Fv2%2Fcomments&post=2896"}],"version-history":[{"count":0,"href":"https:\/\/atecordoba.org\/index.php?rest_route=\/wp\/v2\/posts\/2896\/revisions"}],"wp:featuredmedia":[{"embeddable":true,"href":"https:\/\/atecordoba.org\/index.php?rest_route=\/wp\/v2\/media\/19220"}],"wp:attachment":[{"href":"https:\/\/atecordoba.org\/index.php?rest_route=%2Fwp%2Fv2%2Fmedia&parent=2896"}],"wp:term":[{"taxonomy":"category","embeddable":true,"href":"https:\/\/atecordoba.org\/index.php?rest_route=%2Fwp%2Fv2%2Fcategories&post=2896"},{"taxonomy":"post_tag","embeddable":true,"href":"https:\/\/atecordoba.org\/index.php?rest_route=%2Fwp%2Fv2%2Ftags&post=2896"}],"curies":[{"name":"wp","href":"https:\/\/api.w.org\/{rel}","templated":true}]}}