{"id":28936,"date":"2021-11-17T12:37:01","date_gmt":"2021-11-17T15:37:01","guid":{"rendered":"https:\/\/atecordoba.org\/?p=28936"},"modified":"2021-11-18T10:11:29","modified_gmt":"2021-11-18T13:11:29","slug":"a-salon-lleno-comenzo-hoy-el-plenario-provincial-de-las-y-los-municipales-en-dia-de-la-militancia","status":"publish","type":"post","link":"https:\/\/atecordoba.org\/?p=28936","title":{"rendered":"A sal\u00f3n lleno se realiz\u00f3 el Plenario Provincial de las y los Municipales en D\u00eda de la Militancia"},"content":{"rendered":"\n<div class=\"wp-block-image\"><figure class=\"aligncenter size-large is-resized\"><img loading=\"lazy\" decoding=\"async\" src=\"https:\/\/atecordoba.org\/wp-content\/uploads\/2021\/11\/IMG-20211117-WA0025-1024x576.jpg\" alt=\"\" class=\"wp-image-28937\" width=\"768\" height=\"432\" srcset=\"https:\/\/atecordoba.org\/wp-content\/uploads\/2021\/11\/IMG-20211117-WA0025-1024x576.jpg 1024w, https:\/\/atecordoba.org\/wp-content\/uploads\/2021\/11\/IMG-20211117-WA0025-300x169.jpg 300w, https:\/\/atecordoba.org\/wp-content\/uploads\/2021\/11\/IMG-20211117-WA0025-768x432.jpg 768w, https:\/\/atecordoba.org\/wp-content\/uploads\/2021\/11\/IMG-20211117-WA0025-750x422.jpg 750w, https:\/\/atecordoba.org\/wp-content\/uploads\/2021\/11\/IMG-20211117-WA0025-1140x641.jpg 1140w, https:\/\/atecordoba.org\/wp-content\/uploads\/2021\/11\/IMG-20211117-WA0025.jpg 1280w\" sizes=\"auto, (max-width: 768px) 100vw, 768px\" \/><\/figure><\/div>\n\n\n\n<p>Con la presencia de 62 delegadas y delegados de toda la provincia, comenz\u00f3 en la media ma\u00f1ana de hoy el Plenario Provincial de las y los Municipales. La conducci\u00f3n del Consejo Directivo Provincial eligi\u00f3 este 17 de noviembre pro tratarse del D\u00eda de la Militancia y todos los presentes destacaron el acierto. <\/p>\n\n\n\n<p>Encabezado por le Secretario General de ATE C\u00f3rdoba, Federico Giuliani, el encuentro cont\u00f3 con la presencia de dirigentes nacionales y de las seccionales que integran nuestro sindicato, como el secretario de Interior del CDN, Vicente Mart\u00ed, los secretarios generales de las seccionales Diego Villegas (Adelia Mar\u00eda), Rafaela Alcoba (Rio Cuarto), Dami\u00e1n Albornoz (R\u00edo Tercero) y Dar\u00edo Paredes (San Francisco).<\/p>\n\n\n\n<p>Vale se\u00f1alar que actualmente ATE C\u00f3rdoba cuenta con 2600 afiliados municipales, de los cuales 620 se sumaron desde que asumi\u00f3 esta conducci\u00f3n.<\/p>\n\n\n\n<p>Al dar inicio al plenario, Giuliani dio la bienvenida &#8220;a este auditorio H\u00e9ctor la perra Castro que fue desde ATE una de las cuatro patas del Cordobazo, ocultado por la historia oficial y la de ATE tambi\u00e9n. Junto a Agust\u00edn Tosco, Atilio L\u00f3pez y Elpidio Torres&#8221;.<\/p>\n\n\n\n<p>El dirigente destac\u00f3 que &#8220;hay muchos compa\u00f1eros y compa\u00f1eras que arrancaron esta jornada muy temprano, se han venido de lugares muy distantes para participar de este plenario y lo quiero destacar en la figura de Susana, de Ital\u00f3 que es una localidad ubicada a 400 kil\u00f3metros de C\u00f3rdoba. En su figura damos un abrazo y un saludo a todas y todos por el esfuerzo hecho para estar hoy ac\u00e1 presentes&#8221;.<\/p>\n\n\n\n<figure class=\"wp-block-gallery columns-3 is-cropped wp-block-gallery-1 is-layout-flex wp-block-gallery-is-layout-flex\"><ul class=\"blocks-gallery-grid\"><li class=\"blocks-gallery-item\"><figure><img loading=\"lazy\" decoding=\"async\" width=\"987\" height=\"495\" src=\"https:\/\/atecordoba.org\/wp-content\/uploads\/2021\/11\/Captura-de-pantalla-2021-11-17-111444.jpg\" alt=\"\" data-id=\"28938\" data-full-url=\"https:\/\/atecordoba.org\/wp-content\/uploads\/2021\/11\/Captura-de-pantalla-2021-11-17-111444.jpg\" data-link=\"https:\/\/atecordoba.org\/?attachment_id=28938\" class=\"wp-image-28938\" srcset=\"https:\/\/atecordoba.org\/wp-content\/uploads\/2021\/11\/Captura-de-pantalla-2021-11-17-111444.jpg 987w, https:\/\/atecordoba.org\/wp-content\/uploads\/2021\/11\/Captura-de-pantalla-2021-11-17-111444-300x150.jpg 300w, https:\/\/atecordoba.org\/wp-content\/uploads\/2021\/11\/Captura-de-pantalla-2021-11-17-111444-768x385.jpg 768w, https:\/\/atecordoba.org\/wp-content\/uploads\/2021\/11\/Captura-de-pantalla-2021-11-17-111444-360x180.jpg 360w, https:\/\/atecordoba.org\/wp-content\/uploads\/2021\/11\/Captura-de-pantalla-2021-11-17-111444-750x376.jpg 750w\" sizes=\"auto, (max-width: 987px) 100vw, 987px\" \/><\/figure><\/li><li class=\"blocks-gallery-item\"><figure><img loading=\"lazy\" decoding=\"async\" width=\"1024\" height=\"576\" src=\"https:\/\/atecordoba.org\/wp-content\/uploads\/2021\/11\/IMG-20211117-WA0005-1024x576.jpg\" alt=\"\" data-id=\"28939\" data-full-url=\"https:\/\/atecordoba.org\/wp-content\/uploads\/2021\/11\/IMG-20211117-WA0005.jpg\" data-link=\"https:\/\/atecordoba.org\/?attachment_id=28939\" class=\"wp-image-28939\" srcset=\"https:\/\/atecordoba.org\/wp-content\/uploads\/2021\/11\/IMG-20211117-WA0005-1024x576.jpg 1024w, https:\/\/atecordoba.org\/wp-content\/uploads\/2021\/11\/IMG-20211117-WA0005-300x169.jpg 300w, https:\/\/atecordoba.org\/wp-content\/uploads\/2021\/11\/IMG-20211117-WA0005-768x432.jpg 768w, https:\/\/atecordoba.org\/wp-content\/uploads\/2021\/11\/IMG-20211117-WA0005-1536x864.jpg 1536w, https:\/\/atecordoba.org\/wp-content\/uploads\/2021\/11\/IMG-20211117-WA0005-750x422.jpg 750w, https:\/\/atecordoba.org\/wp-content\/uploads\/2021\/11\/IMG-20211117-WA0005-1140x641.jpg 1140w, https:\/\/atecordoba.org\/wp-content\/uploads\/2021\/11\/IMG-20211117-WA0005.jpg 1600w\" sizes=\"auto, (max-width: 1024px) 100vw, 1024px\" \/><\/figure><\/li><li class=\"blocks-gallery-item\"><figure><img loading=\"lazy\" decoding=\"async\" width=\"1024\" height=\"576\" src=\"https:\/\/atecordoba.org\/wp-content\/uploads\/2021\/11\/IMG-20211117-WA0006-copia-1024x576.jpg\" alt=\"\" data-id=\"28940\" data-full-url=\"https:\/\/atecordoba.org\/wp-content\/uploads\/2021\/11\/IMG-20211117-WA0006-copia.jpg\" data-link=\"https:\/\/atecordoba.org\/?attachment_id=28940\" class=\"wp-image-28940\" srcset=\"https:\/\/atecordoba.org\/wp-content\/uploads\/2021\/11\/IMG-20211117-WA0006-copia-1024x576.jpg 1024w, https:\/\/atecordoba.org\/wp-content\/uploads\/2021\/11\/IMG-20211117-WA0006-copia-300x169.jpg 300w, https:\/\/atecordoba.org\/wp-content\/uploads\/2021\/11\/IMG-20211117-WA0006-copia-768x432.jpg 768w, https:\/\/atecordoba.org\/wp-content\/uploads\/2021\/11\/IMG-20211117-WA0006-copia-1536x864.jpg 1536w, https:\/\/atecordoba.org\/wp-content\/uploads\/2021\/11\/IMG-20211117-WA0006-copia-750x422.jpg 750w, https:\/\/atecordoba.org\/wp-content\/uploads\/2021\/11\/IMG-20211117-WA0006-copia-1140x641.jpg 1140w, https:\/\/atecordoba.org\/wp-content\/uploads\/2021\/11\/IMG-20211117-WA0006-copia.jpg 1600w\" sizes=\"auto, (max-width: 1024px) 100vw, 1024px\" \/><\/figure><\/li><li class=\"blocks-gallery-item\"><figure><img loading=\"lazy\" decoding=\"async\" width=\"1024\" height=\"576\" src=\"https:\/\/atecordoba.org\/wp-content\/uploads\/2021\/11\/IMG-20211117-WA0012-copia-1024x576.jpg\" alt=\"\" data-id=\"28941\" data-full-url=\"https:\/\/atecordoba.org\/wp-content\/uploads\/2021\/11\/IMG-20211117-WA0012-copia.jpg\" data-link=\"https:\/\/atecordoba.org\/?attachment_id=28941\" class=\"wp-image-28941\" srcset=\"https:\/\/atecordoba.org\/wp-content\/uploads\/2021\/11\/IMG-20211117-WA0012-copia-1024x576.jpg 1024w, https:\/\/atecordoba.org\/wp-content\/uploads\/2021\/11\/IMG-20211117-WA0012-copia-300x169.jpg 300w, https:\/\/atecordoba.org\/wp-content\/uploads\/2021\/11\/IMG-20211117-WA0012-copia-768x432.jpg 768w, https:\/\/atecordoba.org\/wp-content\/uploads\/2021\/11\/IMG-20211117-WA0012-copia-750x422.jpg 750w, https:\/\/atecordoba.org\/wp-content\/uploads\/2021\/11\/IMG-20211117-WA0012-copia-1140x641.jpg 1140w, https:\/\/atecordoba.org\/wp-content\/uploads\/2021\/11\/IMG-20211117-WA0012-copia.jpg 1280w\" sizes=\"auto, (max-width: 1024px) 100vw, 1024px\" \/><\/figure><\/li><\/ul><\/figure>\n\n\n\n<p>&#8220;Este encuentro no naci\u00f3 casualmente, lo venimos organizando hace tiempo. decidimos esta fecha porque m\u00e1s all\u00e1 de los colores pol\u00edticos hoy es el d\u00eda del militante, m\u00e1s all\u00e1 del lugar donde se milite: en la parroquia del barrio, en el centro vecinal, en el club de futbol, en el sindicato o el partido pol\u00edtico. Hoy es un d\u00eda con m\u00edstica, tratamos de convencer a los que est\u00e1n al lado, sobre todo en un marco de graves problemas econ\u00f3micos y sociales como los que nos tocan transitar actualmente en Argentina. venimos de una elecci\u00f3n hace pocas horas y podemos ver que se viene lamentablemente para los trabajadores m\u00e1s ajuste. Hace dos a\u00f1os, apenas asumimos, hicimos el primer encuentro de municipales en ATE C\u00f3rdoba en esta misma sede, con muchas caras que est\u00e1n en este plenario, pero hoy hay muchas otras nuevas y eso es lo que nos contagia y nos llena de alegr\u00eda, porque el sector municipal es de los que m\u00e1s din\u00e1mica tiene en esta ATE C\u00f3rdoba&#8221;.<\/p>\n\n\n\n<p>&#8220;Recuperar la presencialidad no es menor. Vivimos dos a\u00f1os de muchas dificultades donde compa\u00f1eros y compa\u00f1eras perdieron familiares, victimas del Covid 19. Sobre todo, destacar la presencia y el compromiso, la participaci\u00f3n, de nuestra primera l\u00ednea en cada municipalidad y localidad de C\u00f3rdoba, llevando servicios y garantizando derechos a cada vecino&#8221;.<\/p>\n\n\n\n<p>&#8220;Este encuentro no es un gasto, no solo sirve para discutir la pol\u00edtica de cada rinc\u00f3n de c\u00f3rdoba, tambi\u00e9n sirve para encontrarse y fortalecer, saber que no estamos solos en la pelea porque hay compa\u00f1eros de R\u00edo Cuarto, Baigorria, Cruz del Eje, San Francisco, Jesus Mar\u00eda, Jovita, Las Acequias, Adelia Mar\u00eda, Las Albahacas, Sampacho, Mendiolaza, Gigena, R\u00edo Tercero, Almafuerte, Achiras, Tr\u00e1nsito, Devoto o San Agust\u00edn&#8221;.<\/p>\n\n\n\n<figure class=\"wp-block-gallery columns-3 is-cropped wp-block-gallery-2 is-layout-flex wp-block-gallery-is-layout-flex\"><ul class=\"blocks-gallery-grid\"><li class=\"blocks-gallery-item\"><figure><img loading=\"lazy\" decoding=\"async\" width=\"1024\" height=\"576\" src=\"https:\/\/atecordoba.org\/wp-content\/uploads\/2021\/11\/IMG-20211117-WA0010-copia-1024x576.jpg\" alt=\"\" data-id=\"28942\" data-full-url=\"https:\/\/atecordoba.org\/wp-content\/uploads\/2021\/11\/IMG-20211117-WA0010-copia.jpg\" data-link=\"https:\/\/atecordoba.org\/?attachment_id=28942\" class=\"wp-image-28942\" srcset=\"https:\/\/atecordoba.org\/wp-content\/uploads\/2021\/11\/IMG-20211117-WA0010-copia-1024x576.jpg 1024w, https:\/\/atecordoba.org\/wp-content\/uploads\/2021\/11\/IMG-20211117-WA0010-copia-300x169.jpg 300w, https:\/\/atecordoba.org\/wp-content\/uploads\/2021\/11\/IMG-20211117-WA0010-copia-768x432.jpg 768w, https:\/\/atecordoba.org\/wp-content\/uploads\/2021\/11\/IMG-20211117-WA0010-copia-750x422.jpg 750w, https:\/\/atecordoba.org\/wp-content\/uploads\/2021\/11\/IMG-20211117-WA0010-copia-1140x641.jpg 1140w, https:\/\/atecordoba.org\/wp-content\/uploads\/2021\/11\/IMG-20211117-WA0010-copia.jpg 1280w\" sizes=\"auto, (max-width: 1024px) 100vw, 1024px\" \/><\/figure><\/li><li class=\"blocks-gallery-item\"><figure><img loading=\"lazy\" decoding=\"async\" width=\"1024\" height=\"472\" src=\"https:\/\/atecordoba.org\/wp-content\/uploads\/2021\/11\/Captura-de-pantalla-2021-11-17-111321-copia-1024x472.jpg\" alt=\"\" data-id=\"28943\" data-full-url=\"https:\/\/atecordoba.org\/wp-content\/uploads\/2021\/11\/Captura-de-pantalla-2021-11-17-111321-copia.jpg\" data-link=\"https:\/\/atecordoba.org\/?attachment_id=28943\" class=\"wp-image-28943\" srcset=\"https:\/\/atecordoba.org\/wp-content\/uploads\/2021\/11\/Captura-de-pantalla-2021-11-17-111321-copia-1024x472.jpg 1024w, https:\/\/atecordoba.org\/wp-content\/uploads\/2021\/11\/Captura-de-pantalla-2021-11-17-111321-copia-300x138.jpg 300w, https:\/\/atecordoba.org\/wp-content\/uploads\/2021\/11\/Captura-de-pantalla-2021-11-17-111321-copia-768x354.jpg 768w, https:\/\/atecordoba.org\/wp-content\/uploads\/2021\/11\/Captura-de-pantalla-2021-11-17-111321-copia-750x346.jpg 750w, https:\/\/atecordoba.org\/wp-content\/uploads\/2021\/11\/Captura-de-pantalla-2021-11-17-111321-copia.jpg 1059w\" sizes=\"auto, (max-width: 1024px) 100vw, 1024px\" \/><\/figure><\/li><li class=\"blocks-gallery-item\"><figure><img loading=\"lazy\" decoding=\"async\" width=\"1024\" height=\"576\" src=\"https:\/\/atecordoba.org\/wp-content\/uploads\/2021\/11\/IMG-20211117-WA0004-copia-1024x576.jpg\" alt=\"\" data-id=\"28944\" data-full-url=\"https:\/\/atecordoba.org\/wp-content\/uploads\/2021\/11\/IMG-20211117-WA0004-copia.jpg\" data-link=\"https:\/\/atecordoba.org\/?attachment_id=28944\" class=\"wp-image-28944\" srcset=\"https:\/\/atecordoba.org\/wp-content\/uploads\/2021\/11\/IMG-20211117-WA0004-copia-1024x576.jpg 1024w, https:\/\/atecordoba.org\/wp-content\/uploads\/2021\/11\/IMG-20211117-WA0004-copia-300x169.jpg 300w, https:\/\/atecordoba.org\/wp-content\/uploads\/2021\/11\/IMG-20211117-WA0004-copia-768x432.jpg 768w, https:\/\/atecordoba.org\/wp-content\/uploads\/2021\/11\/IMG-20211117-WA0004-copia-1536x864.jpg 1536w, https:\/\/atecordoba.org\/wp-content\/uploads\/2021\/11\/IMG-20211117-WA0004-copia-750x422.jpg 750w, https:\/\/atecordoba.org\/wp-content\/uploads\/2021\/11\/IMG-20211117-WA0004-copia-1140x641.jpg 1140w, https:\/\/atecordoba.org\/wp-content\/uploads\/2021\/11\/IMG-20211117-WA0004-copia.jpg 1600w\" sizes=\"auto, (max-width: 1024px) 100vw, 1024px\" \/><\/figure><\/li><li class=\"blocks-gallery-item\"><figure><img loading=\"lazy\" decoding=\"async\" width=\"1024\" height=\"576\" src=\"https:\/\/atecordoba.org\/wp-content\/uploads\/2021\/11\/IMG-20211117-WA0006-copia-copia-1024x576.jpg\" alt=\"\" data-id=\"28945\" data-full-url=\"https:\/\/atecordoba.org\/wp-content\/uploads\/2021\/11\/IMG-20211117-WA0006-copia-copia.jpg\" data-link=\"https:\/\/atecordoba.org\/?attachment_id=28945\" class=\"wp-image-28945\" srcset=\"https:\/\/atecordoba.org\/wp-content\/uploads\/2021\/11\/IMG-20211117-WA0006-copia-copia-1024x576.jpg 1024w, https:\/\/atecordoba.org\/wp-content\/uploads\/2021\/11\/IMG-20211117-WA0006-copia-copia-300x169.jpg 300w, https:\/\/atecordoba.org\/wp-content\/uploads\/2021\/11\/IMG-20211117-WA0006-copia-copia-768x432.jpg 768w, https:\/\/atecordoba.org\/wp-content\/uploads\/2021\/11\/IMG-20211117-WA0006-copia-copia-1536x864.jpg 1536w, https:\/\/atecordoba.org\/wp-content\/uploads\/2021\/11\/IMG-20211117-WA0006-copia-copia-750x422.jpg 750w, https:\/\/atecordoba.org\/wp-content\/uploads\/2021\/11\/IMG-20211117-WA0006-copia-copia-1140x641.jpg 1140w, https:\/\/atecordoba.org\/wp-content\/uploads\/2021\/11\/IMG-20211117-WA0006-copia-copia.jpg 1600w\" sizes=\"auto, (max-width: 1024px) 100vw, 1024px\" \/><\/figure><\/li><\/ul><\/figure>\n\n\n\n<p>&#8220;Este debate nos tiene que significar profundizar el debate y sacar l\u00edneas de acci\u00f3n para el futuro. Hoy la realidad indica que en el empleo p\u00fablico el sector m\u00e1s castigado son las y los trabajadores municipales y C\u00f3rdoba no es la excepci\u00f3n. Hoy tenemos en la trazabilidad de los salarios una gran disparidad, no es lo mismo lo que gana el un compa\u00f1ero en el norte cordob\u00e9s a lo que gana otro en la sierra, en el este o en el sur. pero nos atraviesan las mismas problem\u00e1ticas: pase a planta permanente a partir de la gran precarizaci\u00f3n laboral que hay. Es incre\u00edble que en pleno siglo XXI hay tantas figuras precarizadoras como los jornaleros -compa\u00f1eras y compa\u00f1eros que cobran por d\u00eda trabajado y no tienen contrato- o monotributistas, becarios, pasantes. las inventan todos los intendentes, sean del partido que sean&#8221;, se\u00f1al\u00f3.<\/p>\n\n\n\n<p>Y agreg\u00f3 que &#8220;la esencia es laburar de manera colectiva. somos 62 delegados presentes. agradecerle a Rafaela alcoba. entendemos que hay que darle organizaci\u00f3n propia al sector&#8221;.<\/p>\n\n\n\n<p>&#8220;Es importante que las y los compa\u00f1eros le den volumen al sector. m\u00e1s o menos estamos en 100 localidades. hay lugares donde las paritaria fueron m\u00e1s o menos buenas y otras un desastre, pero all\u00ed donde estamos mejor organizados el sindicato gana y ganan los laburantes. Algunos donde solo tenemos afiliados y otros donde los cuerpos de delegados tienen mucha presencia, algunos municipios no quieren retenernos la cuota sindical y tenemos que darnos una discusi\u00f3n sobre eso&#8221;.<\/p>\n\n\n\n<p>Giuliani agradeci\u00f3 a David Salto y Rafael Alcoba &#8220;que estuvieron en la realizaci\u00f3n del documento, a Ricardo Reyna, Daniel Pauluchuk, Gabriela Alcoba, Dami\u00e1n Albornoz, Vicente Mart\u00ed, secretario de interior del CDN que da cuenta de la importancia de este plenario. Franco Orsato, director de Discapacidad y queremos que salga de este plenario que salga la instalaci\u00f3n del cupo&#8221;.<\/p>\n\n\n\n<p>Y finalmente inform\u00f3 la modalidad de trabajo, organizada en comisiones.<\/p>\n\n\n\n<figure class=\"wp-block-gallery columns-3 is-cropped wp-block-gallery-3 is-layout-flex wp-block-gallery-is-layout-flex\"><ul class=\"blocks-gallery-grid\"><li class=\"blocks-gallery-item\"><figure><img loading=\"lazy\" decoding=\"async\" width=\"1024\" height=\"576\" src=\"https:\/\/atecordoba.org\/wp-content\/uploads\/2021\/11\/IMG-20211117-WA0023-1024x576.jpg\" alt=\"\" data-id=\"28946\" data-full-url=\"https:\/\/atecordoba.org\/wp-content\/uploads\/2021\/11\/IMG-20211117-WA0023.jpg\" data-link=\"https:\/\/atecordoba.org\/?attachment_id=28946\" class=\"wp-image-28946\" srcset=\"https:\/\/atecordoba.org\/wp-content\/uploads\/2021\/11\/IMG-20211117-WA0023-1024x576.jpg 1024w, https:\/\/atecordoba.org\/wp-content\/uploads\/2021\/11\/IMG-20211117-WA0023-300x169.jpg 300w, https:\/\/atecordoba.org\/wp-content\/uploads\/2021\/11\/IMG-20211117-WA0023-768x432.jpg 768w, https:\/\/atecordoba.org\/wp-content\/uploads\/2021\/11\/IMG-20211117-WA0023-750x422.jpg 750w, https:\/\/atecordoba.org\/wp-content\/uploads\/2021\/11\/IMG-20211117-WA0023-1140x641.jpg 1140w, https:\/\/atecordoba.org\/wp-content\/uploads\/2021\/11\/IMG-20211117-WA0023.jpg 1280w\" sizes=\"auto, (max-width: 1024px) 100vw, 1024px\" \/><\/figure><\/li><li class=\"blocks-gallery-item\"><figure><img loading=\"lazy\" decoding=\"async\" width=\"1024\" height=\"576\" src=\"https:\/\/atecordoba.org\/wp-content\/uploads\/2021\/11\/IMG-20211117-WA0013-1024x576.jpg\" alt=\"\" data-id=\"28947\" data-full-url=\"https:\/\/atecordoba.org\/wp-content\/uploads\/2021\/11\/IMG-20211117-WA0013.jpg\" data-link=\"https:\/\/atecordoba.org\/?attachment_id=28947\" class=\"wp-image-28947\" srcset=\"https:\/\/atecordoba.org\/wp-content\/uploads\/2021\/11\/IMG-20211117-WA0013-1024x576.jpg 1024w, https:\/\/atecordoba.org\/wp-content\/uploads\/2021\/11\/IMG-20211117-WA0013-300x169.jpg 300w, https:\/\/atecordoba.org\/wp-content\/uploads\/2021\/11\/IMG-20211117-WA0013-768x432.jpg 768w, https:\/\/atecordoba.org\/wp-content\/uploads\/2021\/11\/IMG-20211117-WA0013-750x422.jpg 750w, https:\/\/atecordoba.org\/wp-content\/uploads\/2021\/11\/IMG-20211117-WA0013-1140x641.jpg 1140w, https:\/\/atecordoba.org\/wp-content\/uploads\/2021\/11\/IMG-20211117-WA0013.jpg 1280w\" sizes=\"auto, (max-width: 1024px) 100vw, 1024px\" \/><\/figure><\/li><li class=\"blocks-gallery-item\"><figure><img loading=\"lazy\" decoding=\"async\" width=\"1024\" height=\"576\" src=\"https:\/\/atecordoba.org\/wp-content\/uploads\/2021\/11\/IMG-20211117-WA0014-1024x576.jpg\" alt=\"\" data-id=\"28948\" data-full-url=\"https:\/\/atecordoba.org\/wp-content\/uploads\/2021\/11\/IMG-20211117-WA0014.jpg\" data-link=\"https:\/\/atecordoba.org\/?attachment_id=28948\" class=\"wp-image-28948\" srcset=\"https:\/\/atecordoba.org\/wp-content\/uploads\/2021\/11\/IMG-20211117-WA0014-1024x576.jpg 1024w, https:\/\/atecordoba.org\/wp-content\/uploads\/2021\/11\/IMG-20211117-WA0014-300x169.jpg 300w, https:\/\/atecordoba.org\/wp-content\/uploads\/2021\/11\/IMG-20211117-WA0014-768x432.jpg 768w, https:\/\/atecordoba.org\/wp-content\/uploads\/2021\/11\/IMG-20211117-WA0014-750x422.jpg 750w, https:\/\/atecordoba.org\/wp-content\/uploads\/2021\/11\/IMG-20211117-WA0014-1140x641.jpg 1140w, https:\/\/atecordoba.org\/wp-content\/uploads\/2021\/11\/IMG-20211117-WA0014.jpg 1280w\" sizes=\"auto, (max-width: 1024px) 100vw, 1024px\" \/><\/figure><\/li><li class=\"blocks-gallery-item\"><figure><img loading=\"lazy\" decoding=\"async\" width=\"1024\" height=\"576\" src=\"https:\/\/atecordoba.org\/wp-content\/uploads\/2021\/11\/IMG-20211117-WA0020-1024x576.jpg\" alt=\"\" data-id=\"28949\" data-full-url=\"https:\/\/atecordoba.org\/wp-content\/uploads\/2021\/11\/IMG-20211117-WA0020.jpg\" data-link=\"https:\/\/atecordoba.org\/?attachment_id=28949\" class=\"wp-image-28949\" srcset=\"https:\/\/atecordoba.org\/wp-content\/uploads\/2021\/11\/IMG-20211117-WA0020-1024x576.jpg 1024w, https:\/\/atecordoba.org\/wp-content\/uploads\/2021\/11\/IMG-20211117-WA0020-300x169.jpg 300w, https:\/\/atecordoba.org\/wp-content\/uploads\/2021\/11\/IMG-20211117-WA0020-768x432.jpg 768w, https:\/\/atecordoba.org\/wp-content\/uploads\/2021\/11\/IMG-20211117-WA0020-750x422.jpg 750w, https:\/\/atecordoba.org\/wp-content\/uploads\/2021\/11\/IMG-20211117-WA0020-1140x641.jpg 1140w, https:\/\/atecordoba.org\/wp-content\/uploads\/2021\/11\/IMG-20211117-WA0020.jpg 1280w\" sizes=\"auto, (max-width: 1024px) 100vw, 1024px\" \/><\/figure><\/li><\/ul><\/figure>\n\n\n\n<p>Seguidamente salud\u00f3 a los presentes Diego Villegas  &#8220;ac\u00e1 hay compa\u00f1eros que salieron a las 2 de la ma\u00f1ana, por eso quiero saludar a todos y desearles feliz d\u00eda de la militancia&#8221;.<\/p>\n\n\n\n<p>A su vez, Dar\u00edo Paredes expres\u00f3 &#8220;la alegr\u00eda participar de este d\u00eda de militancia. mientras todos los intendentes buscan fin de a\u00f1o para plantear los conflictos como las bajas de contratos, los contratos precarizados dejarlos de lado, los temas salariales cuando vienen los reajustes y todos queremos pasar una buena fiesta, ellos te pasan para enero o febrero. Todos estamos de acuerdo en que ATE no va a descansar, trabajando para que tengamos una buena fiesta. Vamos a trabajar el doble en organizaci\u00f3n y lucha y vamos a sacar cosas muy importantes para darle soluci\u00f3n en lo inmediato a los que los municipales estamos queriendo. Hay que disfrutar este plenario porque con cada uno de ustedes conformamos una uni\u00f3n muy importante&#8221;.<\/p>\n\n\n\n<p>Por su parte : muy contento de hac\u00eda tiempo que tenemos que hacer este plenario. en nuestra seccional estamos transitando esta nueva experiencia de representar a los municipales. entendemos tenemos que armar la agenda para los pr\u00f3ximos seis meses sobre las principales dificultades que tienen los municipales. la militancia se hace con alegr\u00eda y compromiso. nos pusimos el objetivo de formalizar todos los cuerpos de delegados de nuestra seccional antes de fin de a\u00f1o y lo estamos logrando. sin delegados no hay organizaci\u00f3n.<\/p>\n\n\n\n<p>Dami\u00e1n Albornoz dijo estar &#8220;muy contento.  Desde hac\u00eda tiempo que tenemos que hacer este plenario. En nuestra seccional estamos transitando esta nueva experiencia de representar a los municipales. Entendemos tenemos que armar la agenda para los pr\u00f3ximos seis meses sobre las principales dificultades que tienen los municipales. La militancia se hace con alegr\u00eda y compromiso y nos pusimos el objetivo de formalizar todos los cuerpos de delegados de nuestra seccional antes de fin de a\u00f1o y lo estamos logrando. Porque sin delegados no hay organizaci\u00f3n&#8221;.<\/p>\n\n\n\n<p>Posteriormente la responsable del Departamento de G\u00e9neros y Diversidades Gabriela Alcoba dijo que &#8220;soy trabajadora municipal organizada en ATE hace 12 a\u00f1os. Este d\u00eda de la militancia nos identifica porque le ponemos el cuerpo a construir organizaci\u00f3n, por eso no nos olvidemos en la agenda de los municipales el lugar de la mujer, es muy importante no perder de vista esta pol\u00edtica que nos pusimos como sindicato mientras crecemos en la calle&#8221;.<\/p>\n\n\n\n<figure class=\"wp-block-gallery columns-4 is-cropped wp-block-gallery-4 is-layout-flex wp-block-gallery-is-layout-flex\"><ul class=\"blocks-gallery-grid\"><li class=\"blocks-gallery-item\"><figure><img loading=\"lazy\" decoding=\"async\" width=\"576\" height=\"1024\" src=\"https:\/\/atecordoba.org\/wp-content\/uploads\/2021\/11\/IMG-20211117-WA0037-576x1024.jpg\" alt=\"\" data-id=\"28950\" data-full-url=\"https:\/\/atecordoba.org\/wp-content\/uploads\/2021\/11\/IMG-20211117-WA0037.jpg\" data-link=\"https:\/\/atecordoba.org\/?attachment_id=28950\" class=\"wp-image-28950\" srcset=\"https:\/\/atecordoba.org\/wp-content\/uploads\/2021\/11\/IMG-20211117-WA0037-576x1024.jpg 576w, https:\/\/atecordoba.org\/wp-content\/uploads\/2021\/11\/IMG-20211117-WA0037-169x300.jpg 169w, https:\/\/atecordoba.org\/wp-content\/uploads\/2021\/11\/IMG-20211117-WA0037.jpg 720w\" sizes=\"auto, (max-width: 576px) 100vw, 576px\" \/><\/figure><\/li><li class=\"blocks-gallery-item\"><figure><img loading=\"lazy\" decoding=\"async\" width=\"1024\" height=\"576\" src=\"https:\/\/atecordoba.org\/wp-content\/uploads\/2021\/11\/IMG-20211117-WA0025-1-1024x576.jpg\" alt=\"\" data-id=\"28951\" data-full-url=\"https:\/\/atecordoba.org\/wp-content\/uploads\/2021\/11\/IMG-20211117-WA0025-1.jpg\" data-link=\"https:\/\/atecordoba.org\/?attachment_id=28951\" class=\"wp-image-28951\" srcset=\"https:\/\/atecordoba.org\/wp-content\/uploads\/2021\/11\/IMG-20211117-WA0025-1-1024x576.jpg 1024w, https:\/\/atecordoba.org\/wp-content\/uploads\/2021\/11\/IMG-20211117-WA0025-1-300x169.jpg 300w, https:\/\/atecordoba.org\/wp-content\/uploads\/2021\/11\/IMG-20211117-WA0025-1-768x432.jpg 768w, https:\/\/atecordoba.org\/wp-content\/uploads\/2021\/11\/IMG-20211117-WA0025-1-750x422.jpg 750w, https:\/\/atecordoba.org\/wp-content\/uploads\/2021\/11\/IMG-20211117-WA0025-1-1140x641.jpg 1140w, https:\/\/atecordoba.org\/wp-content\/uploads\/2021\/11\/IMG-20211117-WA0025-1.jpg 1280w\" sizes=\"auto, (max-width: 1024px) 100vw, 1024px\" \/><\/figure><\/li><li class=\"blocks-gallery-item\"><figure><img loading=\"lazy\" decoding=\"async\" width=\"1024\" height=\"576\" src=\"https:\/\/atecordoba.org\/wp-content\/uploads\/2021\/11\/IMG-20211117-WA0026-1024x576.jpg\" alt=\"\" data-id=\"28952\" data-full-url=\"https:\/\/atecordoba.org\/wp-content\/uploads\/2021\/11\/IMG-20211117-WA0026.jpg\" data-link=\"https:\/\/atecordoba.org\/?attachment_id=28952\" class=\"wp-image-28952\" \/><\/figure><\/li><li class=\"blocks-gallery-item\"><figure><img loading=\"lazy\" decoding=\"async\" width=\"1024\" height=\"576\" src=\"https:\/\/atecordoba.org\/wp-content\/uploads\/2021\/11\/IMG-20211117-WA0034-1024x576.jpg\" alt=\"\" data-id=\"28954\" data-full-url=\"https:\/\/atecordoba.org\/wp-content\/uploads\/2021\/11\/IMG-20211117-WA0034.jpg\" data-link=\"https:\/\/atecordoba.org\/?attachment_id=28954\" class=\"wp-image-28954\" srcset=\"https:\/\/atecordoba.org\/wp-content\/uploads\/2021\/11\/IMG-20211117-WA0034-1024x576.jpg 1024w, https:\/\/atecordoba.org\/wp-content\/uploads\/2021\/11\/IMG-20211117-WA0034-300x169.jpg 300w, https:\/\/atecordoba.org\/wp-content\/uploads\/2021\/11\/IMG-20211117-WA0034-768x432.jpg 768w, https:\/\/atecordoba.org\/wp-content\/uploads\/2021\/11\/IMG-20211117-WA0034-750x422.jpg 750w, https:\/\/atecordoba.org\/wp-content\/uploads\/2021\/11\/IMG-20211117-WA0034-1140x641.jpg 1140w, https:\/\/atecordoba.org\/wp-content\/uploads\/2021\/11\/IMG-20211117-WA0034.jpg 1280w\" sizes=\"auto, (max-width: 1024px) 100vw, 1024px\" \/><\/figure><\/li><\/ul><\/figure>\n\n\n\n<p>As\u00ed tambi\u00e9n Rafaela Alcoba apunt\u00f3 que &#8220;estamos construyendo organizaci\u00f3n en el sector. Ver este sal\u00f3n colmado nos dice que estamos en buen camino. Somos compa\u00f1eros que estamos en verdadera precariedad, con muchos salarios de indigencia, de 15 mil y 18 mil pesos. Por eso me llena de emoci\u00f3n, le pusimos el cuerpo y salimos a caminar para convencer a las y los compa\u00f1eros a sumar se a ATE. Hoy somos el 36.6% del padr\u00f3n en la provincia y no es menor. Tenemos que saber de qu\u00e9 hablamos cuando decimos que no tenemos estatuto y convenio colectivo de trabajo. Hay que salir a buscar m\u00e1s compa\u00f1eros y m\u00e1s municipios porque somos el \u00fanico sindicato que le estamos poniendo el cuerpo como corresponde. Tenemos que estar organizados. Para crecer en el sector tenemos que construir estas instancias para que unifiquemos l\u00edneas pol\u00edticas porque es una pol\u00edtica nacional de nuestro sindicato. Basta de&nbsp;&nbsp; estatutos vetustos hay que hablar en cada uno de estos sectores, desde el &#8217;95 dejamos de discutir agendas propias y solo podemos hablar de salarios. Por eso la precarizaci\u00f3n laboral es tremenda. Tenemos que duplicar en compa\u00f1eros en el pr\u00f3ximo plenario. <\/p>\n\n\n\n<p>Luego Vicente Mart\u00ed afirm\u00f3 que &#8220;traigo el saludo del CDN. Quiero agradecer al compa\u00f1ero Giuliani por la invitaci\u00f3n y decirles que est\u00e1n ac\u00e1 por algo, por su militancia y porque somos parte de ese mundo que peleamos por la familia y la casa. Nuestro trabajo es ser dirigente sindical. Somos parte de sindicato que va a cumplir 100 a\u00f1os. Las ciudades, los municipios son el germen originario de la organizaci\u00f3n nacional porque fueron las primeras que se formaron en la patria&#8221;.<\/p>\n\n\n\n<p>Y record\u00f3 que &#8220;el decreto del salario m\u00ednimo vital y m\u00f3vil lo firm\u00f3 el general Per\u00f3n en 1945, con el fin de asistir a las familias. Hoy con 33 mil pesos nadie vive, menos los jubilados. Hay 2000 municipios en el pa\u00eds, C\u00f3rdoba y Santa Fe contienen alto porcentaje de ellos y por eso hay mucho por trabajar&#8221;.<\/p>\n\n\n\n<figure class=\"wp-block-gallery columns-3 is-cropped wp-block-gallery-5 is-layout-flex wp-block-gallery-is-layout-flex\"><ul class=\"blocks-gallery-grid\"><li class=\"blocks-gallery-item\"><figure><img loading=\"lazy\" decoding=\"async\" width=\"1024\" height=\"576\" src=\"https:\/\/atecordoba.org\/wp-content\/uploads\/2021\/11\/IMG-20211117-WA0012-copia-1-1024x576.jpg\" alt=\"\" data-id=\"28955\" data-full-url=\"https:\/\/atecordoba.org\/wp-content\/uploads\/2021\/11\/IMG-20211117-WA0012-copia-1.jpg\" data-link=\"https:\/\/atecordoba.org\/?attachment_id=28955\" class=\"wp-image-28955\" srcset=\"https:\/\/atecordoba.org\/wp-content\/uploads\/2021\/11\/IMG-20211117-WA0012-copia-1-1024x576.jpg 1024w, https:\/\/atecordoba.org\/wp-content\/uploads\/2021\/11\/IMG-20211117-WA0012-copia-1-300x169.jpg 300w, https:\/\/atecordoba.org\/wp-content\/uploads\/2021\/11\/IMG-20211117-WA0012-copia-1-768x432.jpg 768w, https:\/\/atecordoba.org\/wp-content\/uploads\/2021\/11\/IMG-20211117-WA0012-copia-1-750x422.jpg 750w, https:\/\/atecordoba.org\/wp-content\/uploads\/2021\/11\/IMG-20211117-WA0012-copia-1-1140x641.jpg 1140w, https:\/\/atecordoba.org\/wp-content\/uploads\/2021\/11\/IMG-20211117-WA0012-copia-1.jpg 1280w\" sizes=\"auto, (max-width: 1024px) 100vw, 1024px\" \/><\/figure><\/li><li class=\"blocks-gallery-item\"><figure><img loading=\"lazy\" decoding=\"async\" width=\"1024\" height=\"576\" src=\"https:\/\/atecordoba.org\/wp-content\/uploads\/2021\/11\/IMG-20211117-WA0019-1024x576.jpg\" alt=\"\" data-id=\"28956\" data-full-url=\"https:\/\/atecordoba.org\/wp-content\/uploads\/2021\/11\/IMG-20211117-WA0019.jpg\" data-link=\"https:\/\/atecordoba.org\/?attachment_id=28956\" class=\"wp-image-28956\" srcset=\"https:\/\/atecordoba.org\/wp-content\/uploads\/2021\/11\/IMG-20211117-WA0019-1024x576.jpg 1024w, https:\/\/atecordoba.org\/wp-content\/uploads\/2021\/11\/IMG-20211117-WA0019-300x169.jpg 300w, https:\/\/atecordoba.org\/wp-content\/uploads\/2021\/11\/IMG-20211117-WA0019-768x432.jpg 768w, https:\/\/atecordoba.org\/wp-content\/uploads\/2021\/11\/IMG-20211117-WA0019-750x422.jpg 750w, https:\/\/atecordoba.org\/wp-content\/uploads\/2021\/11\/IMG-20211117-WA0019-1140x641.jpg 1140w, https:\/\/atecordoba.org\/wp-content\/uploads\/2021\/11\/IMG-20211117-WA0019.jpg 1280w\" sizes=\"auto, (max-width: 1024px) 100vw, 1024px\" \/><\/figure><\/li><li class=\"blocks-gallery-item\"><figure><img loading=\"lazy\" decoding=\"async\" width=\"1024\" height=\"576\" src=\"https:\/\/atecordoba.org\/wp-content\/uploads\/2021\/11\/IMG-20211117-WA0022-1024x576.jpg\" alt=\"\" data-id=\"28957\" data-full-url=\"https:\/\/atecordoba.org\/wp-content\/uploads\/2021\/11\/IMG-20211117-WA0022.jpg\" data-link=\"https:\/\/atecordoba.org\/?attachment_id=28957\" class=\"wp-image-28957\" srcset=\"https:\/\/atecordoba.org\/wp-content\/uploads\/2021\/11\/IMG-20211117-WA0022-1024x576.jpg 1024w, https:\/\/atecordoba.org\/wp-content\/uploads\/2021\/11\/IMG-20211117-WA0022-300x169.jpg 300w, https:\/\/atecordoba.org\/wp-content\/uploads\/2021\/11\/IMG-20211117-WA0022-768x432.jpg 768w, https:\/\/atecordoba.org\/wp-content\/uploads\/2021\/11\/IMG-20211117-WA0022-750x422.jpg 750w, https:\/\/atecordoba.org\/wp-content\/uploads\/2021\/11\/IMG-20211117-WA0022-1140x641.jpg 1140w, https:\/\/atecordoba.org\/wp-content\/uploads\/2021\/11\/IMG-20211117-WA0022.jpg 1280w\" sizes=\"auto, (max-width: 1024px) 100vw, 1024px\" \/><\/figure><\/li><li class=\"blocks-gallery-item\"><figure><img loading=\"lazy\" decoding=\"async\" width=\"1024\" height=\"576\" src=\"https:\/\/atecordoba.org\/wp-content\/uploads\/2021\/11\/IMG-20211117-WA0009-1024x576.jpg\" alt=\"\" data-id=\"28958\" data-full-url=\"https:\/\/atecordoba.org\/wp-content\/uploads\/2021\/11\/IMG-20211117-WA0009.jpg\" data-link=\"https:\/\/atecordoba.org\/?attachment_id=28958\" class=\"wp-image-28958\" srcset=\"https:\/\/atecordoba.org\/wp-content\/uploads\/2021\/11\/IMG-20211117-WA0009-1024x576.jpg 1024w, https:\/\/atecordoba.org\/wp-content\/uploads\/2021\/11\/IMG-20211117-WA0009-300x169.jpg 300w, https:\/\/atecordoba.org\/wp-content\/uploads\/2021\/11\/IMG-20211117-WA0009-768x432.jpg 768w, https:\/\/atecordoba.org\/wp-content\/uploads\/2021\/11\/IMG-20211117-WA0009-750x422.jpg 750w, https:\/\/atecordoba.org\/wp-content\/uploads\/2021\/11\/IMG-20211117-WA0009-1140x641.jpg 1140w, https:\/\/atecordoba.org\/wp-content\/uploads\/2021\/11\/IMG-20211117-WA0009.jpg 1280w\" sizes=\"auto, (max-width: 1024px) 100vw, 1024px\" \/><\/figure><\/li><\/ul><\/figure>\n\n\n\n<p>Por \u00faltimo,  Mart\u00edn Cagnani, organizador de la Marcha de la Salud Mental en C\u00f3rdoba, invit\u00f3 a los presentes a participar de la iniciativa y saludo con un &#8220;Feliz d\u00eda de la militancia carajo,  que tan necesaria es en esta \u00e9poca&#8221;. <\/p>\n\n\n\n<p>&#8220;La marcha de la salud mental nos convoca. se hace habitualmente en octubre, pero este a\u00f1o en C\u00f3rdoba lo hacemos en noviembre porque tiene que ver con la sanci\u00f3n de las leyes de salud mental, nacional y provincial, y por una reuni\u00f3n sobre salud mental y DDHH. Nace en el seno de Madres de Plaza de Mayo, un grupo que se junta para superar el dolor colectivamente y transformar ese dolor en lucha como nos ense\u00f1an las viejas queridas. La salud mental es transversal a todos, porque es una realidad que atraviesa a todas las familias&#8221;.<\/p>\n","protected":false},"excerpt":{"rendered":"<p>Con la presencia de 62 delegadas y delegados de toda la provincia, comenz\u00f3 en la media ma\u00f1ana de hoy el Plenario Provincial de las y los Municipales. La conducci\u00f3n del Consejo Directivo Provincial eligi\u00f3 este 17 de noviembre pro tratarse del D\u00eda de la Militancia y todos los presentes destacaron el acierto. Encabezado por le [&hellip;]<\/p>\n","protected":false},"author":7,"featured_media":28952,"comment_status":"open","ping_status":"open","sticky":false,"template":"","format":"standard","meta":{"_exactmetrics_skip_tracking":false,"_exactmetrics_sitenote_active":false,"_exactmetrics_sitenote_note":"","_exactmetrics_sitenote_category":0,"jnews-multi-image_gallery":[],"jnews_single_post":{"subtitle":"Alrededor de 62 delegados colmaron el antiteatro H\u00e9ctor la perra Castro. ","format":"standard","video":"","gallery":"","source_name":"","source_url":"","via_name":"","via_url":"","override":[{"template":"1","single_blog_custom":"","parallax":"1","fullscreen":"1","layout":"right-sidebar","sidebar":"default-sidebar","second_sidebar":"default-sidebar","sticky_sidebar":"1","share_position":"top","share_float_style":"share-monocrhome","show_share_counter":"1","show_view_counter":"1","show_featured":"1","show_post_meta":"1","show_post_author":"1","show_post_author_image":"1","show_post_date":"1","post_date_format":"default","post_date_format_custom":"Y\/m\/d","show_post_category":"1","post_reading_time_wpm":"300","zoom_button_out_step":"2","zoom_button_in_step":"3","show_post_tag":"1","show_prev_next_post":"1","show_popup_post":"1","number_popup_post":"1"}],"image_override":[{"single_post_thumbnail_size":"crop-500","single_post_gallery_size":"crop-500"}],"trending_post_position":"meta","trending_post_label":"Trending","sponsored_post_label":"Sponsored by","sponsored_post_name":"","sponsored_post_url":"","sponsored_post_logo":"","sponsored_post_desc":""},"jnews_primary_category":{"id":""},"jnews_social_meta":[],"jnews_review":[],"enable_review":"","type":"","name":"","summary":"","brand":"","sku":"","good":[],"bad":[],"score_override":"","override_value":"","rating":[],"price":[],"jnews_override_counter":[],"jnews_post_split":[],"footnotes":""},"categories":[20],"tags":[561],"class_list":["post-28936","post","type-post","status-publish","format-standard","has-post-thumbnail","hentry","category-municipales","tag-plenario-provincial"],"jetpack_featured_media_url":"https:\/\/atecordoba.org\/wp-content\/uploads\/2021\/11\/IMG-20211117-WA0026-e1637163408936.jpg","_links":{"self":[{"href":"https:\/\/atecordoba.org\/index.php?rest_route=\/wp\/v2\/posts\/28936","targetHints":{"allow":["GET"]}}],"collection":[{"href":"https:\/\/atecordoba.org\/index.php?rest_route=\/wp\/v2\/posts"}],"about":[{"href":"https:\/\/atecordoba.org\/index.php?rest_route=\/wp\/v2\/types\/post"}],"author":[{"embeddable":true,"href":"https:\/\/atecordoba.org\/index.php?rest_route=\/wp\/v2\/users\/7"}],"replies":[{"embeddable":true,"href":"https:\/\/atecordoba.org\/index.php?rest_route=%2Fwp%2Fv2%2Fcomments&post=28936"}],"version-history":[{"count":3,"href":"https:\/\/atecordoba.org\/index.php?rest_route=\/wp\/v2\/posts\/28936\/revisions"}],"predecessor-version":[{"id":28961,"href":"https:\/\/atecordoba.org\/index.php?rest_route=\/wp\/v2\/posts\/28936\/revisions\/28961"}],"wp:featuredmedia":[{"embeddable":true,"href":"https:\/\/atecordoba.org\/index.php?rest_route=\/wp\/v2\/media\/28952"}],"wp:attachment":[{"href":"https:\/\/atecordoba.org\/index.php?rest_route=%2Fwp%2Fv2%2Fmedia&parent=28936"}],"wp:term":[{"taxonomy":"category","embeddable":true,"href":"https:\/\/atecordoba.org\/index.php?rest_route=%2Fwp%2Fv2%2Fcategories&post=28936"},{"taxonomy":"post_tag","embeddable":true,"href":"https:\/\/atecordoba.org\/index.php?rest_route=%2Fwp%2Fv2%2Ftags&post=28936"}],"curies":[{"name":"wp","href":"https:\/\/api.w.org\/{rel}","templated":true}]}}