{"id":28926,"date":"2021-11-16T13:38:20","date_gmt":"2021-11-16T16:38:20","guid":{"rendered":"https:\/\/atecordoba.org\/?p=28926"},"modified":"2021-11-16T13:38:39","modified_gmt":"2021-11-16T16:38:39","slug":"hospital-iturraspe-lo-que-venimos-reclamando-es-un-salario-digno","status":"publish","type":"post","link":"https:\/\/atecordoba.org\/?p=28926","title":{"rendered":"Hospital Iturraspe: \u201clo que venimos reclamando es un salario digno\u201d"},"content":{"rendered":"\n<div class=\"wp-block-image\"><figure class=\"aligncenter size-large is-resized\"><img loading=\"lazy\" decoding=\"async\" src=\"https:\/\/atecordoba.org\/wp-content\/uploads\/2021\/11\/delegado-pablo-vega.jpeg\" alt=\"\" class=\"wp-image-28927\" width=\"578\" height=\"353\" \/><\/figure><\/div>\n\n\n\n<p>El 10 de noviembre se llev\u00f3 a cabo una nueva asamblea en el Hospital J. B Iturraspe de San Francisco, donde los trabajadores reclamaron mejoras salariales, entre otras cuestiones. Hablamos con el delegado de ATE, Pablo Vega, qui\u00e9n coment\u00f3 la situaci\u00f3n que vive el sector.<\/p>\n\n\n\n<p>Las asambleas se vienen reiterando hace varios meses y contin\u00faan ante la falta de respuestas. &#8220;Lo que venimos reclamando es un salario digno porque el acuerdo al que lleg\u00f3 el gremio oficialista en paritarias no fue muy bueno porque quedamos por debajo de los 10 puntos, teniendo en cuenta la inflaci\u00f3n&#8221;, dijo Vega.<\/p>\n\n\n\n<p>Entre los otros reclamos, cont\u00f3 que hay mucha gente contratada que no logra pasar a planta permanente y que ello propicia la precarizaci\u00f3n laboral. &#8220;El reclamo es netamente salarial y no tiene que ver con otros motivos, necesitamos un reajuste por todo el esfuerzo que hicimos durante la pandemia&#8221;, se\u00f1al\u00f3.<\/p>\n\n\n\n<p>Finalmente, cerr\u00f3: &#8220;Todos los trabajadores de la salud creen que no son valorados, y es el sentimiento que les queda despu\u00e9s de estos dos a\u00f1os que fueron m\u00e1s intensos, pero de todas maneras no es un reclamo que viene de ahora sino que hace muchos a\u00f1os se pide lo mismo&#8221;.<\/p>\n\n\n\n<p><sub>(fuente ctaacordoba.org)<\/sub><\/p>\n","protected":false},"excerpt":{"rendered":"<p>El 10 de noviembre se llev\u00f3 a cabo una nueva asamblea en el Hospital J. B Iturraspe de San Francisco, donde los trabajadores reclamaron mejoras salariales, entre otras cuestiones. Hablamos con el delegado de ATE, Pablo Vega, qui\u00e9n coment\u00f3 la situaci\u00f3n que vive el sector. Las asambleas se vienen reiterando hace varios meses y contin\u00faan [&hellip;]<\/p>\n","protected":false},"author":7,"featured_media":28927,"comment_status":"open","ping_status":"open","sticky":false,"template":"","format":"standard","meta":{"_exactmetrics_skip_tracking":false,"_exactmetrics_sitenote_active":false,"_exactmetrics_sitenote_note":"","_exactmetrics_sitenote_category":0,"jnews-multi-image_gallery":[],"jnews_single_post":{"subtitle":"El centro de salud de la ciudad de San Francisco mantiene activo el plan de lucha.","format":"standard","video":"","gallery":"","source_name":"","source_url":"","via_name":"","via_url":"","override":[{"template":"1","single_blog_custom":"","parallax":"1","fullscreen":"1","layout":"right-sidebar","sidebar":"default-sidebar","second_sidebar":"default-sidebar","sticky_sidebar":"1","share_position":"top","share_float_style":"share-monocrhome","show_share_counter":"1","show_view_counter":"1","show_featured":"1","show_post_meta":"1","show_post_author":"1","show_post_author_image":"1","show_post_date":"1","post_date_format":"default","post_date_format_custom":"Y\/m\/d","show_post_category":"1","post_reading_time_wpm":"300","zoom_button_out_step":"2","zoom_button_in_step":"3","show_post_tag":"1","show_prev_next_post":"1","show_popup_post":"1","number_popup_post":"1"}],"image_override":[{"single_post_thumbnail_size":"crop-500","single_post_gallery_size":"crop-500"}],"trending_post_position":"meta","trending_post_label":"Trending","sponsored_post_label":"Sponsored by","sponsored_post_name":"","sponsored_post_url":"","sponsored_post_logo":"","sponsored_post_desc":""},"jnews_primary_category":{"id":""},"jnews_social_meta":[],"jnews_review":[],"enable_review":"","type":"","name":"","summary":"","brand":"","sku":"","good":[],"bad":[],"score_override":"","override_value":"","rating":[],"price":[],"jnews_override_counter":[],"jnews_post_split":[],"footnotes":""},"categories":[8],"tags":[946],"class_list":["post-28926","post","type-post","status-publish","format-standard","has-post-thumbnail","hentry","category-provinciales","tag-hospital-iturraspe"],"jetpack_featured_media_url":"https:\/\/atecordoba.org\/wp-content\/uploads\/2021\/11\/delegado-pablo-vega-e1637080601424.jpeg","_links":{"self":[{"href":"https:\/\/atecordoba.org\/index.php?rest_route=\/wp\/v2\/posts\/28926","targetHints":{"allow":["GET"]}}],"collection":[{"href":"https:\/\/atecordoba.org\/index.php?rest_route=\/wp\/v2\/posts"}],"about":[{"href":"https:\/\/atecordoba.org\/index.php?rest_route=\/wp\/v2\/types\/post"}],"author":[{"embeddable":true,"href":"https:\/\/atecordoba.org\/index.php?rest_route=\/wp\/v2\/users\/7"}],"replies":[{"embeddable":true,"href":"https:\/\/atecordoba.org\/index.php?rest_route=%2Fwp%2Fv2%2Fcomments&post=28926"}],"version-history":[{"count":1,"href":"https:\/\/atecordoba.org\/index.php?rest_route=\/wp\/v2\/posts\/28926\/revisions"}],"predecessor-version":[{"id":28928,"href":"https:\/\/atecordoba.org\/index.php?rest_route=\/wp\/v2\/posts\/28926\/revisions\/28928"}],"wp:featuredmedia":[{"embeddable":true,"href":"https:\/\/atecordoba.org\/index.php?rest_route=\/wp\/v2\/media\/28927"}],"wp:attachment":[{"href":"https:\/\/atecordoba.org\/index.php?rest_route=%2Fwp%2Fv2%2Fmedia&parent=28926"}],"wp:term":[{"taxonomy":"category","embeddable":true,"href":"https:\/\/atecordoba.org\/index.php?rest_route=%2Fwp%2Fv2%2Fcategories&post=28926"},{"taxonomy":"post_tag","embeddable":true,"href":"https:\/\/atecordoba.org\/index.php?rest_route=%2Fwp%2Fv2%2Ftags&post=28926"}],"curies":[{"name":"wp","href":"https:\/\/api.w.org\/{rel}","templated":true}]}}