{"id":28922,"date":"2021-11-16T10:42:42","date_gmt":"2021-11-16T13:42:42","guid":{"rendered":"https:\/\/atecordoba.org\/?p=28922"},"modified":"2021-11-16T10:45:29","modified_gmt":"2021-11-16T13:45:29","slug":"ate-y-cta-a-rio-tercero-presentes-en-el-acto-de-homenaje-a-las-victimas-de-la-voladura-de-la-fabrica-militar-en-1995","status":"publish","type":"post","link":"https:\/\/atecordoba.org\/?p=28922","title":{"rendered":"ATE y CTA-A R\u00edo Tercero, presentes en el acto de homenaje a las v\u00edctimas de la voladura de la F\u00e1brica Militar en 1995"},"content":{"rendered":"\n<div class=\"wp-block-image\"><figure class=\"aligncenter size-large is-resized\"><img loading=\"lazy\" decoding=\"async\" src=\"https:\/\/atecordoba.org\/wp-content\/uploads\/2021\/11\/homenaje-rio-3_voladura-fabrica-1024x683.jpg\" alt=\"\" class=\"wp-image-28923\" width=\"768\" height=\"512\" \/><\/figure><\/div>\n\n\n\n<p>El pasado 3 de noviembre miembros de la Comisi\u00f3n Directiva de ATE y la CTA Aut\u00f3noma, delegadas y delegados de distintos sectores, junto al titular del Centro de Jubilados y Pensionados de ATE, H\u00e9ctor Quiroga, estuvieron presentes en la inauguraci\u00f3n de la remodelada Plaza de la Evocaci\u00f3n, espacio puesto en valor para recordar y homenajear a las v\u00edctimas del atroz atentado de 1995.<\/p>\n\n\n\n<p>La plaza expresa el acompa\u00f1amiento de los familiares en un lugar c\u00f3modo y con renovada accesibilidad y cont\u00f3 con la presencia de autoridades municipales, concejales, la comisi\u00f3n de damnificados y vecinos, entre otros, donde se procedi\u00f3 a la entrega de ofrendas florales a los pies del memorial.<\/p>\n\n\n\n<div class=\"wp-block-image\"><figure class=\"aligncenter size-large\"><img loading=\"lazy\" decoding=\"async\" width=\"770\" height=\"433\" src=\"https:\/\/atecordoba.org\/wp-content\/uploads\/2021\/11\/voladura.jpg\" alt=\"\" class=\"wp-image-28924\" srcset=\"https:\/\/atecordoba.org\/wp-content\/uploads\/2021\/11\/voladura.jpg 770w, https:\/\/atecordoba.org\/wp-content\/uploads\/2021\/11\/voladura-300x169.jpg 300w, https:\/\/atecordoba.org\/wp-content\/uploads\/2021\/11\/voladura-768x432.jpg 768w, https:\/\/atecordoba.org\/wp-content\/uploads\/2021\/11\/voladura-750x422.jpg 750w\" sizes=\"auto, (max-width: 770px) 100vw, 770px\" \/><\/figure><\/div>\n\n\n\n<p>Luego la actividad continu\u00f3 en el Cine del Club Casino con la muestra del artista Pato Ramonda \u201c3\/11\u201d, la intervenci\u00f3n art\u00edstica del grupo de Danza Cinestesia y la proyecci\u00f3n de la pel\u00edcula &#8216;Esquirlas&#8217;, de la riotercerense Natalia Garayalde. <\/p>\n\n\n\n<p>Cabe destacar que dicho espacio se mantendr\u00e1 abierto al p\u00fablico de forma libre y gratuita durante todo el mes de noviembre.<\/p>\n","protected":false},"excerpt":{"rendered":"<p>El pasado 3 de noviembre miembros de la Comisi\u00f3n Directiva de ATE y la CTA Aut\u00f3noma, delegadas y delegados de distintos sectores, junto al titular del Centro de Jubilados y Pensionados de ATE, H\u00e9ctor Quiroga, estuvieron presentes en la inauguraci\u00f3n de la remodelada Plaza de la Evocaci\u00f3n, espacio puesto en valor para recordar y homenajear [&hellip;]<\/p>\n","protected":false},"author":7,"featured_media":28923,"comment_status":"open","ping_status":"open","sticky":false,"template":"","format":"standard","meta":{"_exactmetrics_skip_tracking":false,"_exactmetrics_sitenote_active":false,"_exactmetrics_sitenote_note":"","_exactmetrics_sitenote_category":0,"jnews-multi-image_gallery":[],"jnews_single_post":{"subtitle":"Se realiz\u00f3 la entrega de ofrendas florales a los pies del memorial.","format":"standard","video":"","gallery":"","source_name":"","source_url":"","via_name":"","via_url":"","override":[{"template":"1","single_blog_custom":"","parallax":"1","fullscreen":"1","layout":"right-sidebar","sidebar":"default-sidebar","second_sidebar":"default-sidebar","sticky_sidebar":"1","share_position":"top","share_float_style":"share-monocrhome","show_share_counter":"1","show_view_counter":"1","show_featured":"1","show_post_meta":"1","show_post_author":"1","show_post_author_image":"1","show_post_date":"1","post_date_format":"default","post_date_format_custom":"Y\/m\/d","show_post_category":"1","post_reading_time_wpm":"300","zoom_button_out_step":"2","zoom_button_in_step":"3","show_post_tag":"1","show_prev_next_post":"1","show_popup_post":"1","number_popup_post":"1"}],"image_override":[{"single_post_thumbnail_size":"crop-500","single_post_gallery_size":"crop-500"}],"trending_post_position":"meta","trending_post_label":"Trending","sponsored_post_label":"Sponsored by","sponsored_post_name":"","sponsored_post_url":"","sponsored_post_logo":"","sponsored_post_desc":""},"jnews_primary_category":{"id":""},"jnews_social_meta":[],"jnews_review":[],"enable_review":"","type":"","name":"","summary":"","brand":"","sku":"","good":[],"bad":[],"score_override":"","override_value":"","rating":[],"price":[],"jnews_override_counter":[],"jnews_post_split":[],"footnotes":""},"categories":[10,13],"tags":[967,968],"class_list":["post-28922","post","type-post","status-publish","format-standard","has-post-thumbnail","hentry","category-accion-politica","category-rio-tercero","tag-homenaje","tag-voladura-fabrica-militar"],"jetpack_featured_media_url":"https:\/\/atecordoba.org\/wp-content\/uploads\/2021\/11\/homenaje-rio-3_voladura-fabrica-e1637070147685.jpg","_links":{"self":[{"href":"https:\/\/atecordoba.org\/index.php?rest_route=\/wp\/v2\/posts\/28922","targetHints":{"allow":["GET"]}}],"collection":[{"href":"https:\/\/atecordoba.org\/index.php?rest_route=\/wp\/v2\/posts"}],"about":[{"href":"https:\/\/atecordoba.org\/index.php?rest_route=\/wp\/v2\/types\/post"}],"author":[{"embeddable":true,"href":"https:\/\/atecordoba.org\/index.php?rest_route=\/wp\/v2\/users\/7"}],"replies":[{"embeddable":true,"href":"https:\/\/atecordoba.org\/index.php?rest_route=%2Fwp%2Fv2%2Fcomments&post=28922"}],"version-history":[{"count":1,"href":"https:\/\/atecordoba.org\/index.php?rest_route=\/wp\/v2\/posts\/28922\/revisions"}],"predecessor-version":[{"id":28925,"href":"https:\/\/atecordoba.org\/index.php?rest_route=\/wp\/v2\/posts\/28922\/revisions\/28925"}],"wp:featuredmedia":[{"embeddable":true,"href":"https:\/\/atecordoba.org\/index.php?rest_route=\/wp\/v2\/media\/28923"}],"wp:attachment":[{"href":"https:\/\/atecordoba.org\/index.php?rest_route=%2Fwp%2Fv2%2Fmedia&parent=28922"}],"wp:term":[{"taxonomy":"category","embeddable":true,"href":"https:\/\/atecordoba.org\/index.php?rest_route=%2Fwp%2Fv2%2Fcategories&post=28922"},{"taxonomy":"post_tag","embeddable":true,"href":"https:\/\/atecordoba.org\/index.php?rest_route=%2Fwp%2Fv2%2Ftags&post=28922"}],"curies":[{"name":"wp","href":"https:\/\/api.w.org\/{rel}","templated":true}]}}