{"id":28914,"date":"2021-11-12T12:54:42","date_gmt":"2021-11-12T15:54:42","guid":{"rendered":"https:\/\/atecordoba.org\/?p=28914"},"modified":"2021-11-12T15:43:20","modified_gmt":"2021-11-12T18:43:20","slug":"el-sur-de-cordoba-tendra-su-encuentro-regional-feminista","status":"publish","type":"post","link":"https:\/\/atecordoba.org\/?p=28914","title":{"rendered":"El sur de C\u00f3rdoba tendr\u00e1 su encuentro regional feminista"},"content":{"rendered":"\n<div class=\"wp-block-image\"><figure class=\"aligncenter size-large is-resized\"><img loading=\"lazy\" decoding=\"async\" src=\"https:\/\/atecordoba.org\/wp-content\/uploads\/2021\/11\/feministas-sur-1024x1024.jpg\" alt=\"\" class=\"wp-image-28915\" width=\"768\" height=\"768\"\/><\/figure><\/div>\n\n\n\n<p>El pr\u00f3ximo 27 de noviembre se llevar\u00e1 a cabo un Encuentro Feminista del Sur de C\u00f3rdoba, que congregar\u00e1 organizaciones sociales, sindicales, culturales y militantes del espectro feminista radicadas en la regi\u00f3n, con el fin de afianzar una agenda propia sobre los desaf\u00edos del feminismo local. <\/p>\n\n\n\n<p>Para profundizar sobre los ejes de la convocatoria, el programa radial Entre Todos y Todas, que la Secretaria de Prensa de ATE C\u00f3rdoba emite cada martes por GENFM107.5, entrevist\u00f3 a Fernanda Oviedo, integrante de la Comisi\u00f3n Organizadora del Encuentro.<\/p>\n\n\n\n<p>La activista explic\u00f3 que la iniciativa nace a partir de &#8220;un grupo de compa\u00f1eras que venimos de distintas experiencias militantes y que nos encontramos quiz\u00e1s en t\u00e9rminos m\u00e1s personales,  pero que a partir de esos espacios informales nos llevan a concretar propuestas organizativas, ante la necesidad de construir un espacio de debate que nos permita abordar las problem\u00e1ticas que son propias del feminismo y transfeminismo. Pretendemos abordar discusiones que tienen que ver con contextos locales y regionales&#8221;. <\/p>\n\n\n\n<div class=\"wp-block-image\"><figure class=\"alignright size-large is-resized\"><img loading=\"lazy\" decoding=\"async\" src=\"https:\/\/atecordoba.org\/wp-content\/uploads\/2021\/11\/9_11_Oviedo-1024x640.jpeg\" alt=\"\" class=\"wp-image-28916\" width=\"768\" height=\"480\" srcset=\"https:\/\/atecordoba.org\/wp-content\/uploads\/2021\/11\/9_11_Oviedo-1024x640.jpeg 1024w, https:\/\/atecordoba.org\/wp-content\/uploads\/2021\/11\/9_11_Oviedo-300x188.jpeg 300w, https:\/\/atecordoba.org\/wp-content\/uploads\/2021\/11\/9_11_Oviedo-768x480.jpeg 768w, https:\/\/atecordoba.org\/wp-content\/uploads\/2021\/11\/9_11_Oviedo-750x469.jpeg 750w, https:\/\/atecordoba.org\/wp-content\/uploads\/2021\/11\/9_11_Oviedo-1140x713.jpeg 1140w, https:\/\/atecordoba.org\/wp-content\/uploads\/2021\/11\/9_11_Oviedo.jpeg 1280w\" sizes=\"auto, (max-width: 768px) 100vw, 768px\" \/><\/figure><\/div>\n\n\n\n<p>Oviedo dijo que &#8220;muchas veces nos ponen agendas que no nos son propias y esa urgencia nos dilata los tiempos para poder debatir y dar una discusi\u00f3n sobre lo que es importante para nosotras y nosotres. En el sur de C\u00f3rdoba nos es muy dif\u00edcil visibilizar una voz desde los feminismos. Desde ah\u00ed surge la iniciativa, con la voluntad de construir un espacio plural, amplio&#8221;.<\/p>\n\n\n\n<p>&#8220;Por eso la convocatoria incluye a colectivos culturales, sindicatos, movimientos sociales y personas que a t\u00edtulo personal quieran acercase. Estamos muy contentas porque tiene muy buena recepci\u00f3n la propuesta y d\u00eda a d\u00eda se siguen sumando m\u00e1s compa\u00f1eras&#8221;.<\/p>\n\n\n\n<p>Fernanda celebr\u00f3 que &#8220;estamos llegando a 100 personas inscriptas, desde R\u00edo Cuarto, Monte Ma\u00edz, Holmberg, Las Higueras, distintas localidades del sur de la provincia. Adem\u00e1s, ya tenemos planificado realizar mesas para tratar temas como educaci\u00f3n, sindicalismo, participaci\u00f3n pol\u00edtica y territorial, ecofeminismo, deporte, entre otras&#8221;.<\/p>\n\n\n\n<p>Consultada sobre cuales son los ejes transversales que afectan a las mujeres en la actualidad, Oviedo consider\u00f3 que &#8220;la desigualdad que atraviesa al conjunto del cuerpo social se suma la desigualdad que sufrimos las mujeres y disidencias en todo el pa\u00eds. Aun en los sectores donde tienen m\u00e1s recursos socioecon\u00f3micos y capitales culturales, tambi\u00e9n est\u00e1 la imposibilidad de llegar a construir contextos de igualdad para su desarrollo profesional o econ\u00f3mico&#8221;.<\/p>\n\n\n\n<p>Y agreg\u00f3: &#8220;la desigualdad de g\u00e9nero es parte de un sistema patriarcal que forma parte de la reproducci\u00f3n del sistema capitalista. Estos aspectos est\u00e1n concatenados y es necesario construir espacios de reflexi\u00f3n para desnaturalizarlos, para avanzar a una estrategia com\u00fan que nos permita cuestionarnos. Porque con la pandemia las mujeres fuimos el sost\u00e9n en un momento de crisis y eso nos llev\u00f3 a poner el foco en cuestiones que antes no ve\u00edamos, pero que tienen que ver con un sistema econ\u00f3mico, que sigue siendo desigual y que nos golpea el doble a las mujeres. En ese sentido, las distintas mesas tienen una mirada en com\u00fan&#8221;.<\/p>\n\n\n\n<p>Las interesadas sobre m\u00e1s informaci\u00f3n puede ingresar a la cuenta de Instagram @encuentrofemdelsur y en Facebook &#8220;Encuentro Feminista del Sur de C\u00f3rdoba&#8221;.<\/p>\n","protected":false},"excerpt":{"rendered":"<p>El pr\u00f3ximo 27 de noviembre se llevar\u00e1 a cabo un Encuentro Feminista del Sur de C\u00f3rdoba, que congregar\u00e1 organizaciones sociales, sindicales, culturales y militantes del espectro feminista radicadas en la regi\u00f3n, con el fin de afianzar una agenda propia sobre los desaf\u00edos del feminismo local. Para profundizar sobre los ejes de la convocatoria, el programa [&hellip;]<\/p>\n","protected":false},"author":7,"featured_media":28915,"comment_status":"open","ping_status":"open","sticky":false,"template":"","format":"standard","meta":{"_exactmetrics_skip_tracking":false,"_exactmetrics_sitenote_active":false,"_exactmetrics_sitenote_note":"","_exactmetrics_sitenote_category":0,"jnews-multi-image_gallery":[],"jnews_single_post":{"subtitle":"Se realizar\u00e1 el pr\u00f3ximo 27 de noviembre y tendr\u00e1 la presencia de  colectivos culturales, sindicatos, movimientos sociales y personas que a t\u00edtulo personal quieran acercase.","format":"standard","video":"","gallery":"","source_name":"","source_url":"","via_name":"","via_url":"","override":[{"template":"1","single_blog_custom":"","parallax":"1","fullscreen":"1","layout":"right-sidebar","sidebar":"default-sidebar","second_sidebar":"default-sidebar","sticky_sidebar":"1","share_position":"top","share_float_style":"share-monocrhome","show_share_counter":"1","show_view_counter":"1","show_featured":"1","show_post_meta":"1","show_post_author":"1","show_post_author_image":"1","show_post_date":"1","post_date_format":"default","post_date_format_custom":"Y\/m\/d","show_post_category":"1","post_reading_time_wpm":"300","zoom_button_out_step":"2","zoom_button_in_step":"3","show_post_tag":"1","show_prev_next_post":"1","show_popup_post":"1","number_popup_post":"1"}],"image_override":[{"single_post_thumbnail_size":"crop-500","single_post_gallery_size":"crop-500"}],"trending_post_position":"meta","trending_post_label":"Trending","sponsored_post_label":"Sponsored by","sponsored_post_name":"","sponsored_post_url":"","sponsored_post_logo":"","sponsored_post_desc":""},"jnews_primary_category":{"id":""},"jnews_social_meta":[],"jnews_review":[],"enable_review":"","type":"","name":"","summary":"","brand":"","sku":"","good":[],"bad":[],"score_override":"","override_value":"","rating":[],"price":[],"jnews_override_counter":[],"jnews_post_split":[],"footnotes":""},"categories":[325],"tags":[966],"class_list":["post-28914","post","type-post","status-publish","format-standard","has-post-thumbnail","hentry","category-generos-y-diversidades","tag-encuentro-feminista"],"jetpack_featured_media_url":"https:\/\/atecordoba.org\/wp-content\/uploads\/2021\/11\/feministas-sur-e1636732472928.jpg","_links":{"self":[{"href":"https:\/\/atecordoba.org\/index.php?rest_route=\/wp\/v2\/posts\/28914","targetHints":{"allow":["GET"]}}],"collection":[{"href":"https:\/\/atecordoba.org\/index.php?rest_route=\/wp\/v2\/posts"}],"about":[{"href":"https:\/\/atecordoba.org\/index.php?rest_route=\/wp\/v2\/types\/post"}],"author":[{"embeddable":true,"href":"https:\/\/atecordoba.org\/index.php?rest_route=\/wp\/v2\/users\/7"}],"replies":[{"embeddable":true,"href":"https:\/\/atecordoba.org\/index.php?rest_route=%2Fwp%2Fv2%2Fcomments&post=28914"}],"version-history":[{"count":2,"href":"https:\/\/atecordoba.org\/index.php?rest_route=\/wp\/v2\/posts\/28914\/revisions"}],"predecessor-version":[{"id":28920,"href":"https:\/\/atecordoba.org\/index.php?rest_route=\/wp\/v2\/posts\/28914\/revisions\/28920"}],"wp:featuredmedia":[{"embeddable":true,"href":"https:\/\/atecordoba.org\/index.php?rest_route=\/wp\/v2\/media\/28915"}],"wp:attachment":[{"href":"https:\/\/atecordoba.org\/index.php?rest_route=%2Fwp%2Fv2%2Fmedia&parent=28914"}],"wp:term":[{"taxonomy":"category","embeddable":true,"href":"https:\/\/atecordoba.org\/index.php?rest_route=%2Fwp%2Fv2%2Fcategories&post=28914"},{"taxonomy":"post_tag","embeddable":true,"href":"https:\/\/atecordoba.org\/index.php?rest_route=%2Fwp%2Fv2%2Ftags&post=28914"}],"curies":[{"name":"wp","href":"https:\/\/api.w.org\/{rel}","templated":true}]}}