{"id":2890,"date":"2013-06-19T18:17:25","date_gmt":"2013-06-19T21:17:25","guid":{"rendered":"http:\/\/www.atecordoba.org\/?p=2890"},"modified":"2013-06-19T18:17:25","modified_gmt":"2013-06-19T21:17:25","slug":"municipales-de-unquillo-participaron-en-un-curso-de-formacion","status":"publish","type":"post","link":"https:\/\/atecordoba.org\/?p=2890","title":{"rendered":"Municipales de Unquillo participaron en un curso de formacion"},"content":{"rendered":"<p><em>Siguiendo con la pol\u00edtica de formaci\u00f3n para delegados y militantes de nuestro gremio, el CDP a trav\u00e9s de la Secretar\u00eda de Formaci\u00f3n organiz\u00f3 el d\u00eda s\u00e1bado 8 de junio el primer m\u00f3dulo de Formaci\u00f3n para delegados y afiliados municipales de la Ciudad de Unquillo. El tema propuesto fue aspectos jur\u00eddicos y pol\u00edticos de la representaci\u00f3n gremial en el \u00e1mbito de la Municipalidad.<\/em><\/p>\n<p style=\"text-align: center;\"><a href=\"http:\/\/www.atecordoba.org\/wp-content\/uploads\/2013\/06\/foto-13.jpg\"><img loading=\"lazy\" decoding=\"async\" class=\"aligncenter  wp-image-2891\" title=\"foto 1\" src=\"http:\/\/www.atecordoba.org\/wp-content\/uploads\/2013\/06\/foto-13.jpg\" alt=\"\" width=\"480\" height=\"360\" \/><\/a><\/p>\n<p>Estuvieron presentes delegados y afiliados Municipales a nuestro gremio como as\u00ed tambi\u00e9n miembros de nuestro CDP C\u00f3rdoba.<\/p>\n<p>La compa\u00f1era Mar\u00eda Terragno fue la encargada de exponer los aspectos jur\u00eddicos de la representaci\u00f3n de ATE en el Municipio de Unquillo y los aspectos pol\u00edticos fueron explicitados por los referentes de la Secretar\u00eda de Formaci\u00f3n. Cabe destacar la participaci\u00f3n de los compa\u00f1eros y compa\u00f1eras\u00a0 municipales que a lo largo del encuentro aportaron su experiencia y tambi\u00e9n sus dudas referidas al quehacer gremial en el Municipio.<\/p>\n<p><a href=\"http:\/\/www.atecordoba.org\/wp-content\/uploads\/2013\/06\/foto-22.jpg\"><img loading=\"lazy\" decoding=\"async\" class=\"alignleft size-medium wp-image-2892\" title=\"foto 2\" src=\"http:\/\/www.atecordoba.org\/wp-content\/uploads\/2013\/06\/foto-22-300x225.jpg\" alt=\"\" width=\"300\" height=\"225\" \/><\/a>Los y las compa\u00f1eras destacaron la importancia de estos espacios de formaci\u00f3n como condici\u00f3n necesaria para enfrentar un Estado patr\u00f3n que vulnera sistem\u00e1ticamente\u00a0 los m\u00e1s elementales \u00a0derechos laborales y que perjudican en forma cotidiana a todos y todas los trabajadores\/as de la municipalidad.<\/p>\n<p>Se subraya la necesidad de continuar en forma coordinada estos tipos de encuentros\u00a0 en donde los contenidos de formaci\u00f3n se articulan con aspectos estrictamente gremiales y municipales en uno de los escenarios m\u00e1s complejos y dif\u00edciles para el y la trabajador\/a como son los municipios del interior, en donde la precariedad laboral, el clientelismo pol\u00edtico, la vulnerabilidad social son monedas corrientes y deben ser aspectos urgentes\u00a0 a transformar mediante nuestra lucha.<\/p>\n<p style=\"text-align: center;\"><a href=\"http:\/\/www.atecordoba.org\/wp-content\/uploads\/2013\/06\/foto-32.jpg\"><img loading=\"lazy\" decoding=\"async\" class=\"aligncenter  wp-image-2893\" title=\"foto 3\" src=\"http:\/\/www.atecordoba.org\/wp-content\/uploads\/2013\/06\/foto-32.jpg\" alt=\"\" width=\"480\" height=\"360\" \/><\/a><\/p>\n","protected":false},"excerpt":{"rendered":"<p>Siguiendo con la pol\u00edtica de formaci\u00f3n para delegados y militantes de nuestro gremio, el CDP a trav\u00e9s de la Secretar\u00eda de Formaci\u00f3n organiz\u00f3 el d\u00eda s\u00e1bado 8 de junio el primer m\u00f3dulo de Formaci\u00f3n para delegados y afiliados municipales de la Ciudad de Unquillo. El tema propuesto fue aspectos jur\u00eddicos y pol\u00edticos de la representaci\u00f3n [&hellip;]<\/p>\n","protected":false},"author":1,"featured_media":19220,"comment_status":"open","ping_status":"open","sticky":false,"template":"","format":"standard","meta":{"_exactmetrics_skip_tracking":false,"_exactmetrics_sitenote_active":false,"_exactmetrics_sitenote_note":"","_exactmetrics_sitenote_category":0,"jnews-multi-image_gallery":[],"jnews_single_post":[],"jnews_primary_category":[],"jnews_social_meta":[],"jnews_review":[],"enable_review":"","type":"","name":"","summary":"","brand":"","sku":"","good":[],"bad":[],"score_override":"","override_value":"","rating":[],"price":[],"jnews_override_counter":[],"jnews_post_split":[],"footnotes":""},"categories":[88],"tags":[],"class_list":["post-2890","post","type-post","status-publish","format-standard","has-post-thumbnail","hentry","category-formacion"],"jetpack_featured_media_url":"https:\/\/atecordoba.org\/wp-content\/uploads\/2020\/05\/logo-nuevochico-e1561581322808.png","_links":{"self":[{"href":"https:\/\/atecordoba.org\/index.php?rest_route=\/wp\/v2\/posts\/2890","targetHints":{"allow":["GET"]}}],"collection":[{"href":"https:\/\/atecordoba.org\/index.php?rest_route=\/wp\/v2\/posts"}],"about":[{"href":"https:\/\/atecordoba.org\/index.php?rest_route=\/wp\/v2\/types\/post"}],"author":[{"embeddable":true,"href":"https:\/\/atecordoba.org\/index.php?rest_route=\/wp\/v2\/users\/1"}],"replies":[{"embeddable":true,"href":"https:\/\/atecordoba.org\/index.php?rest_route=%2Fwp%2Fv2%2Fcomments&post=2890"}],"version-history":[{"count":0,"href":"https:\/\/atecordoba.org\/index.php?rest_route=\/wp\/v2\/posts\/2890\/revisions"}],"wp:featuredmedia":[{"embeddable":true,"href":"https:\/\/atecordoba.org\/index.php?rest_route=\/wp\/v2\/media\/19220"}],"wp:attachment":[{"href":"https:\/\/atecordoba.org\/index.php?rest_route=%2Fwp%2Fv2%2Fmedia&parent=2890"}],"wp:term":[{"taxonomy":"category","embeddable":true,"href":"https:\/\/atecordoba.org\/index.php?rest_route=%2Fwp%2Fv2%2Fcategories&post=2890"},{"taxonomy":"post_tag","embeddable":true,"href":"https:\/\/atecordoba.org\/index.php?rest_route=%2Fwp%2Fv2%2Ftags&post=2890"}],"curies":[{"name":"wp","href":"https:\/\/api.w.org\/{rel}","templated":true}]}}