{"id":28893,"date":"2021-11-11T15:01:51","date_gmt":"2021-11-11T18:01:51","guid":{"rendered":"https:\/\/atecordoba.org\/?p=28893"},"modified":"2021-11-11T15:25:09","modified_gmt":"2021-11-11T18:25:09","slug":"ate-educacion-reclama-mejora-salarial-para-docentes-del-penal-de-bower","status":"publish","type":"post","link":"https:\/\/atecordoba.org\/?p=28893","title":{"rendered":"ATE Educaci\u00f3n reclama mejora salarial para docentes del Penal de Bower"},"content":{"rendered":"\n<div class=\"wp-block-image\"><figure class=\"aligncenter size-large\"><img loading=\"lazy\" decoding=\"async\" width=\"527\" height=\"331\" src=\"https:\/\/atecordoba.org\/wp-content\/uploads\/2021\/11\/bower.jpeg\" alt=\"\" class=\"wp-image-28894\" srcset=\"https:\/\/atecordoba.org\/wp-content\/uploads\/2021\/11\/bower.jpeg 527w, https:\/\/atecordoba.org\/wp-content\/uploads\/2021\/11\/bower-300x188.jpeg 300w\" sizes=\"auto, (max-width: 527px) 100vw, 527px\" \/><\/figure><\/div>\n\n\n\n<p>Las y los trabajadores de la educaci\u00f3n provincial agrupados en ATE Educaci\u00f3n reclamaron que se incremente el item de zona desfavorable para los docenes que cumplen funciones en el Penal de Bower debido a que las autoridades provinciales sacaron la l\u00ednea de transporte que ingresaba hasta la c\u00e1rcel y ahora deben caminar desde la Ruta Provincial 36 por dos 2 kil\u00f3metros para acceder al complejo carcelario. <\/p>\n\n\n\n<p>El docente y afiliado a ATE Marcelo Mambrin explic\u00f3 que &#8220;sacaron el colectivo y ahora solo podemos tomar la l\u00ednea que va de C\u00f3rdoba a R\u00edo Cuarto y bajarnos en la ruta, sometidos al riesgo de cruzar esa ruta, caminar todo el ingreso por un camino sin senda peatonal, expuestas y expuestos a las inclemencias clim\u00e1ticas&#8221;. <\/p>\n\n\n\n<p>Por eso, Mambrin se\u00f1al\u00f3 que las y los compa\u00f1eros que trabajan en alguna de las cinco escuelas que hay dentro de la c\u00e1rcel, deben procurarse un veh\u00edculo particular &#8220;entre varios, seg\u00fan nos recomendaron desde la Direcci\u00f3n de la escuela como opci\u00f3n, argumentando que es una escuela rural&#8221;. Cabe se\u00f1alar que las y los docentes gozan del beneficio del boleto educativo gratuito, pero que ir en veh\u00edculo particular aumenta los gastos de traslado. Esta situaci\u00f3n justifica sobremanera el reclamo salarial.<\/p>\n\n\n\n<p>De m\u00e1s est\u00e1 decir igual situaci\u00f3n sufren las familias de los presos que cumplen penas en Bower. <\/p>\n","protected":false},"excerpt":{"rendered":"<p>Las y los trabajadores de la educaci\u00f3n provincial agrupados en ATE Educaci\u00f3n reclamaron que se incremente el item de zona desfavorable para los docenes que cumplen funciones en el Penal de Bower debido a que las autoridades provinciales sacaron la l\u00ednea de transporte que ingresaba hasta la c\u00e1rcel y ahora deben caminar desde la Ruta [&hellip;]<\/p>\n","protected":false},"author":7,"featured_media":28894,"comment_status":"open","ping_status":"open","sticky":false,"template":"","format":"standard","meta":{"_exactmetrics_skip_tracking":false,"_exactmetrics_sitenote_active":false,"_exactmetrics_sitenote_note":"","_exactmetrics_sitenote_category":0,"jnews-multi-image_gallery":[],"jnews_single_post":{"subtitle":"En el complejo carcelario hay cinco institutos educativos provinciales en los m\u00f3dulos MD1, MD2, MX1, MX2 y en el M\u00f3dulo de Adicciones. ","format":"standard","video":"","gallery":"","source_name":"","source_url":"","via_name":"","via_url":"","override":[{"template":"1","single_blog_custom":"","parallax":"1","fullscreen":"1","layout":"right-sidebar","sidebar":"default-sidebar","second_sidebar":"default-sidebar","sticky_sidebar":"1","share_position":"top","share_float_style":"share-monocrhome","show_share_counter":"1","show_view_counter":"1","show_featured":"1","show_post_meta":"1","show_post_author":"1","show_post_author_image":"1","show_post_date":"1","post_date_format":"default","post_date_format_custom":"Y\/m\/d","show_post_category":"1","post_reading_time_wpm":"300","zoom_button_out_step":"2","zoom_button_in_step":"3","show_post_tag":"1","show_prev_next_post":"1","show_popup_post":"1","number_popup_post":"1"}],"image_override":[{"single_post_thumbnail_size":"crop-500","single_post_gallery_size":"crop-500"}],"trending_post_position":"meta","trending_post_label":"Trending","sponsored_post_label":"Sponsored by","sponsored_post_name":"","sponsored_post_url":"","sponsored_post_logo":"","sponsored_post_desc":""},"jnews_primary_category":{"id":""},"jnews_social_meta":[],"jnews_review":[],"enable_review":"","type":"","name":"","summary":"","brand":"","sku":"","good":[],"bad":[],"score_override":"","override_value":"","rating":[],"price":[],"jnews_override_counter":[],"jnews_post_split":[],"footnotes":""},"categories":[564],"tags":[965],"class_list":["post-28893","post","type-post","status-publish","format-standard","has-post-thumbnail","hentry","category-educacion","tag-carcel-de-bower"],"jetpack_featured_media_url":"https:\/\/atecordoba.org\/wp-content\/uploads\/2021\/11\/bower.jpeg","_links":{"self":[{"href":"https:\/\/atecordoba.org\/index.php?rest_route=\/wp\/v2\/posts\/28893","targetHints":{"allow":["GET"]}}],"collection":[{"href":"https:\/\/atecordoba.org\/index.php?rest_route=\/wp\/v2\/posts"}],"about":[{"href":"https:\/\/atecordoba.org\/index.php?rest_route=\/wp\/v2\/types\/post"}],"author":[{"embeddable":true,"href":"https:\/\/atecordoba.org\/index.php?rest_route=\/wp\/v2\/users\/7"}],"replies":[{"embeddable":true,"href":"https:\/\/atecordoba.org\/index.php?rest_route=%2Fwp%2Fv2%2Fcomments&post=28893"}],"version-history":[{"count":3,"href":"https:\/\/atecordoba.org\/index.php?rest_route=\/wp\/v2\/posts\/28893\/revisions"}],"predecessor-version":[{"id":28898,"href":"https:\/\/atecordoba.org\/index.php?rest_route=\/wp\/v2\/posts\/28893\/revisions\/28898"}],"wp:featuredmedia":[{"embeddable":true,"href":"https:\/\/atecordoba.org\/index.php?rest_route=\/wp\/v2\/media\/28894"}],"wp:attachment":[{"href":"https:\/\/atecordoba.org\/index.php?rest_route=%2Fwp%2Fv2%2Fmedia&parent=28893"}],"wp:term":[{"taxonomy":"category","embeddable":true,"href":"https:\/\/atecordoba.org\/index.php?rest_route=%2Fwp%2Fv2%2Fcategories&post=28893"},{"taxonomy":"post_tag","embeddable":true,"href":"https:\/\/atecordoba.org\/index.php?rest_route=%2Fwp%2Fv2%2Ftags&post=28893"}],"curies":[{"name":"wp","href":"https:\/\/api.w.org\/{rel}","templated":true}]}}