{"id":28874,"date":"2021-11-11T12:48:17","date_gmt":"2021-11-11T15:48:17","guid":{"rendered":"https:\/\/atecordoba.org\/?p=28874"},"modified":"2021-11-11T12:51:46","modified_gmt":"2021-11-11T15:51:46","slug":"a-10-anos-de-su-nacimiento-la-coordinacion-nacional-de-ate-anac-realizo-un-plenario-para-analizar-la-actualidad-del-sector","status":"publish","type":"post","link":"https:\/\/atecordoba.org\/?p=28874","title":{"rendered":"A 10 a\u00f1os de su nacimiento la Coordinaci\u00f3n Nacional de ATE ANAC realiz\u00f3 un plenario para analizar la actualidad del sector"},"content":{"rendered":"\n<div class=\"wp-block-image\"><figure class=\"aligncenter size-large\"><img decoding=\"async\" src=\"https:\/\/atecordoba.org\/wp-content\/uploads\/2021\/11\/255347507_3163966377214704_3121581502817131645_n.jpg\" alt=\"\" class=\"wp-image-28875\" \/><\/figure><\/div>\n\n\n\n<p>Con la presencia de la conducci\u00f3n nacional de ATE, en las figuras de nuestro secretario General, Hugo Cachorro Godoy, y el secretario General Adjunto, Rodolfo Aguiar, y con la participaci\u00f3n de representantes de 23 aeropuertos, tres cabeceras regionales, el Centro de Instrucci\u00f3n, Perfeccionamiento y Experimentaci\u00f3n y ANAC Central, se llev\u00f3 a cabo ayer el Plenario Nacional de la Coordinaci\u00f3n Nacional de ATE ANAC (Administraci\u00f3n Nacional de Aviaci\u00f3n Civil).<\/p>\n\n\n\n<p>Estuvieron presentes compa\u00f1eros y compa\u00f1eras de los aeropuertos Ezeiza, Tandil, Aeroparque, San Fernando, San Luis, San Juan, Malarg\u00fce, R\u00edo Grande, Bah\u00eda Blanca, Paran\u00e1, Rosario, Santa F\u00e9, Salta, Jujuy, C\u00f3rdoba, R\u00edo Cuarto, Resistencia, Posadas, Trelew, Formosa, Catamarca, La Rioja y Esquel; as\u00ed como de las Cabeceras de Regi\u00f3n Centro, NOA y NEA.<\/p>\n\n\n\n<p>Tambi\u00e9n se destacaron dirigentes como la secretaria de Organizaci\u00f3n, Mercedes Cabezas, el secretario General de Aeronavegantes y Secretario de Prensa de la CATT, Juan Pablo Brey, de manera virtual el compa\u00f1ero Jorge Ravetti, hist\u00f3rico dirigente de ATE y actor fundamental para el surgimiento y la trayectoria del sector, parte fundamental de muchos logros de nuestra organizaci\u00f3n.<\/p>\n\n\n\n<div class=\"wp-block-image\"><figure class=\"alignright size-large is-resized\"><img loading=\"lazy\" decoding=\"async\" src=\"https:\/\/atecordoba.org\/wp-content\/uploads\/2021\/11\/254500641_3163963923881616_5605193045449916553_n.jpg\" alt=\"\" class=\"wp-image-28876\" width=\"480\" height=\"360\" srcset=\"https:\/\/atecordoba.org\/wp-content\/uploads\/2021\/11\/254500641_3163963923881616_5605193045449916553_n.jpg 960w, https:\/\/atecordoba.org\/wp-content\/uploads\/2021\/11\/254500641_3163963923881616_5605193045449916553_n-300x225.jpg 300w, https:\/\/atecordoba.org\/wp-content\/uploads\/2021\/11\/254500641_3163963923881616_5605193045449916553_n-768x576.jpg 768w, https:\/\/atecordoba.org\/wp-content\/uploads\/2021\/11\/254500641_3163963923881616_5605193045449916553_n-750x563.jpg 750w\" sizes=\"auto, (max-width: 480px) 100vw, 480px\" \/><\/figure><\/div>\n\n\n\n<p><strong>Ejes<\/strong><\/p>\n\n\n\n<p>El Plenario tuvo como eje la puesta en valor de los 10 a\u00f1os de la Coordinaci\u00f3n Nacional ATE ANAC y todos los procesos de pelea llevados adelante.<\/p>\n\n\n\n<p>\u201cReivindicamos los logros conseguidos durante este a\u00f1o en donde pudimos avanzar en un proceso de reencasillamiento, equiparaci\u00f3n salarial de contratados\/as OACI, incorporaci\u00f3n en el Presupuesto 2020 del pase a Art\u00edculo 9 de quienes est\u00e1n bajo contrato, bono por reconocimiento a la esencialidad y pago de hora mixta\u201d, destac\u00f3 el plenario.<\/p>\n\n\n\n<p>\u201cEstamos muy conformes desde ATE por haber conseguido cuestiones importantes para nuestros compa\u00f1eros y compa\u00f1eras. Pero esta situaci\u00f3n no nos saca nuestra mirada de un contexto en que la ANAC lejos se encuentra de poder salir de la crisis estructural en la que la meti\u00f3 la gesti\u00f3n de Macri\/Dietrich\u201d.<\/p>\n\n\n\n<p>\u201cDesde ATE consideramos que la ANAC est\u00e1 incumpliendo con el acta acuerdo firmada entre nuestra organizaci\u00f3n y el organismo el 9 de agosto. La cual evit\u00f3 un paro de 72hs convocados por nuestra ATE ANAC\u201d.<\/p>\n\n\n\n<p>\u201cCreemos que el \u00e1mbito de Carrera definido en dicho acuerdo est\u00e1 siendo inconducente. En las reuniones que se han llevado adelante nunca particip\u00f3 la oficina de Empleo P\u00fablico y actualmente no se cuenta con fecha para una pr\u00f3xima reuni\u00f3n\u201d.<\/p>\n\n\n\n<p>\u201cTambi\u00e9n vemos que en el punto relacionado con cuestiones de Infraestructura, personal y elementos de trabajo hay una falta de avance. La falta de financiamiento que vive nuestro organismo repercute directamente en cuestiones b\u00e1sicas para poder desempe\u00f1ar nuestras funciones de forma adecuada. El fideicomiso que ANAC tiene sigue sin poder utilizarse en los tiempos necesarios para la din\u00e1mica aeron\u00e1utica. Esta situaci\u00f3n es plena responsabilidad de la conducci\u00f3n del organismo, la cual hace actos para difundir elementos que al d\u00eda de la fecha no llegaron a los sectores de trabajo, actos en los cuales se discrimina compa\u00f1eros y compa\u00f1eras por el solo hecho de pertenecer a ATE\u201d.<\/p>\n\n\n\n<p>\u201cAnte el incumplimiento de estos puntos desde ATE nos declaramos en estado de asamblea permanente y de no mediar avances en todos los puntos del acta del 9 de agosto, nos declararemos en libertad de acci\u00f3n por incumplimiento por parte de la ANAC de los acuerdos pactados en la mencionada acta\u201d.<\/p>\n\n\n\n<p><strong>Necesidades b\u00e1sicas<\/strong><\/p>\n\n\n\n<div class=\"wp-block-image\"><figure class=\"alignleft size-large is-resized\"><img loading=\"lazy\" decoding=\"async\" src=\"https:\/\/atecordoba.org\/wp-content\/uploads\/2021\/11\/254606230_3163966503881358_5356139074496244624_n.jpg\" alt=\"\" class=\"wp-image-28877\" width=\"480\" height=\"360\" srcset=\"https:\/\/atecordoba.org\/wp-content\/uploads\/2021\/11\/254606230_3163966503881358_5356139074496244624_n.jpg 960w, https:\/\/atecordoba.org\/wp-content\/uploads\/2021\/11\/254606230_3163966503881358_5356139074496244624_n-300x225.jpg 300w, https:\/\/atecordoba.org\/wp-content\/uploads\/2021\/11\/254606230_3163966503881358_5356139074496244624_n-768x576.jpg 768w, https:\/\/atecordoba.org\/wp-content\/uploads\/2021\/11\/254606230_3163966503881358_5356139074496244624_n-750x563.jpg 750w\" sizes=\"auto, (max-width: 480px) 100vw, 480px\" \/><\/figure><\/div>\n\n\n\n<p>En el Plenario se plantearon como necesidades b\u00e1sicas a resolver y en las cuales se apoya nuestro Estado de Asamblea Permanente, las siguientes cuestiones:<\/p>\n\n\n\n<p>1. Infraestructura (plan de inversi\u00f3n edilicia y operativa en todo el pa\u00eds)<\/p>\n\n\n\n<p>2. Falta de Personal (no fueron cubiertas aquellas vacantes por jubilaciones, bajas vegetativas o ceses, lo cual deja a sectores al l\u00edmite de su capacidad operativa)<\/p>\n\n\n\n<p>3. Falta de indumentaria y elementos de trabajo (en los servicios auxiliares y \u00e1reas de inspecci\u00f3n sin elementos de protecci\u00f3n adecuados)<\/p>\n\n\n\n<p>4. Convenio Colectivo de Trabajo Sectorial<\/p>\n\n\n\n<p>5. Pase a Art\u00edculo 9 (si bien fue presupuestado para el 2020 al d\u00eda de la fecha no est\u00e1 resuelto el procedimiento para su puesta en pr\u00e1ctica)<\/p>\n\n\n\n<p>6. Suplemento por Funci\u00f3n de Instrucci\u00f3n (reconocer a aquellos trabajadores y trabajadoras de ANAC que realizan tareas de instrucci\u00f3n en el CIPE. Quienes, a diferencia de agentes externos, no perciben ning\u00fan reconocimiento salarial por su tarea)<\/p>\n\n\n\n<p>7. Falta de Pol\u00edticas de G\u00e9nero y Diversidad e Igualdad de Trato y Oportunidades (la realidad del organismo requiere celeridad en la resoluci\u00f3n de algunos conflictos y su tratamiento, lo que no observamos de las \u00e1reas con capacidad de decisi\u00f3n del organismo)<\/p>\n\n\n\n<p>8. Recomposici\u00f3n salarial (para todo el personal)<\/p>\n\n\n\n<p>9. Reconocimiento por esencialidad (pago de alg\u00fan tipo de compensaci\u00f3n similar a la que abon\u00f3 en otros organismos a modo de reconocimiento por garantizar sectores claves lo que permiti\u00f3 que la aeron\u00e1utica de nuestro pa\u00eds siga funcionando)<\/p>\n\n\n\n<p>10. Derogaci\u00f3n de Resoluci\u00f3n 676. El plenario entiende que es necesario poner fin a aquellas pol\u00edticas macristas que propiciaron situaciones latentes y el vaciamiento del organismo. No se entiende que luego de casi dos a\u00f1os de gesti\u00f3n se sigan manteniendo normativas instauradas por Dietrich y su nefasta revoluci\u00f3n de los aviones.<\/p>\n\n\n\n<p>11. Profundizar pol\u00edticas que desarrollen el \u00e1rea de Sanidad Aeron\u00e1utica.<\/p>\n\n\n\n<div class=\"wp-block-image\"><figure class=\"alignright size-large is-resized\"><img loading=\"lazy\" decoding=\"async\" src=\"https:\/\/atecordoba.org\/wp-content\/uploads\/2021\/11\/254549252_3163966057214736_7195545743724316664_n.jpg\" alt=\"\" class=\"wp-image-28878\" width=\"227\" height=\"480\" srcset=\"https:\/\/atecordoba.org\/wp-content\/uploads\/2021\/11\/254549252_3163966057214736_7195545743724316664_n.jpg 454w, https:\/\/atecordoba.org\/wp-content\/uploads\/2021\/11\/254549252_3163966057214736_7195545743724316664_n-142x300.jpg 142w\" sizes=\"auto, (max-width: 227px) 100vw, 227px\" \/><\/figure><\/div>\n\n\n\n<p><strong>Definiciones<\/strong><\/p>\n\n\n\n<p>En consecuencia, el Plenario resolvi\u00f3:<\/p>\n\n\n\n<ul class=\"wp-block-list\"><li>Profundizar la campa\u00f1a de afiliaci\u00f3n de ATE dentro de ANAC, consolidando la mayor\u00eda dentro del sector y la proporcionalidad 80\/20 a favor de ATE respecto a UPCN.<\/li><li>Repudiar la continuidad de la conducci\u00f3n del Dpto. SSEI, el cual pareciera ser un cargo vitalicio alejado de una pol\u00edtica de profesionalizaci\u00f3n e igualdad de oportunidades.<\/li><li>Repudiar la actitud de la ANAC que, al contrario de la Administraci\u00f3n P\u00fablica Nacional, no desarrolla pol\u00edticas de igualdad de trato y oportunidades con enfoque de g\u00e9nero.<\/li><li>Convocar a una Jornada de Lucha del servicio de Sanidad Aeron\u00e1utica exigiendo definiciones que contemplen la incorporaci\u00f3n de personal y la inversi\u00f3n sostenida en cuestiones claves para el pleno funcionamiento del sector.<\/li><li>Convocar una acci\u00f3n a la sede de EANA exigiendo LIBERTAD SINDICAL y el reconocimiento de ATE como gremio.<\/li><li>Presentaci\u00f3n sobre problemas de Infraestructura a la conducci\u00f3n del organismo.<\/li><li>Pedido de reuni\u00f3n a la Administradora Nacional, Paola Tamburelli planteando los temas y las necesidades definidas en el Plenario.<\/li><\/ul>\n\n\n\n<p><strong>Otras consideraciones<\/strong><\/p>\n\n\n\n<p>En cuanto al contexto actual que atravesaron las y los trabajadores del organismo, el plenario consider\u00f3 que \u201clos y las trabajadoras de la ANAC fuimos fundamentales para poder garantizar cuestiones importantes para nuestro pueblo en todo este tiempo de pandemia\u201d.<\/p>\n\n\n\n<p>\u201cEstuvimos con la llegada de vacunas, estuvimos cuando el COVID ingres\u00f3 a nuestro pa\u00eds y nuestros\/as compa\u00f1eros\/as de Sanidad fueron la primera barrera en darle contenci\u00f3n al virus\u201d.<\/p>\n\n\n\n<p>\u201cGarantizamos a lo largo y ancho del pa\u00eds, aeropuertos que funcionen para que la conectividad de nuestro territorio se mantenga posibilitando un esquema sanitario pleno para nuestro pa\u00eds\u201d.<\/p>\n\n\n\n<p>\u201cCapacitamos a trav\u00e9s del CIPE, a nuestro personal bajo nuevos mecanismos de instrucci\u00f3n, tratando en todos los casos de llegar a cada compa\u00f1ero y compa\u00f1era para poder mantener un sistema aeron\u00e1utico seguro y eficiente\u201d.<\/p>\n\n\n\n<p>\u201cQueremos destacar al trabajador y trabajadora de la ANAC, quien fue golpeado en la gesti\u00f3n anterior\u201d.<\/p>\n\n\n\n<p>\u201cLa actual gesti\u00f3n debe dejar de creer que los trabajadores y trabajadoras y sus representantes somos el enemigo. Deber\u00eda trabajar escuchando a quienes a\u00fan con diferencias queremos lo mejor para la ANAC y no a aquellos obsecuentes que hasta ayer sosten\u00edan pol\u00edticas de vaciamiento impulsadas por el neoliberalismo que cre\u00edmos dejar atr\u00e1s el 10 de diciembre de 2019\u201d.<\/p>\n\n\n\n<p>\u201cQueremos una ANAC que construya con los trabajadores y las trabajadoras. Nuestra vocaci\u00f3n es acompa\u00f1ar pol\u00edticas que fortalezcan el organismo, pero jam\u00e1s vamos a ser obsecuentes ni subordinarnos al poder de turno\u201d.<\/p>\n\n\n\n<figure class=\"wp-block-gallery columns-3 is-cropped wp-block-gallery-1 is-layout-flex wp-block-gallery-is-layout-flex\"><ul class=\"blocks-gallery-grid\"><li class=\"blocks-gallery-item\"><figure><a href=\"https:\/\/atecordoba.org\/wp-content\/uploads\/2021\/11\/255161724_3163966317214710_6683929813115673992_n.jpg\"><img loading=\"lazy\" decoding=\"async\" width=\"960\" height=\"540\" src=\"https:\/\/atecordoba.org\/wp-content\/uploads\/2021\/11\/255161724_3163966317214710_6683929813115673992_n.jpg\" alt=\"\" data-id=\"28879\" data-full-url=\"https:\/\/atecordoba.org\/wp-content\/uploads\/2021\/11\/255161724_3163966317214710_6683929813115673992_n.jpg\" data-link=\"https:\/\/atecordoba.org\/?attachment_id=28879\" class=\"wp-image-28879\" srcset=\"https:\/\/atecordoba.org\/wp-content\/uploads\/2021\/11\/255161724_3163966317214710_6683929813115673992_n.jpg 960w, https:\/\/atecordoba.org\/wp-content\/uploads\/2021\/11\/255161724_3163966317214710_6683929813115673992_n-300x169.jpg 300w, https:\/\/atecordoba.org\/wp-content\/uploads\/2021\/11\/255161724_3163966317214710_6683929813115673992_n-768x432.jpg 768w, https:\/\/atecordoba.org\/wp-content\/uploads\/2021\/11\/255161724_3163966317214710_6683929813115673992_n-750x422.jpg 750w\" sizes=\"auto, (max-width: 960px) 100vw, 960px\" \/><\/a><\/figure><\/li><li class=\"blocks-gallery-item\"><figure><a href=\"https:\/\/atecordoba.org\/wp-content\/uploads\/2021\/11\/254544170_3163965993881409_5339995800164452286_n-copia.jpg\"><img loading=\"lazy\" decoding=\"async\" width=\"960\" height=\"454\" src=\"https:\/\/atecordoba.org\/wp-content\/uploads\/2021\/11\/254544170_3163965993881409_5339995800164452286_n-copia.jpg\" alt=\"\" data-id=\"28880\" data-full-url=\"https:\/\/atecordoba.org\/wp-content\/uploads\/2021\/11\/254544170_3163965993881409_5339995800164452286_n-copia.jpg\" data-link=\"https:\/\/atecordoba.org\/?attachment_id=28880\" class=\"wp-image-28880\" srcset=\"https:\/\/atecordoba.org\/wp-content\/uploads\/2021\/11\/254544170_3163965993881409_5339995800164452286_n-copia.jpg 960w, https:\/\/atecordoba.org\/wp-content\/uploads\/2021\/11\/254544170_3163965993881409_5339995800164452286_n-copia-300x142.jpg 300w, https:\/\/atecordoba.org\/wp-content\/uploads\/2021\/11\/254544170_3163965993881409_5339995800164452286_n-copia-768x363.jpg 768w, https:\/\/atecordoba.org\/wp-content\/uploads\/2021\/11\/254544170_3163965993881409_5339995800164452286_n-copia-750x355.jpg 750w\" sizes=\"auto, (max-width: 960px) 100vw, 960px\" \/><\/a><\/figure><\/li><li class=\"blocks-gallery-item\"><figure><a href=\"https:\/\/atecordoba.org\/wp-content\/uploads\/2021\/11\/254575154_3163966440548031_887963379594959183_n-copia.jpg\"><img loading=\"lazy\" decoding=\"async\" width=\"960\" height=\"454\" src=\"https:\/\/atecordoba.org\/wp-content\/uploads\/2021\/11\/254575154_3163966440548031_887963379594959183_n-copia.jpg\" alt=\"\" data-id=\"28881\" data-full-url=\"https:\/\/atecordoba.org\/wp-content\/uploads\/2021\/11\/254575154_3163966440548031_887963379594959183_n-copia.jpg\" data-link=\"https:\/\/atecordoba.org\/?attachment_id=28881\" class=\"wp-image-28881\" srcset=\"https:\/\/atecordoba.org\/wp-content\/uploads\/2021\/11\/254575154_3163966440548031_887963379594959183_n-copia.jpg 960w, https:\/\/atecordoba.org\/wp-content\/uploads\/2021\/11\/254575154_3163966440548031_887963379594959183_n-copia-300x142.jpg 300w, https:\/\/atecordoba.org\/wp-content\/uploads\/2021\/11\/254575154_3163966440548031_887963379594959183_n-copia-768x363.jpg 768w, https:\/\/atecordoba.org\/wp-content\/uploads\/2021\/11\/254575154_3163966440548031_887963379594959183_n-copia-750x355.jpg 750w\" sizes=\"auto, (max-width: 960px) 100vw, 960px\" \/><\/a><\/figure><\/li><li class=\"blocks-gallery-item\"><figure><a href=\"https:\/\/atecordoba.org\/wp-content\/uploads\/2021\/11\/254579214_3163966630548012_6320687732142948664_n-copia.jpg\"><img loading=\"lazy\" decoding=\"async\" width=\"454\" height=\"960\" src=\"https:\/\/atecordoba.org\/wp-content\/uploads\/2021\/11\/254579214_3163966630548012_6320687732142948664_n-copia.jpg\" alt=\"\" data-id=\"28882\" data-full-url=\"https:\/\/atecordoba.org\/wp-content\/uploads\/2021\/11\/254579214_3163966630548012_6320687732142948664_n-copia.jpg\" data-link=\"https:\/\/atecordoba.org\/?attachment_id=28882\" class=\"wp-image-28882\" srcset=\"https:\/\/atecordoba.org\/wp-content\/uploads\/2021\/11\/254579214_3163966630548012_6320687732142948664_n-copia.jpg 454w, https:\/\/atecordoba.org\/wp-content\/uploads\/2021\/11\/254579214_3163966630548012_6320687732142948664_n-copia-142x300.jpg 142w\" sizes=\"auto, (max-width: 454px) 100vw, 454px\" \/><\/a><\/figure><\/li><li class=\"blocks-gallery-item\"><figure><a href=\"https:\/\/atecordoba.org\/wp-content\/uploads\/2021\/11\/254580695_3163966263881382_897813607416498724_n-copia.jpg\"><img loading=\"lazy\" decoding=\"async\" width=\"720\" height=\"960\" src=\"https:\/\/atecordoba.org\/wp-content\/uploads\/2021\/11\/254580695_3163966263881382_897813607416498724_n-copia.jpg\" alt=\"\" data-id=\"28883\" data-full-url=\"https:\/\/atecordoba.org\/wp-content\/uploads\/2021\/11\/254580695_3163966263881382_897813607416498724_n-copia.jpg\" data-link=\"https:\/\/atecordoba.org\/?attachment_id=28883\" class=\"wp-image-28883\" srcset=\"https:\/\/atecordoba.org\/wp-content\/uploads\/2021\/11\/254580695_3163966263881382_897813607416498724_n-copia.jpg 720w, https:\/\/atecordoba.org\/wp-content\/uploads\/2021\/11\/254580695_3163966263881382_897813607416498724_n-copia-225x300.jpg 225w\" sizes=\"auto, (max-width: 720px) 100vw, 720px\" \/><\/a><\/figure><\/li><li class=\"blocks-gallery-item\"><figure><a href=\"https:\/\/atecordoba.org\/wp-content\/uploads\/2021\/11\/254606230_3163966503881358_5356139074496244624_n-copia.jpg\"><img loading=\"lazy\" decoding=\"async\" width=\"960\" height=\"720\" src=\"https:\/\/atecordoba.org\/wp-content\/uploads\/2021\/11\/254606230_3163966503881358_5356139074496244624_n-copia.jpg\" alt=\"\" data-id=\"28884\" data-full-url=\"https:\/\/atecordoba.org\/wp-content\/uploads\/2021\/11\/254606230_3163966503881358_5356139074496244624_n-copia.jpg\" data-link=\"https:\/\/atecordoba.org\/?attachment_id=28884\" class=\"wp-image-28884\" srcset=\"https:\/\/atecordoba.org\/wp-content\/uploads\/2021\/11\/254606230_3163966503881358_5356139074496244624_n-copia.jpg 960w, https:\/\/atecordoba.org\/wp-content\/uploads\/2021\/11\/254606230_3163966503881358_5356139074496244624_n-copia-300x225.jpg 300w, https:\/\/atecordoba.org\/wp-content\/uploads\/2021\/11\/254606230_3163966503881358_5356139074496244624_n-copia-768x576.jpg 768w, https:\/\/atecordoba.org\/wp-content\/uploads\/2021\/11\/254606230_3163966503881358_5356139074496244624_n-copia-750x563.jpg 750w\" sizes=\"auto, (max-width: 960px) 100vw, 960px\" \/><\/a><\/figure><\/li><li class=\"blocks-gallery-item\"><figure><a href=\"https:\/\/atecordoba.org\/wp-content\/uploads\/2021\/11\/254630680_3163964417214900_2718161770182154450_n-copia.jpg\"><img loading=\"lazy\" decoding=\"async\" width=\"960\" height=\"720\" src=\"https:\/\/atecordoba.org\/wp-content\/uploads\/2021\/11\/254630680_3163964417214900_2718161770182154450_n-copia.jpg\" alt=\"\" data-id=\"28885\" data-full-url=\"https:\/\/atecordoba.org\/wp-content\/uploads\/2021\/11\/254630680_3163964417214900_2718161770182154450_n-copia.jpg\" data-link=\"https:\/\/atecordoba.org\/?attachment_id=28885\" class=\"wp-image-28885\" srcset=\"https:\/\/atecordoba.org\/wp-content\/uploads\/2021\/11\/254630680_3163964417214900_2718161770182154450_n-copia.jpg 960w, https:\/\/atecordoba.org\/wp-content\/uploads\/2021\/11\/254630680_3163964417214900_2718161770182154450_n-copia-300x225.jpg 300w, https:\/\/atecordoba.org\/wp-content\/uploads\/2021\/11\/254630680_3163964417214900_2718161770182154450_n-copia-768x576.jpg 768w, https:\/\/atecordoba.org\/wp-content\/uploads\/2021\/11\/254630680_3163964417214900_2718161770182154450_n-copia-750x563.jpg 750w\" sizes=\"auto, (max-width: 960px) 100vw, 960px\" \/><\/a><\/figure><\/li><li class=\"blocks-gallery-item\"><figure><a href=\"https:\/\/atecordoba.org\/wp-content\/uploads\/2021\/11\/254681824_3163966397214702_2458224341250899730_n-copia.jpg\"><img loading=\"lazy\" decoding=\"async\" width=\"960\" height=\"454\" src=\"https:\/\/atecordoba.org\/wp-content\/uploads\/2021\/11\/254681824_3163966397214702_2458224341250899730_n-copia.jpg\" alt=\"\" data-id=\"28886\" data-full-url=\"https:\/\/atecordoba.org\/wp-content\/uploads\/2021\/11\/254681824_3163966397214702_2458224341250899730_n-copia.jpg\" data-link=\"https:\/\/atecordoba.org\/?attachment_id=28886\" class=\"wp-image-28886\" srcset=\"https:\/\/atecordoba.org\/wp-content\/uploads\/2021\/11\/254681824_3163966397214702_2458224341250899730_n-copia.jpg 960w, https:\/\/atecordoba.org\/wp-content\/uploads\/2021\/11\/254681824_3163966397214702_2458224341250899730_n-copia-300x142.jpg 300w, https:\/\/atecordoba.org\/wp-content\/uploads\/2021\/11\/254681824_3163966397214702_2458224341250899730_n-copia-768x363.jpg 768w, https:\/\/atecordoba.org\/wp-content\/uploads\/2021\/11\/254681824_3163966397214702_2458224341250899730_n-copia-750x355.jpg 750w\" sizes=\"auto, (max-width: 960px) 100vw, 960px\" \/><\/a><\/figure><\/li><li class=\"blocks-gallery-item\"><figure><a href=\"https:\/\/atecordoba.org\/wp-content\/uploads\/2021\/11\/254693568_3163966553881353_8486346589774768941_n-copia.jpg\"><img loading=\"lazy\" decoding=\"async\" width=\"720\" height=\"960\" src=\"https:\/\/atecordoba.org\/wp-content\/uploads\/2021\/11\/254693568_3163966553881353_8486346589774768941_n-copia.jpg\" alt=\"\" data-id=\"28887\" data-full-url=\"https:\/\/atecordoba.org\/wp-content\/uploads\/2021\/11\/254693568_3163966553881353_8486346589774768941_n-copia.jpg\" data-link=\"https:\/\/atecordoba.org\/?attachment_id=28887\" class=\"wp-image-28887\" srcset=\"https:\/\/atecordoba.org\/wp-content\/uploads\/2021\/11\/254693568_3163966553881353_8486346589774768941_n-copia.jpg 720w, https:\/\/atecordoba.org\/wp-content\/uploads\/2021\/11\/254693568_3163966553881353_8486346589774768941_n-copia-225x300.jpg 225w\" sizes=\"auto, (max-width: 720px) 100vw, 720px\" \/><\/a><\/figure><\/li><li class=\"blocks-gallery-item\"><figure><a href=\"https:\/\/atecordoba.org\/wp-content\/uploads\/2021\/11\/254696034_3163966563881352_6113387763376804164_n-copia.jpg\"><img loading=\"lazy\" decoding=\"async\" width=\"960\" height=\"454\" src=\"https:\/\/atecordoba.org\/wp-content\/uploads\/2021\/11\/254696034_3163966563881352_6113387763376804164_n-copia.jpg\" alt=\"\" data-id=\"28888\" data-full-url=\"https:\/\/atecordoba.org\/wp-content\/uploads\/2021\/11\/254696034_3163966563881352_6113387763376804164_n-copia.jpg\" data-link=\"https:\/\/atecordoba.org\/?attachment_id=28888\" class=\"wp-image-28888\" srcset=\"https:\/\/atecordoba.org\/wp-content\/uploads\/2021\/11\/254696034_3163966563881352_6113387763376804164_n-copia.jpg 960w, https:\/\/atecordoba.org\/wp-content\/uploads\/2021\/11\/254696034_3163966563881352_6113387763376804164_n-copia-300x142.jpg 300w, https:\/\/atecordoba.org\/wp-content\/uploads\/2021\/11\/254696034_3163966563881352_6113387763376804164_n-copia-768x363.jpg 768w, https:\/\/atecordoba.org\/wp-content\/uploads\/2021\/11\/254696034_3163966563881352_6113387763376804164_n-copia-750x355.jpg 750w\" sizes=\"auto, (max-width: 960px) 100vw, 960px\" \/><\/a><\/figure><\/li><li class=\"blocks-gallery-item\"><figure><a href=\"https:\/\/atecordoba.org\/wp-content\/uploads\/2021\/11\/254724656_3163966613881347_2691367472829445018_n-copia.jpg\"><img loading=\"lazy\" decoding=\"async\" width=\"960\" height=\"454\" src=\"https:\/\/atecordoba.org\/wp-content\/uploads\/2021\/11\/254724656_3163966613881347_2691367472829445018_n-copia.jpg\" alt=\"\" data-id=\"28889\" data-full-url=\"https:\/\/atecordoba.org\/wp-content\/uploads\/2021\/11\/254724656_3163966613881347_2691367472829445018_n-copia.jpg\" data-link=\"https:\/\/atecordoba.org\/?attachment_id=28889\" class=\"wp-image-28889\" srcset=\"https:\/\/atecordoba.org\/wp-content\/uploads\/2021\/11\/254724656_3163966613881347_2691367472829445018_n-copia.jpg 960w, https:\/\/atecordoba.org\/wp-content\/uploads\/2021\/11\/254724656_3163966613881347_2691367472829445018_n-copia-300x142.jpg 300w, https:\/\/atecordoba.org\/wp-content\/uploads\/2021\/11\/254724656_3163966613881347_2691367472829445018_n-copia-768x363.jpg 768w, https:\/\/atecordoba.org\/wp-content\/uploads\/2021\/11\/254724656_3163966613881347_2691367472829445018_n-copia-750x355.jpg 750w\" sizes=\"auto, (max-width: 960px) 100vw, 960px\" \/><\/a><\/figure><\/li><li class=\"blocks-gallery-item\"><figure><a href=\"https:\/\/atecordoba.org\/wp-content\/uploads\/2021\/11\/255069585_3163966003881408_1633181506285103357_n-copia.jpg\"><img loading=\"lazy\" decoding=\"async\" width=\"1024\" height=\"460\" src=\"https:\/\/atecordoba.org\/wp-content\/uploads\/2021\/11\/255069585_3163966003881408_1633181506285103357_n-copia-1024x460.jpg\" alt=\"\" data-id=\"28890\" data-full-url=\"https:\/\/atecordoba.org\/wp-content\/uploads\/2021\/11\/255069585_3163966003881408_1633181506285103357_n-copia.jpg\" data-link=\"https:\/\/atecordoba.org\/?attachment_id=28890\" class=\"wp-image-28890\" srcset=\"https:\/\/atecordoba.org\/wp-content\/uploads\/2021\/11\/255069585_3163966003881408_1633181506285103357_n-copia-1024x460.jpg 1024w, https:\/\/atecordoba.org\/wp-content\/uploads\/2021\/11\/255069585_3163966003881408_1633181506285103357_n-copia-300x135.jpg 300w, https:\/\/atecordoba.org\/wp-content\/uploads\/2021\/11\/255069585_3163966003881408_1633181506285103357_n-copia-768x345.jpg 768w, https:\/\/atecordoba.org\/wp-content\/uploads\/2021\/11\/255069585_3163966003881408_1633181506285103357_n-copia-750x337.jpg 750w, https:\/\/atecordoba.org\/wp-content\/uploads\/2021\/11\/255069585_3163966003881408_1633181506285103357_n-copia-1140x512.jpg 1140w, https:\/\/atecordoba.org\/wp-content\/uploads\/2021\/11\/255069585_3163966003881408_1633181506285103357_n-copia.jpg 1424w\" sizes=\"auto, (max-width: 1024px) 100vw, 1024px\" \/><\/a><\/figure><\/li><li class=\"blocks-gallery-item\"><figure><a href=\"https:\/\/atecordoba.org\/wp-content\/uploads\/2021\/11\/255091391_3163963960548279_1830590400433648354_n-copia.jpg\"><img loading=\"lazy\" decoding=\"async\" width=\"960\" height=\"720\" src=\"https:\/\/atecordoba.org\/wp-content\/uploads\/2021\/11\/255091391_3163963960548279_1830590400433648354_n-copia.jpg\" alt=\"\" data-id=\"28891\" data-full-url=\"https:\/\/atecordoba.org\/wp-content\/uploads\/2021\/11\/255091391_3163963960548279_1830590400433648354_n-copia.jpg\" data-link=\"https:\/\/atecordoba.org\/?attachment_id=28891\" class=\"wp-image-28891\" srcset=\"https:\/\/atecordoba.org\/wp-content\/uploads\/2021\/11\/255091391_3163963960548279_1830590400433648354_n-copia.jpg 960w, https:\/\/atecordoba.org\/wp-content\/uploads\/2021\/11\/255091391_3163963960548279_1830590400433648354_n-copia-300x225.jpg 300w, https:\/\/atecordoba.org\/wp-content\/uploads\/2021\/11\/255091391_3163963960548279_1830590400433648354_n-copia-768x576.jpg 768w, https:\/\/atecordoba.org\/wp-content\/uploads\/2021\/11\/255091391_3163963960548279_1830590400433648354_n-copia-750x563.jpg 750w\" sizes=\"auto, (max-width: 960px) 100vw, 960px\" \/><\/a><\/figure><\/li><\/ul><\/figure>\n","protected":false},"excerpt":{"rendered":"<p>Con la presencia de la conducci\u00f3n nacional de ATE, en las figuras de nuestro secretario General, Hugo Cachorro Godoy, y el secretario General Adjunto, Rodolfo Aguiar, y con la participaci\u00f3n de representantes de 23 aeropuertos, tres cabeceras regionales, el Centro de Instrucci\u00f3n, Perfeccionamiento y Experimentaci\u00f3n y ANAC Central, se llev\u00f3 a cabo ayer el Plenario [&hellip;]<\/p>\n","protected":false},"author":7,"featured_media":28875,"comment_status":"open","ping_status":"open","sticky":false,"template":"","format":"standard","meta":{"_exactmetrics_skip_tracking":false,"_exactmetrics_sitenote_active":false,"_exactmetrics_sitenote_note":"","_exactmetrics_sitenote_category":0,"jnews-multi-image_gallery":[],"jnews_single_post":{"subtitle":"Las y los trabajadores del organismo se declararon en estado de asamblea permanente y, de no mediar avances en todos los puntos del acta del 9 de agosto, en libertad de acci\u00f3n por incumplimiento por parte de la ANAC.","format":"standard","video":"","gallery":"","source_name":"","source_url":"","via_name":"","via_url":"","override":[{"template":"1","single_blog_custom":"","parallax":"1","fullscreen":"1","layout":"right-sidebar","sidebar":"default-sidebar","second_sidebar":"default-sidebar","sticky_sidebar":"1","share_position":"top","share_float_style":"share-monocrhome","show_share_counter":"1","show_view_counter":"1","show_featured":"1","show_post_meta":"1","show_post_author":"1","show_post_author_image":"1","show_post_date":"1","post_date_format":"default","post_date_format_custom":"Y\/m\/d","show_post_category":"1","post_reading_time_wpm":"300","zoom_button_out_step":"2","zoom_button_in_step":"3","show_post_tag":"1","show_prev_next_post":"1","show_popup_post":"1","number_popup_post":"1"}],"image_override":[{"single_post_thumbnail_size":"crop-500","single_post_gallery_size":"crop-500"}],"trending_post_position":"meta","trending_post_label":"Trending","sponsored_post_label":"Sponsored by","sponsored_post_name":"","sponsored_post_url":"","sponsored_post_logo":"","sponsored_post_desc":""},"jnews_primary_category":{"id":""},"jnews_social_meta":[],"jnews_review":[],"enable_review":"","type":"","name":"","summary":"","brand":"","sku":"","good":[],"bad":[],"score_override":"","override_value":"","rating":[],"price":[],"jnews_override_counter":[],"jnews_post_split":[],"footnotes":""},"categories":[18],"tags":[33],"class_list":["post-28874","post","type-post","status-publish","format-standard","has-post-thumbnail","hentry","category-nacionales","tag-anac"],"jetpack_featured_media_url":"https:\/\/atecordoba.org\/wp-content\/uploads\/2021\/11\/255347507_3163966377214704_3121581502817131645_n-e1636645679315.jpg","_links":{"self":[{"href":"https:\/\/atecordoba.org\/index.php?rest_route=\/wp\/v2\/posts\/28874","targetHints":{"allow":["GET"]}}],"collection":[{"href":"https:\/\/atecordoba.org\/index.php?rest_route=\/wp\/v2\/posts"}],"about":[{"href":"https:\/\/atecordoba.org\/index.php?rest_route=\/wp\/v2\/types\/post"}],"author":[{"embeddable":true,"href":"https:\/\/atecordoba.org\/index.php?rest_route=\/wp\/v2\/users\/7"}],"replies":[{"embeddable":true,"href":"https:\/\/atecordoba.org\/index.php?rest_route=%2Fwp%2Fv2%2Fcomments&post=28874"}],"version-history":[{"count":1,"href":"https:\/\/atecordoba.org\/index.php?rest_route=\/wp\/v2\/posts\/28874\/revisions"}],"predecessor-version":[{"id":28892,"href":"https:\/\/atecordoba.org\/index.php?rest_route=\/wp\/v2\/posts\/28874\/revisions\/28892"}],"wp:featuredmedia":[{"embeddable":true,"href":"https:\/\/atecordoba.org\/index.php?rest_route=\/wp\/v2\/media\/28875"}],"wp:attachment":[{"href":"https:\/\/atecordoba.org\/index.php?rest_route=%2Fwp%2Fv2%2Fmedia&parent=28874"}],"wp:term":[{"taxonomy":"category","embeddable":true,"href":"https:\/\/atecordoba.org\/index.php?rest_route=%2Fwp%2Fv2%2Fcategories&post=28874"},{"taxonomy":"post_tag","embeddable":true,"href":"https:\/\/atecordoba.org\/index.php?rest_route=%2Fwp%2Fv2%2Ftags&post=28874"}],"curies":[{"name":"wp","href":"https:\/\/api.w.org\/{rel}","templated":true}]}}