{"id":28867,"date":"2021-11-11T11:36:24","date_gmt":"2021-11-11T14:36:24","guid":{"rendered":"https:\/\/atecordoba.org\/?p=28867"},"modified":"2021-11-11T12:04:53","modified_gmt":"2021-11-11T15:04:53","slug":"se-viene-una-nueva-edicion-de-la-marcha-por-el-derecho-a-la-salud-mental","status":"publish","type":"post","link":"https:\/\/atecordoba.org\/?p=28867","title":{"rendered":"Se viene una nueva edici\u00f3n de la &#8220;Marcha por el derecho a la salud mental&#8221;"},"content":{"rendered":"\n<div class=\"wp-block-image\"><figure class=\"alignright size-large\"><img decoding=\"async\" src=\"https:\/\/atecordoba.org\/wp-content\/uploads\/2021\/11\/marcha-salud-mental.jpg\" alt=\"\" class=\"wp-image-28868\" \/><\/figure><\/div>\n\n\n\n<p>El pr\u00f3ximo 29 de noviembre se llevar\u00e1 a cabo la 8va Marcha por el Derecho a la Salud Mental, donde sectores integrados pro usuarios, profesionales, sindicales, sociales y partidos pol\u00edticos viene reclamando a las autoridades provinciales encargadas de la materia la aplicaci\u00f3n de la Ley de Salud Mental 9848. <\/p>\n\n\n\n<p>En tal sentido, el programa radial Entre todos y todas, que la Secretaria de Prensa de ATE C\u00f3rdoba emite cada martes por GENFM 107.5, entrevist\u00f3 a Mart\u00edn Passini, integrante del colectivo organizador de la Marcha por el Derecho a la Salud Mental, que se reuni\u00f3 en la sede de ATE C\u00f3rdoba esta semana, para conocer la actualidad de la movilizaci\u00f3n y el contexto actual del sistema de salud mental en C\u00f3rdoba.<\/p>\n\n\n\n<p>&#8220;Despu\u00e9s de la marcha virtual por la pandemia que se hizo el a\u00f1o pasado, este 2021 estamos con muchas ganas de salir a la calle y decidimos volver a salir a ocupar el espacio p\u00fablico para reclamar por la aplicaci\u00f3n de la ley de salud mental, que ya tiene 11 a\u00f1os aprobada ya a\u00fan sigue sin aplicarse&#8221;, dijo Passini.<\/p>\n\n\n\n<p>Y agreg\u00f3: &#8220;en C\u00f3rdoba hay m\u00e1s retrocesos que otra cosa en relaci\u00f3n al ejercicio de un derecho, que es de todos no solo de los pacientes cr\u00f3nicos, sino de todos los ciudadanos de gozar de una salud mental como un derecho humano&#8221;.<\/p>\n\n\n\n<p>La movilizaci\u00f3n partir\u00e1 el 29 de noviembre desde Col\u00f3n y General Paz, a las 18.30. &#8220;Convocamos a todo el mundo para que se sume. En la pandemia la Provincia fue cerrando, prohibiendo y cercenado todos los espacios y las iniciativas que apuntan al abordaje comunitario, inclusivo e integral de la salud mental. Solo quedaron activas las pr\u00e1cticas m\u00e1s manicomiables de pr\u00e1cticas relacionadas con la internaci\u00f3n forzada y por eso vemos puros retrocesos en C\u00f3rdoba respecto al ejercicio del derecho a la salud mental&#8221;, denunci\u00f3 Passini. &nbsp;<\/p>\n\n\n\n<p><strong>Desmanicomializaci\u00f3n y ataques a la ley<\/strong><\/p>\n\n\n\n<div class=\"wp-block-image\"><figure class=\"alignleft size-large is-resized\"><img loading=\"lazy\" decoding=\"async\" src=\"https:\/\/atecordoba.org\/wp-content\/uploads\/2021\/11\/marcha-salud-grupo-1024x769.jpg\" alt=\"\" class=\"wp-image-28869\" width=\"394\" height=\"296\" srcset=\"https:\/\/atecordoba.org\/wp-content\/uploads\/2021\/11\/marcha-salud-grupo-1024x769.jpg 1024w, https:\/\/atecordoba.org\/wp-content\/uploads\/2021\/11\/marcha-salud-grupo-300x225.jpg 300w, https:\/\/atecordoba.org\/wp-content\/uploads\/2021\/11\/marcha-salud-grupo-768x577.jpg 768w, https:\/\/atecordoba.org\/wp-content\/uploads\/2021\/11\/marcha-salud-grupo-1536x1154.jpg 1536w, https:\/\/atecordoba.org\/wp-content\/uploads\/2021\/11\/marcha-salud-grupo-750x563.jpg 750w, https:\/\/atecordoba.org\/wp-content\/uploads\/2021\/11\/marcha-salud-grupo-1140x856.jpg 1140w, https:\/\/atecordoba.org\/wp-content\/uploads\/2021\/11\/marcha-salud-grupo.jpg 1600w\" sizes=\"auto, (max-width: 394px) 100vw, 394px\" \/><figcaption>Reuni\u00f3n del grupo convocante a la marcha.<\/figcaption><\/figure><\/div>\n\n\n\n<p>&#8220;El colectivo a la salud mental es un espacio amplio e intersectorial que se viene organizando hace tiempo en nuestro pa\u00eds. Es importante el rol que ocupan los usuarios. En C\u00f3rdoba son quienes impulsan este espacio y las transformaciones profundas en el campo de la salud mental, con la desmanicomializaci\u00f3n, con la apertura de espacios comunitarios positivos que sustituyan el manicomio y que tambi\u00e9n impulsan esta marcha. Llevan la bandera y son quienes viven y conocen qu\u00e9 significa tener un modelo de salud mental basado en la segregaci\u00f3n, la exclusi\u00f3n y que te quiten los derechos&#8221;, apunt\u00f3 el integrante del colectivo convocante.<\/p>\n\n\n\n<p>Y explic\u00f3 que &#8220;esto tiene que ver con la construcci\u00f3n de un derecho en el marco de una sociedad de derechos. La ley de salud mental viene siendo atacada por sectores corporativos de la salud mental tradicional, por intereses econ\u00f3micos y medios de comunicaci\u00f3n hegem\u00f3nicos. Se planta en las noticias policiales donde aparece un usuario del sistema, adjudic\u00e1ndole la situaci\u00f3n a que esa persona est\u00e9 libre. Pero la ley no est\u00e1 aplic\u00e1ndose de manera adecuada porque si no esa persona deber\u00eda tener los apoyos suficientes para poder vivir su vida con dignidad. La \u00fanica respuesta no puede ser el encierro&#8221;.<\/p>\n\n\n\n<p>Para escuchar la entrevista completa ingresar <a href=\"https:\/\/ar.radiocut.fm\/audiocut\/entrevista-a-martin-pessini-del-colectivo-organizador-8va-marcha-por-salud-mental\/\">ac<\/a>\u00e1.<\/p>\n","protected":false},"excerpt":{"rendered":"<p>El pr\u00f3ximo 29 de noviembre se llevar\u00e1 a cabo la 8va Marcha por el Derecho a la Salud Mental, donde sectores integrados pro usuarios, profesionales, sindicales, sociales y partidos pol\u00edticos viene reclamando a las autoridades provinciales encargadas de la materia la aplicaci\u00f3n de la Ley de Salud Mental 9848. En tal sentido, el programa radial [&hellip;]<\/p>\n","protected":false},"author":7,"featured_media":28873,"comment_status":"open","ping_status":"open","sticky":false,"template":"","format":"standard","meta":{"_exactmetrics_skip_tracking":false,"_exactmetrics_sitenote_active":false,"_exactmetrics_sitenote_note":"","_exactmetrics_sitenote_category":0,"jnews-multi-image_gallery":[],"jnews_single_post":{"subtitle":"La ley de Salud Mental lleva 11 a\u00f1os aprobada y a\u00fan no se aplica. Durante la pandemia el retroceso en la materia fue muy grande.","format":"standard","video":"","gallery":"","source_name":"","source_url":"","via_name":"","via_url":"","override":[{"template":"1","single_blog_custom":"","parallax":"1","fullscreen":"1","layout":"right-sidebar","sidebar":"default-sidebar","second_sidebar":"default-sidebar","sticky_sidebar":"1","share_position":"top","share_float_style":"share-monocrhome","show_share_counter":"1","show_view_counter":"1","show_featured":"1","show_post_meta":"1","show_post_author":"1","show_post_author_image":"1","show_post_date":"1","post_date_format":"default","post_date_format_custom":"Y\/m\/d","show_post_category":"1","post_reading_time_wpm":"300","zoom_button_out_step":"2","zoom_button_in_step":"3","show_post_tag":"1","show_prev_next_post":"1","show_popup_post":"1","number_popup_post":"1"}],"image_override":[{"single_post_thumbnail_size":"crop-500","single_post_gallery_size":"crop-500"}],"trending_post_position":"meta","trending_post_label":"Trending","sponsored_post_label":"Sponsored by","sponsored_post_name":"","sponsored_post_url":"","sponsored_post_logo":"","sponsored_post_desc":""},"jnews_primary_category":{"id":""},"jnews_social_meta":[],"jnews_review":[],"enable_review":"","type":"","name":"","summary":"","brand":"","sku":"","good":[],"bad":[],"score_override":"","override_value":"","rating":[],"price":[],"jnews_override_counter":[],"jnews_post_split":[],"footnotes":""},"categories":[10],"tags":[964],"class_list":["post-28867","post","type-post","status-publish","format-standard","has-post-thumbnail","hentry","category-accion-politica","tag-marcha-salud-mental"],"jetpack_featured_media_url":"https:\/\/atecordoba.org\/wp-content\/uploads\/2021\/11\/marcha-salud-mental-1.jpg","_links":{"self":[{"href":"https:\/\/atecordoba.org\/index.php?rest_route=\/wp\/v2\/posts\/28867","targetHints":{"allow":["GET"]}}],"collection":[{"href":"https:\/\/atecordoba.org\/index.php?rest_route=\/wp\/v2\/posts"}],"about":[{"href":"https:\/\/atecordoba.org\/index.php?rest_route=\/wp\/v2\/types\/post"}],"author":[{"embeddable":true,"href":"https:\/\/atecordoba.org\/index.php?rest_route=\/wp\/v2\/users\/7"}],"replies":[{"embeddable":true,"href":"https:\/\/atecordoba.org\/index.php?rest_route=%2Fwp%2Fv2%2Fcomments&post=28867"}],"version-history":[{"count":2,"href":"https:\/\/atecordoba.org\/index.php?rest_route=\/wp\/v2\/posts\/28867\/revisions"}],"predecessor-version":[{"id":28871,"href":"https:\/\/atecordoba.org\/index.php?rest_route=\/wp\/v2\/posts\/28867\/revisions\/28871"}],"wp:featuredmedia":[{"embeddable":true,"href":"https:\/\/atecordoba.org\/index.php?rest_route=\/wp\/v2\/media\/28873"}],"wp:attachment":[{"href":"https:\/\/atecordoba.org\/index.php?rest_route=%2Fwp%2Fv2%2Fmedia&parent=28867"}],"wp:term":[{"taxonomy":"category","embeddable":true,"href":"https:\/\/atecordoba.org\/index.php?rest_route=%2Fwp%2Fv2%2Fcategories&post=28867"},{"taxonomy":"post_tag","embeddable":true,"href":"https:\/\/atecordoba.org\/index.php?rest_route=%2Fwp%2Fv2%2Ftags&post=28867"}],"curies":[{"name":"wp","href":"https:\/\/api.w.org\/{rel}","templated":true}]}}