{"id":28859,"date":"2021-11-10T15:12:56","date_gmt":"2021-11-10T18:12:56","guid":{"rendered":"https:\/\/atecordoba.org\/?p=28859"},"modified":"2021-11-10T15:13:36","modified_gmt":"2021-11-10T18:13:36","slug":"ate-consigue-una-nueva-reincorporacion-en-cnrt-cordoba","status":"publish","type":"post","link":"https:\/\/atecordoba.org\/?p=28859","title":{"rendered":"ATE consigue una nueva reincorporaci\u00f3n en CNRT C\u00f3rdoba"},"content":{"rendered":"\n<div class=\"wp-block-image\"><figure class=\"alignleft size-large\"><img loading=\"lazy\" decoding=\"async\" width=\"360\" height=\"360\" src=\"https:\/\/atecordoba.org\/wp-content\/uploads\/2021\/11\/Paola_Rojas_CNRT.jpeg\" alt=\"\" class=\"wp-image-28860\" srcset=\"https:\/\/atecordoba.org\/wp-content\/uploads\/2021\/11\/Paola_Rojas_CNRT.jpeg 360w, https:\/\/atecordoba.org\/wp-content\/uploads\/2021\/11\/Paola_Rojas_CNRT-300x300.jpeg 300w, https:\/\/atecordoba.org\/wp-content\/uploads\/2021\/11\/Paola_Rojas_CNRT-150x150.jpeg 150w, https:\/\/atecordoba.org\/wp-content\/uploads\/2021\/11\/Paola_Rojas_CNRT-75x75.jpeg 75w, https:\/\/atecordoba.org\/wp-content\/uploads\/2021\/11\/Paola_Rojas_CNRT-350x350.jpeg 350w\" sizes=\"auto, (max-width: 360px) 100vw, 360px\" \/><\/figure><\/div>\n\n\n\n<p>La Comisi\u00f3n Nacional de Regulaci\u00f3n del Transporte (CNRT) es un organismo descentralizado estatal dependiente del Ministerio de Transporte de la Rep\u00fablica Argentina que tiene como objetivo controlar y fiscalizar el transporte terrestre de jurisdicci\u00f3n nacional a lo largo y ancho del pa\u00eds. Durante el gobierno anterior, y de la mano de pol\u00edticas de ajuste sobre todo el organigrama estatal nacional, el organismo fue desguazado, quedando el control del transporte terrestre totalmente desguarnecido. &#8220;Hubo un plan sistem\u00e1tico de achicamiento del Estado que hizo que \u00e1reas tan sensibles de control como la CNRT fueran vaciadas, con los riesgos que ello implica a la seguridad de cada una de nosotros y nosotras a la hora de viajar&#8221;, explic\u00f3 Federico Giuliani, Secretario General de ATE C\u00f3rdoba. &#8220;Para volver a poner de pie al Estado y a los derechos del pueblo es que nos organizamos y armamos la Comisi\u00f3n de Relevamiento y Reincorporaci\u00f3n de Desdpedidas\/os en la Era Macri (CORREDMA) en ATE: primero para reconocernos y conformar una fuerza que nos permita echarlo a Macri y, despu\u00e9s, exigirle a este Gobierno que cumpla reincorporando a los m\u00e1s de 700 trabajadoras y trabajadores despedidos del Estado Nacional en nuestra Provincia y a las decenas de miles a lo largo del pa\u00eds&#8221;, enfatiz\u00f3 Giuliani. &#8220;Por eso celebramos esta tercera reincorporporaci\u00f3n en CNRT: porque fue el fruto de la lucha de ATE y porque cada vez que una compa\u00f1era vuelve a su lugar de trabajo sabemos que es una familia m\u00e1s que vuelve a recuperar, al menos en parte, la tranquilidad de tener un sustento fruto de sus esfuerzo por garantizar derechos que son para todas y todos&#8221;, subray\u00f3 el Secretario General de ATE C\u00f3rdoba.<\/p>\n\n\n\n<p><strong>Testimonio<\/strong><\/p>\n\n\n\n<p>&#8220;No entra en mi cuerpo la felicidad, hoy por fin lleg\u00f3 ese d\u00eda tan deseado en que me llamaran, despu\u00e9s de tanto esperar, de tanto luchar, para devolverme el trabajo que me hab\u00eda arrebatado injustamente el macrismo&#8221;, expres\u00f3 emocionada Paola Rojas, la trabajadora que, tras diez a\u00f1os de contrato y con una hija a cargo -siendo \u00fanica sost\u00e9n de familia-, hab\u00eda sido despedida sin causa por el macrismo en noviembre de 2017. &#8220;A partir del primero de diciembre debo presentarme en la parte de fiscalizaci\u00f3n, por los operativos de verano, &#8220;a prueba&#8221;, pero con la perspectiva luego de seguir en el organismo&#8221;, explic\u00f3 la reincorporada. &#8220;Por ah\u00ed uno pierde las esperanzas de que esto fuera a suceder, pero ah\u00ed ha estado siempre ATE para que no bajemos los brazos, para que sigamos adelante peleando por lo propio y por lo que es para todos&#8221;, destac\u00f3 la trabajadora.&nbsp;<\/p>\n\n\n\n<p>El despido a Rojas le implic\u00f3, como puede imaginarse, una desorganizaci\u00f3n total de su vida. Ella debi\u00f3 &#8220;arregl\u00e1rselas&#8221;, seg\u00fan comenta, con un trabajo a tiempo parcial de administrativa en un consultorio m\u00e9dico. Trabajo que fluct\u00faa con la demanda del propio consultorio y que no garantiza las condiciones m\u00ednimas de vida de ella y su hija. &#8220;La verdad han sido tiempos muy dif\u00edciles. Mi hija es asm\u00e1tica y se qued\u00f3 sin obra social y con una mam\u00e1 teniendo que hacer milagros para sostener la situaci\u00f3n. Afortunadamente cont\u00e9 con la ayuda de mis padres, pero todo esto que he pasado no se lo deseo a nadie&#8221;, expres\u00f3 Rojas.<\/p>\n\n\n\n<p>&#8220;Estoy verdaderamente muy contenta y totalmente agradecida a ATE porque fue el \u00fanico gremio que se interes\u00f3 y luch\u00f3 por nuestra situaci\u00f3n&#8221;, enfatiz\u00f3 la despedida quien incit\u00f3 a quienes a\u00fan no han sido reincorporados\/as a que &#8220;sigan organiz\u00e1ndose, luchando en ATE, porque las injusticias deben repararse y debe volver cada cual a sus puestos de trabajo&#8221; y complet\u00f3 &#8220;yo, como cada reincorporado y reincorporada gracias a la lucha de ATE, tenemos que seguir luchando para que lo que logramos para nosotros\/as les llegue a todos\/as, que es la tranquilidad de tener trabajo y poder sostenerse a una misma y su familia&#8221;.<\/p>\n","protected":false},"excerpt":{"rendered":"<p>La Comisi\u00f3n Nacional de Regulaci\u00f3n del Transporte (CNRT) es un organismo descentralizado estatal dependiente del Ministerio de Transporte de la Rep\u00fablica Argentina que tiene como objetivo controlar y fiscalizar el transporte terrestre de jurisdicci\u00f3n nacional a lo largo y ancho del pa\u00eds. Durante el gobierno anterior, y de la mano de pol\u00edticas de ajuste sobre [&hellip;]<\/p>\n","protected":false},"author":6,"featured_media":28861,"comment_status":"open","ping_status":"open","sticky":false,"template":"","format":"standard","meta":{"_exactmetrics_skip_tracking":false,"_exactmetrics_sitenote_active":false,"_exactmetrics_sitenote_note":"","_exactmetrics_sitenote_category":0,"jnews-multi-image_gallery":[],"jnews_single_post":{"subtitle":"Se trata de Paola Rojas, una trabajadora que, en 2017 y con 10 a\u00f1os de antig\u00fcedad, hab\u00eda sido despedida sin causa por el macrismo.","format":"standard","video":"","gallery":"","source_name":"","source_url":"","via_name":"","via_url":"","override":[{"template":"1","single_blog_custom":"","parallax":"1","fullscreen":"1","layout":"right-sidebar","sidebar":"default-sidebar","second_sidebar":"default-sidebar","sticky_sidebar":"1","share_position":"top","share_float_style":"share-monocrhome","show_share_counter":"1","show_view_counter":"1","show_featured":"1","show_post_meta":"1","show_post_author":"1","show_post_author_image":"1","show_post_date":"1","post_date_format":"default","post_date_format_custom":"Y\/m\/d","show_post_category":"1","post_reading_time_wpm":"300","zoom_button_out_step":"2","zoom_button_in_step":"3","show_post_tag":"1","show_prev_next_post":"1","show_popup_post":"1","number_popup_post":"1"}],"image_override":[{"single_post_thumbnail_size":"crop-500","single_post_gallery_size":"crop-500"}],"trending_post_position":"meta","trending_post_label":"Trending","sponsored_post_label":"Sponsored by","sponsored_post_name":"","sponsored_post_url":"","sponsored_post_logo":"","sponsored_post_desc":""},"jnews_primary_category":{"id":""},"jnews_social_meta":[],"jnews_review":[],"enable_review":"","type":"","name":"","summary":"","brand":"","sku":"","good":[],"bad":[],"score_override":"","override_value":"","rating":[],"price":[],"jnews_override_counter":[],"jnews_post_split":[],"footnotes":""},"categories":[341,152,18],"tags":[],"class_list":["post-28859","post","type-post","status-publish","format-standard","has-post-thumbnail","hentry","category-cdp","category-despedidos","category-nacionales"],"jetpack_featured_media_url":"https:\/\/atecordoba.org\/wp-content\/uploads\/2021\/11\/Paola_Rojas_CNRT.jpg","_links":{"self":[{"href":"https:\/\/atecordoba.org\/index.php?rest_route=\/wp\/v2\/posts\/28859","targetHints":{"allow":["GET"]}}],"collection":[{"href":"https:\/\/atecordoba.org\/index.php?rest_route=\/wp\/v2\/posts"}],"about":[{"href":"https:\/\/atecordoba.org\/index.php?rest_route=\/wp\/v2\/types\/post"}],"author":[{"embeddable":true,"href":"https:\/\/atecordoba.org\/index.php?rest_route=\/wp\/v2\/users\/6"}],"replies":[{"embeddable":true,"href":"https:\/\/atecordoba.org\/index.php?rest_route=%2Fwp%2Fv2%2Fcomments&post=28859"}],"version-history":[{"count":2,"href":"https:\/\/atecordoba.org\/index.php?rest_route=\/wp\/v2\/posts\/28859\/revisions"}],"predecessor-version":[{"id":28863,"href":"https:\/\/atecordoba.org\/index.php?rest_route=\/wp\/v2\/posts\/28859\/revisions\/28863"}],"wp:featuredmedia":[{"embeddable":true,"href":"https:\/\/atecordoba.org\/index.php?rest_route=\/wp\/v2\/media\/28861"}],"wp:attachment":[{"href":"https:\/\/atecordoba.org\/index.php?rest_route=%2Fwp%2Fv2%2Fmedia&parent=28859"}],"wp:term":[{"taxonomy":"category","embeddable":true,"href":"https:\/\/atecordoba.org\/index.php?rest_route=%2Fwp%2Fv2%2Fcategories&post=28859"},{"taxonomy":"post_tag","embeddable":true,"href":"https:\/\/atecordoba.org\/index.php?rest_route=%2Fwp%2Fv2%2Ftags&post=28859"}],"curies":[{"name":"wp","href":"https:\/\/api.w.org\/{rel}","templated":true}]}}