{"id":28853,"date":"2021-11-10T13:56:28","date_gmt":"2021-11-10T16:56:28","guid":{"rendered":"https:\/\/atecordoba.org\/?p=28853"},"modified":"2021-11-10T15:00:20","modified_gmt":"2021-11-10T18:00:20","slug":"inspeccion-en-la-secretaria-de-agricultura-familiar","status":"publish","type":"post","link":"https:\/\/atecordoba.org\/?p=28853","title":{"rendered":"Inspecci\u00f3n en la Secretar\u00eda de Agricultura Familiar"},"content":{"rendered":"\n<div class=\"wp-block-image\"><figure class=\"aligncenter size-large is-resized\"><img loading=\"lazy\" decoding=\"async\" src=\"https:\/\/atecordoba.org\/wp-content\/uploads\/2021\/11\/IMG-20211110-WA0185-768x1024.jpg\" alt=\"\" class=\"wp-image-28854\" width=\"576\" height=\"768\" \/><\/figure><\/div>\n\n\n\n<p>Dando continuidad al plan de inspecciones en materia de higiene de seguridad en el trabajo, el Departamento de Salud Laboral de ATE C\u00f3rdoba, encabezado por su responsable -el compa\u00f1ero Mat\u00edas Giuliani- estuvo recorriendo las oficinas de la Secretaria de Agricultura Familiar (SAF), en C\u00f3rdoba Capital, a los fines de garantizar que la vuelta a la presencialidad plena sea bajo protocolo sanitario seguros y estrictos, y condiciones y medio ambiente de trabajo dignas.<\/p>\n\n\n\n<p>Tambi\u00e9n estuvo presente el paritario nacional Cymat e integrante del Departamento de Salud Laboral de nuestro Consejo Directivo Provincial, Javier Bracamonte.<\/p>\n\n\n\n<p>&#8220;Hicimos una recorrida relevando el lugar, con lo cual se labrar\u00e1 el correspondiente informe del nivel de cumplimiento de la legislaci\u00f3n vigente en materia de higiene y seguridad laboral, para luego elevar a las autoridades y exigir las mejoras que hagan falta&#8221;, resumi\u00f3 Giuliani.<\/p>\n\n\n\n<p><\/p>\n","protected":false},"excerpt":{"rendered":"<p>Dando continuidad al plan de inspecciones en materia de higiene de seguridad en el trabajo, el Departamento de Salud Laboral de ATE C\u00f3rdoba, encabezado por su responsable -el compa\u00f1ero Mat\u00edas Giuliani- estuvo recorriendo las oficinas de la Secretaria de Agricultura Familiar (SAF), en C\u00f3rdoba Capital, a los fines de garantizar que la vuelta a la [&hellip;]<\/p>\n","protected":false},"author":7,"featured_media":28854,"comment_status":"open","ping_status":"open","sticky":false,"template":"","format":"standard","meta":{"_exactmetrics_skip_tracking":false,"_exactmetrics_sitenote_active":false,"_exactmetrics_sitenote_note":"","_exactmetrics_sitenote_category":0,"jnews-multi-image_gallery":[],"jnews_single_post":{"subtitle":"El Departamento de Salud Laboral del Consejo Directivo Provincial se hizo presente hoy en la repartici\u00f3n.","format":"standard","video":"","gallery":"","source_name":"","source_url":"","via_name":"","via_url":"","override":[{"template":"1","single_blog_custom":"","parallax":"1","fullscreen":"1","layout":"right-sidebar","sidebar":"default-sidebar","second_sidebar":"default-sidebar","sticky_sidebar":"1","share_position":"top","share_float_style":"share-monocrhome","show_share_counter":"1","show_view_counter":"1","show_featured":"1","show_post_meta":"1","show_post_author":"1","show_post_author_image":"1","show_post_date":"1","post_date_format":"default","post_date_format_custom":"Y\/m\/d","show_post_category":"1","post_reading_time_wpm":"300","zoom_button_out_step":"2","zoom_button_in_step":"3","show_post_tag":"1","show_prev_next_post":"1","show_popup_post":"1","number_popup_post":"1"}],"image_override":[{"single_post_thumbnail_size":"crop-500","single_post_gallery_size":"crop-500"}],"trending_post_position":"meta","trending_post_label":"Trending","sponsored_post_label":"Sponsored by","sponsored_post_name":"","sponsored_post_url":"","sponsored_post_logo":"","sponsored_post_desc":""},"jnews_primary_category":{"id":""},"jnews_social_meta":[],"jnews_review":[],"enable_review":"","type":"","name":"","summary":"","brand":"","sku":"","good":[],"bad":[],"score_override":"","override_value":"","rating":[],"price":[],"jnews_override_counter":[],"jnews_post_split":[],"footnotes":""},"categories":[549],"tags":[962],"class_list":["post-28853","post","type-post","status-publish","format-standard","has-post-thumbnail","hentry","category-cymat","tag-secretaria-de-agricultura-familiar"],"jetpack_featured_media_url":"https:\/\/atecordoba.org\/wp-content\/uploads\/2021\/11\/IMG-20211110-WA0185-e1636563234863.jpg","_links":{"self":[{"href":"https:\/\/atecordoba.org\/index.php?rest_route=\/wp\/v2\/posts\/28853","targetHints":{"allow":["GET"]}}],"collection":[{"href":"https:\/\/atecordoba.org\/index.php?rest_route=\/wp\/v2\/posts"}],"about":[{"href":"https:\/\/atecordoba.org\/index.php?rest_route=\/wp\/v2\/types\/post"}],"author":[{"embeddable":true,"href":"https:\/\/atecordoba.org\/index.php?rest_route=\/wp\/v2\/users\/7"}],"replies":[{"embeddable":true,"href":"https:\/\/atecordoba.org\/index.php?rest_route=%2Fwp%2Fv2%2Fcomments&post=28853"}],"version-history":[{"count":2,"href":"https:\/\/atecordoba.org\/index.php?rest_route=\/wp\/v2\/posts\/28853\/revisions"}],"predecessor-version":[{"id":28858,"href":"https:\/\/atecordoba.org\/index.php?rest_route=\/wp\/v2\/posts\/28853\/revisions\/28858"}],"wp:featuredmedia":[{"embeddable":true,"href":"https:\/\/atecordoba.org\/index.php?rest_route=\/wp\/v2\/media\/28854"}],"wp:attachment":[{"href":"https:\/\/atecordoba.org\/index.php?rest_route=%2Fwp%2Fv2%2Fmedia&parent=28853"}],"wp:term":[{"taxonomy":"category","embeddable":true,"href":"https:\/\/atecordoba.org\/index.php?rest_route=%2Fwp%2Fv2%2Fcategories&post=28853"},{"taxonomy":"post_tag","embeddable":true,"href":"https:\/\/atecordoba.org\/index.php?rest_route=%2Fwp%2Fv2%2Ftags&post=28853"}],"curies":[{"name":"wp","href":"https:\/\/api.w.org\/{rel}","templated":true}]}}