{"id":28849,"date":"2021-11-10T11:19:29","date_gmt":"2021-11-10T14:19:29","guid":{"rendered":"https:\/\/atecordoba.org\/?p=28849"},"modified":"2021-11-10T11:22:14","modified_gmt":"2021-11-10T14:22:14","slug":"a-25-anos-del-congreso-de-la-cta-en-luna-park-la-etapa-del-capitalismo-se-basa-en-la-acumulacion-de-excedentes-logrados-a-traves-de-superexplotacion","status":"publish","type":"post","link":"https:\/\/atecordoba.org\/?p=28849","title":{"rendered":"A 25 a\u00f1os del Congreso de la CTA en Luna Park: &#8220;la etapa del capitalismo se basa en la acumulaci\u00f3n de excedentes logrados a trav\u00e9s de superexplotaci\u00f3n&#8221;"},"content":{"rendered":"\n<div class=\"wp-block-image\"><figure class=\"alignright size-large\"><img decoding=\"async\" src=\"https:\/\/atecordoba.org\/wp-content\/uploads\/2021\/11\/pipon-giuliani.jpg\" alt=\"\" class=\"wp-image-28850\" \/><\/figure><\/div>\n\n\n\n<p>Tras cumplirse el pasado 5 de noviembre los 25 a\u00f1os del congreso fundacional de la Central de Trabajadores de Argentina, ocurrido en 1996, Juan Carlos Pip\u00f3n Giuliani, relat\u00f3 para el programa radial &#8216;Entre todos y todas, que la Secretaria de Prensa de ATE C\u00f3rdoba emite cada martes a las 18 horas por GENFM 107.5, la historia de la Central, sus principios fundantes, en qu\u00e9 contexto se produjo el Congreso del Luna Park para dar un pantallazo  de la actualidad del movimeinto obreor en Argentina. <\/p>\n\n\n\n<p>La celebraci\u00f3n de esta fecha hist\u00f3rica de la organizaci\u00f3n sindical, que naci\u00f3 en pleno menemismo como alternativa al entreguismo de la CGT, <a href=\"https:\/\/ctaa.org.ar\/cta-25-anos-de-resistencia-y-poder-popular\/\">cont\u00f3 con un acto en la sede de Ciudad de Buenos Aires de la Central de Trabajadores de Argentina Aut\u00f3noma (CTAA)<\/a>, con la participaci\u00f3n de sus principales dirigentes nacionales. <\/p>\n\n\n\n<p>Consultado sobre sus recuerdos de los comienzos de la CTA, Giuliani evoc\u00f3 &#8220;el Grito de Burzaco, en 1991, que es cuando un grupo de organizaciones sindicales, entre otras ATE impulsada por V\u00edctor De Gennaro, deciden comenzar a discutir un nuevo modelo sindical que genere como alternativa al unicato que representa la CGT en plena \u00e9poca del menemismo. Esta central estaba absolutamente subordinada al proyecto pol\u00edtico, econ\u00f3mico, social y cultural de entrega y enajenaci\u00f3n de la riqueza nacional y, por lo tanto, ya la incipiente CTA, llamada Congreso de los Trabajadores Argentinos, nace desde entonces era combativa y de signo revolucionario, si se quiere&#8221;.<\/p>\n\n\n\n<p>&#8220;A partir de all\u00ed, prosigui\u00f3 el dirigente, se suceden una serie de acontecimientos: en 1992 en Corrientes se da el \u2019Zapucay\u2019, una especie de grito donde se vuelve a ratificar la necesidad de construir una central que fije la autonom\u00eda de los patrones, los partidos y los gobiernos de turno; en 1996 se hace el congreso en el Luna Park donde se decide fundar la Central de Trabajadores Argentinos. Hay que tener en cuenta que la CGT era una referencia insoslayable \u00b4para el movimiento obrero y cost\u00f3 mucho crear otra central&#8221;.<\/p>\n\n\n\n<p><strong>Actualidad<\/strong><\/p>\n\n\n\n<p>Para Giuliani, &#8220;hoy, a 25 a\u00f1os del Congreso de Luna Park, la Central est\u00e1 vivita y coleando, con sus m\u00e1s y sus menos, con sus imperfecciones, con una divisi\u00f3n a cuestas en este periodo, pero siempre planteando la necesidad de diferenciarse del otro modelo sindical&#8221;.<\/p>\n\n\n\n<p>&#8220;La CGT es una confederaci\u00f3n de sindicatos por lo tanto para la CGT solo es trabajador el que est\u00e1 afiliado y el que est\u00e1 con trabajo registrado. Para nosotros la afiliaci\u00f3n es directa. Todos somos trabajadores, estemos en blanco, en negro o autogestionados, estemos activos, jubilados, trabajadores del Estado, del sector privado, del territorio. Es una conformaci\u00f3n que trata de dar respuesta al nuevo sujeto hist\u00f3rico que hoy conforma la clase, teniendo en cuenta que el 50% de la fuerza de trabajo hoy est\u00e1 precarizada. Son monotributistas, tienen contratos basura, se les paga una parte del sueldo en negro, la verdad es que el universo de trabajadores registrados es la minor\u00eda en la actualidad&#8221;, apunto el dirigente desde su R\u00edo Cuarto natal.<\/p>\n\n\n\n<div class=\"wp-block-image\"><figure class=\"aligncenter size-large is-resized\"><img loading=\"lazy\" decoding=\"async\" src=\"https:\/\/atecordoba.org\/wp-content\/uploads\/2021\/11\/9_11_Pipon-1024x337.jpeg\" alt=\"\" class=\"wp-image-28851\" width=\"768\" height=\"253\" srcset=\"https:\/\/atecordoba.org\/wp-content\/uploads\/2021\/11\/9_11_Pipon-1024x337.jpeg 1024w, https:\/\/atecordoba.org\/wp-content\/uploads\/2021\/11\/9_11_Pipon-300x99.jpeg 300w, https:\/\/atecordoba.org\/wp-content\/uploads\/2021\/11\/9_11_Pipon-768x252.jpeg 768w, https:\/\/atecordoba.org\/wp-content\/uploads\/2021\/11\/9_11_Pipon-750x247.jpeg 750w, https:\/\/atecordoba.org\/wp-content\/uploads\/2021\/11\/9_11_Pipon-1140x375.jpeg 1140w, https:\/\/atecordoba.org\/wp-content\/uploads\/2021\/11\/9_11_Pipon.jpeg 1223w\" sizes=\"auto, (max-width: 768px) 100vw, 768px\" \/><\/figure><\/div>\n\n\n\n<p>Y profundiz\u00f3: &#8220;hay que aclarar que esta etapa del capitalismo se basa en la acumulaci\u00f3n de excedentes en la renta y en la plusval\u00eda que se logran a trav\u00e9s de superexplotaci\u00f3n. No es solo que los trabajadores informales cobren por debajo del salario m\u00ednimo vital y m\u00f3vil. Gran parte de los trabajadores registrados no alcanzan a cubrir el salario m\u00ednimo vital y m\u00f3vil, son pobres. Entonces lo que hay es un empobrecimiento general de los sectores populares y de la clase trabajadora en general que nos lleva a plantear cuestiones de fondo. No se puede seguir abrevando en la fuente del posibilismo y del progresismo que te dicen \u2018no hay que tirar de la cuerda\u2019 o \u2018no hagamos olas\u2019 o \u2018no hagamos l\u00edo\u2019, a diferencia de lo que dicen el Papa Francisco, que dice que hay que hacer kilombo para que te escuchen. Sobre todo, los j\u00f3venes. El trabajo del siglo XXI es esta nueva esclavitud que vemos en los pibes y las pibas de los deliverys, con Pedidos Ya!, Rappi, con Glovo. Si esa es la vida que nos espera a esta altura del desarrollo de la humanidad, es realmente intolerable&#8221;.<\/p>\n\n\n\n<p><strong>Salario universal<\/strong><\/p>\n\n\n\n<p>Frente a este panorama &#8220;la CTA est\u00e1 planteando es que no debe haber ning\u00fan hogar por debajo de la l\u00ednea de la pobreza, est\u00e1 proponiendo la necesidad de que el gobierno aplique un \u2018salario universal\u2019, un ingreso para todos aquellos que no cobran un salario formal, de trabajador registrado, para tener al menos un piso que permita solventar las necesidades b\u00e1sicas. Y a partir de ah\u00ed comenzar la pelea en serio pro la distribuci\u00f3n de la riqueza&#8221;.<\/p>\n\n\n\n<p>Adem\u00e1s se\u00f1al\u00f3 que &#8220;hay un tema que es claro: nosotros no comulgamos con la idea que \u2018cuanto peor, mejor\u2019. El Cordobazo lo hicieron trabajadores con los sueldos m\u00e1s altos de la actividad industrial, los obreros de la Fiat, de Renault, de Perkings, de Luz y Fuerza, de UTA, y fueron ellos los que construyeron el Cordobazo. No se puede salir a pelear por las cuestiones de fondo con salarios de hambre. Por lo tanto, hay que recomponer un piso y a partir de ah\u00ed si generar los niveles de conciencia y de organizaci\u00f3n que nos pongan en capacidad de disputar en serio la riqueza de nuestro pa\u00eds&#8221;.<\/p>\n\n\n\n<p>Se puede escuchar la entrevista completa ingresando <a href=\"https:\/\/ar.radiocut.fm\/audiocut\/juan-carlos-pipon-giuliani-25-anos-cta\/\">ac\u00e1<\/a>.<\/p>\n","protected":false},"excerpt":{"rendered":"<p>Tras cumplirse el pasado 5 de noviembre los 25 a\u00f1os del congreso fundacional de la Central de Trabajadores de Argentina, ocurrido en 1996, Juan Carlos Pip\u00f3n Giuliani, relat\u00f3 para el programa radial &#8216;Entre todos y todas, que la Secretaria de Prensa de ATE C\u00f3rdoba emite cada martes a las 18 horas por GENFM 107.5, la [&hellip;]<\/p>\n","protected":false},"author":7,"featured_media":28850,"comment_status":"open","ping_status":"open","sticky":false,"template":"","format":"standard","meta":{"_exactmetrics_skip_tracking":false,"_exactmetrics_sitenote_active":false,"_exactmetrics_sitenote_note":"","_exactmetrics_sitenote_category":0,"jnews-multi-image_gallery":[],"jnews_single_post":{"subtitle":"El dirigente ceteatista relat\u00f3 el esp\u00edritu fundacional de la Central de Trabajadores de la Argentina Aut\u00f3noma (CTAA) y analiz\u00f3 la actualidad del movimiento obrero.","format":"standard","video":"","gallery":"","source_name":"","source_url":"","via_name":"","via_url":"","override":[{"template":"1","single_blog_custom":"","parallax":"1","fullscreen":"1","layout":"right-sidebar","sidebar":"default-sidebar","second_sidebar":"default-sidebar","sticky_sidebar":"1","share_position":"top","share_float_style":"share-monocrhome","show_share_counter":"1","show_view_counter":"1","show_featured":"1","show_post_meta":"1","show_post_author":"1","show_post_author_image":"1","show_post_date":"1","post_date_format":"default","post_date_format_custom":"Y\/m\/d","show_post_category":"1","post_reading_time_wpm":"300","zoom_button_out_step":"2","zoom_button_in_step":"3","show_post_tag":"1","show_prev_next_post":"1","show_popup_post":"1","number_popup_post":"1"}],"image_override":[{"single_post_thumbnail_size":"crop-500","single_post_gallery_size":"crop-500"}],"trending_post_position":"meta","trending_post_label":"Trending","sponsored_post_label":"Sponsored by","sponsored_post_name":"","sponsored_post_url":"","sponsored_post_logo":"","sponsored_post_desc":""},"jnews_primary_category":{"id":""},"jnews_social_meta":[],"jnews_review":[],"enable_review":"","type":"","name":"","summary":"","brand":"","sku":"","good":[],"bad":[],"score_override":"","override_value":"","rating":[],"price":[],"jnews_override_counter":[],"jnews_post_split":[],"footnotes":""},"categories":[92],"tags":[961],"class_list":["post-28849","post","type-post","status-publish","format-standard","has-post-thumbnail","hentry","category-cta","tag-25-anos-congreso-luna-park"],"jetpack_featured_media_url":"https:\/\/atecordoba.org\/wp-content\/uploads\/2021\/11\/pipon-giuliani-e1636553951276.jpg","_links":{"self":[{"href":"https:\/\/atecordoba.org\/index.php?rest_route=\/wp\/v2\/posts\/28849","targetHints":{"allow":["GET"]}}],"collection":[{"href":"https:\/\/atecordoba.org\/index.php?rest_route=\/wp\/v2\/posts"}],"about":[{"href":"https:\/\/atecordoba.org\/index.php?rest_route=\/wp\/v2\/types\/post"}],"author":[{"embeddable":true,"href":"https:\/\/atecordoba.org\/index.php?rest_route=\/wp\/v2\/users\/7"}],"replies":[{"embeddable":true,"href":"https:\/\/atecordoba.org\/index.php?rest_route=%2Fwp%2Fv2%2Fcomments&post=28849"}],"version-history":[{"count":1,"href":"https:\/\/atecordoba.org\/index.php?rest_route=\/wp\/v2\/posts\/28849\/revisions"}],"predecessor-version":[{"id":28852,"href":"https:\/\/atecordoba.org\/index.php?rest_route=\/wp\/v2\/posts\/28849\/revisions\/28852"}],"wp:featuredmedia":[{"embeddable":true,"href":"https:\/\/atecordoba.org\/index.php?rest_route=\/wp\/v2\/media\/28850"}],"wp:attachment":[{"href":"https:\/\/atecordoba.org\/index.php?rest_route=%2Fwp%2Fv2%2Fmedia&parent=28849"}],"wp:term":[{"taxonomy":"category","embeddable":true,"href":"https:\/\/atecordoba.org\/index.php?rest_route=%2Fwp%2Fv2%2Fcategories&post=28849"},{"taxonomy":"post_tag","embeddable":true,"href":"https:\/\/atecordoba.org\/index.php?rest_route=%2Fwp%2Fv2%2Ftags&post=28849"}],"curies":[{"name":"wp","href":"https:\/\/api.w.org\/{rel}","templated":true}]}}