{"id":2884,"date":"2013-06-12T17:07:10","date_gmt":"2013-06-12T20:07:10","guid":{"rendered":"http:\/\/www.atecordoba.org\/?p=2884"},"modified":"2013-06-12T17:07:10","modified_gmt":"2013-06-12T20:07:10","slug":"trabajadores-de-las-ffaa-discutieron-la-unificacion-de-sus-obras-sociales-antes-de-una-reunion-con-autoridades-de-defensa","status":"publish","type":"post","link":"https:\/\/atecordoba.org\/?p=2884","title":{"rendered":"Trabajadores de las FFAA discutieron la unificaci\u00f3n de sus obras sociales antes de una reuni\u00f3n con autoridades de Defensa"},"content":{"rendered":"<p><em>El decreto de necesidad y urgencia que unifica las obras sociales de las Fuerzas Armadas gener\u00f3 incertidumbre entre los trabajadores de las instituciones y tambi\u00e9n entre los usuarios, trabajadores civiles de las fuerzas. Es por ello que el CDN los reuni\u00f3 para acordar una serie de puntos que fueron manifestados en un encuentro con Germ\u00e1n Mart\u00ednez, nuevo Subsecretario de Coordinaci\u00f3n T\u00e9cnica del Ministerio de Defensa, quien se comprometi\u00f3 en breve a brindar respuestas.<\/em><\/p>\n<p><a href=\"http:\/\/www.atecordoba.org\/wp-content\/uploads\/2013\/06\/personal-civil-bsas.jpg\"><img loading=\"lazy\" decoding=\"async\" class=\"aligncenter size-full wp-image-2885\" title=\"personal civil -bsas\" src=\"http:\/\/www.atecordoba.org\/wp-content\/uploads\/2013\/06\/personal-civil-bsas.jpg\" alt=\"\" width=\"310\" height=\"137\" \/><\/a><\/p>\n<p>De acuerdo al DNU 637\/13 del 5 de junio pasado, el gobierno nacional cre\u00f3 el Instituto de Obra Social de las Fuerzas Armadas (IOSFA), una medida que inst\u00f3 al Secretario General de ATE, Julio Fuentes, a su adjunto, Hugo Godoy, y a la Secretaria de Organizaci\u00f3n, Silvia Le\u00f3n, a analizarlo y tomar una posici\u00f3n junto con los trabajadores de las obras sociales que ahora se estar\u00edan unificando y los compa\u00f1eros que desempe\u00f1an tareas civiles en las Fuerzas Armadas.<\/p>\n<p>\u201cEra importante la opini\u00f3n de los trabajadores y los usuarios, porque a nuestro entender, como fue corroborado, al decreto le faltan definiciones. Nos pareci\u00f3 que estaba bien, pero tienen que estar incluidas ciertas cuestiones\u201d, expres\u00f3 Silvia Le\u00f3n. Estas definiciones son el universo de trabajadores involucrados en la reestructuraci\u00f3n, la situaci\u00f3n del alto porcentaje de compa\u00f1eros precarizados y las prestaciones que ofrecer\u00e1 el IOSFA.<\/p>\n<p><a href=\"http:\/\/www.atecordoba.org\/wp-content\/uploads\/2013\/06\/personal-civil2.jpg\"><img loading=\"lazy\" decoding=\"async\" class=\"aligncenter size-full wp-image-2886\" title=\"personal civil2\" src=\"http:\/\/www.atecordoba.org\/wp-content\/uploads\/2013\/06\/personal-civil2.jpg\" alt=\"\" width=\"448\" height=\"207\" \/><\/a><\/p>\n<p>Tras la solicitud de entrevista que el CDN solicitara al ministro de Defensa Agust\u00edn Rossi, el flamante subsecretario Germ\u00e1n Mart\u00ednez recibi\u00f3 a la comitiva de ATE encabezada por Le\u00f3n, Alejandro Garz\u00f3n (Secretario Gremial), Eduardo De Gennaro (Secretario Administrativo) y Jos\u00e9 Luis Matassa (titular de ATE Capital), quienes le plantearon las dudas alrededor del decreto.<\/p>\n<p>\u201cAdem\u00e1s le hicimos saber nuestro inter\u00e9s en la continuidad del \u00e1mbito del convenio colectivo para los trabajadores civiles de las FFAA, postergado por el recambio de autoridades; y las inquietudes sobre la transferencia del presupuesto de Fabricaciones Militares desde el ministerio de Planificaci\u00f3n al de Defensa\u201d, indic\u00f3 Le\u00f3n.<\/p>\n<p>A estos ejes se le sumaron dos preocupaciones m\u00e1s: una es la desigualdad en el aporte del personal a la obra social (los militares transfieren el 4% de su salario, mientras que los civiles el 6%). La otra es c\u00f3mo participar\u00e1n los trabajadores del directorio del IOSFA.<\/p>\n<p>\u201cMart\u00ednez, en nombre del ministerio, se mostr\u00f3 de acuerdo en abrir la participaci\u00f3n a los trabajadores, con quienes no quiere conflictos. Al respecto, nos dar\u00eda mayores precisiones. Sobre el sostenimiento del presupuesto de Fabricaciones militares, dijo que se traspasar\u00edan con la plata necesaria para todos los trabajadores. Para profundizar sobre este aspecto, se comprometi\u00f3 tambi\u00e9n a coordinar una reuni\u00f3n con el flamante interventor Santiago Rodr\u00edguez\u201d, detall\u00f3 la Secretaria de Organizaci\u00f3n.<\/p>\n","protected":false},"excerpt":{"rendered":"<p>El decreto de necesidad y urgencia que unifica las obras sociales de las Fuerzas Armadas gener\u00f3 incertidumbre entre los trabajadores de las instituciones y tambi\u00e9n entre los usuarios, trabajadores civiles de las fuerzas. Es por ello que el CDN los reuni\u00f3 para acordar una serie de puntos que fueron manifestados en un encuentro con Germ\u00e1n [&hellip;]<\/p>\n","protected":false},"author":1,"featured_media":19220,"comment_status":"open","ping_status":"open","sticky":false,"template":"","format":"standard","meta":{"_exactmetrics_skip_tracking":false,"_exactmetrics_sitenote_active":false,"_exactmetrics_sitenote_note":"","_exactmetrics_sitenote_category":0,"jnews-multi-image_gallery":[],"jnews_single_post":[],"jnews_primary_category":[],"jnews_social_meta":[],"jnews_review":[],"enable_review":"","type":"","name":"","summary":"","brand":"","sku":"","good":[],"bad":[],"score_override":"","override_value":"","rating":[],"price":[],"jnews_override_counter":[],"jnews_post_split":[],"footnotes":""},"categories":[18],"tags":[],"class_list":["post-2884","post","type-post","status-publish","format-standard","has-post-thumbnail","hentry","category-nacionales"],"jetpack_featured_media_url":"https:\/\/atecordoba.org\/wp-content\/uploads\/2020\/05\/logo-nuevochico-e1561581322808.png","_links":{"self":[{"href":"https:\/\/atecordoba.org\/index.php?rest_route=\/wp\/v2\/posts\/2884","targetHints":{"allow":["GET"]}}],"collection":[{"href":"https:\/\/atecordoba.org\/index.php?rest_route=\/wp\/v2\/posts"}],"about":[{"href":"https:\/\/atecordoba.org\/index.php?rest_route=\/wp\/v2\/types\/post"}],"author":[{"embeddable":true,"href":"https:\/\/atecordoba.org\/index.php?rest_route=\/wp\/v2\/users\/1"}],"replies":[{"embeddable":true,"href":"https:\/\/atecordoba.org\/index.php?rest_route=%2Fwp%2Fv2%2Fcomments&post=2884"}],"version-history":[{"count":0,"href":"https:\/\/atecordoba.org\/index.php?rest_route=\/wp\/v2\/posts\/2884\/revisions"}],"wp:featuredmedia":[{"embeddable":true,"href":"https:\/\/atecordoba.org\/index.php?rest_route=\/wp\/v2\/media\/19220"}],"wp:attachment":[{"href":"https:\/\/atecordoba.org\/index.php?rest_route=%2Fwp%2Fv2%2Fmedia&parent=2884"}],"wp:term":[{"taxonomy":"category","embeddable":true,"href":"https:\/\/atecordoba.org\/index.php?rest_route=%2Fwp%2Fv2%2Fcategories&post=2884"},{"taxonomy":"post_tag","embeddable":true,"href":"https:\/\/atecordoba.org\/index.php?rest_route=%2Fwp%2Fv2%2Ftags&post=2884"}],"curies":[{"name":"wp","href":"https:\/\/api.w.org\/{rel}","templated":true}]}}