{"id":28809,"date":"2021-11-08T11:53:26","date_gmt":"2021-11-08T14:53:26","guid":{"rendered":"https:\/\/atecordoba.org\/?p=28809"},"modified":"2021-11-08T11:58:54","modified_gmt":"2021-11-08T14:58:54","slug":"8-de-noviembre-ate-cordoba-saluda-a-las-y-los-municipales-en-su-dia","status":"publish","type":"post","link":"https:\/\/atecordoba.org\/?p=28809","title":{"rendered":"8 de noviembre: ATE C\u00f3rdoba saluda a las y los municipales en su d\u00eda"},"content":{"rendered":"\n<div data-video-id=\"\" class='wp-block-html5-player-video html5_video_players' class=\"wp-block-html5-player-video\" data-nonce=\"9450644a3d\" data-attributes=\"{&quot;source&quot;:&quot;https:\\\/\\\/atecordoba.org\\\/wp-content\\\/uploads\\\/2021\\\/11\\\/VID-20211108-WA0002-1.mp4&quot;,&quot;provider&quot;:&quot;self-hosted&quot;,&quot;imported&quot;:false,&quot;poster&quot;:&quot;&quot;,&quot;options&quot;:{&quot;controls&quot;:[&quot;play-large&quot;,&quot;play&quot;,&quot;progress&quot;,&quot;current-time&quot;,&quot;mute&quot;,&quot;volume&quot;,&quot;captions&quot;,&quot;settings&quot;,&quot;airplay&quot;,&quot;fullscreen&quot;],&quot;settings&quot;:[&quot;captions&quot;,&quot;quality&quot;,&quot;speed&quot;,&quot;loop&quot;],&quot;loadSprite&quot;:true,&quot;autoplay&quot;:false,&quot;playsinline&quot;:true,&quot;seekTime&quot;:10,&quot;volume&quot;:1,&quot;muted&quot;:false,&quot;hideControls&quot;:true,&quot;resetOnEnd&quot;:false,&quot;tooltips&quot;:{&quot;controls&quot;:true,&quot;seek&quot;:true},&quot;captions&quot;:{&quot;active&quot;:true,&quot;language&quot;:&quot;auto&quot;,&quot;update&quot;:true},&quot;ratio&quot;:null,&quot;storage&quot;:{&quot;enabled&quot;:true,&quot;key&quot;:&quot;plyr&quot;},&quot;speed&quot;:{&quot;options&quot;:[0.5,0.75,1,1.25,1.5,1.75,2,4]},&quot;loop&quot;:{&quot;active&quot;:false},&quot;ads&quot;:{&quot;enabled&quot;:true,&quot;tagUrl&quot;:null},&quot;urls&quot;:{&quot;enabled&quot;:false,&quot;download&quot;:null},&quot;markers&quot;:{&quot;enabled&quot;:false,&quot;points&quot;:[]},&quot;preload&quot;:&quot;metadata&quot;},&quot;features&quot;:{&quot;popup&quot;:{&quot;enabled&quot;:false,&quot;selector&quot;:null,&quot;hasBtn&quot;:false,&quot;type&quot;:&quot;button&quot;,&quot;btnText&quot;:&quot;Watch Video&quot;,&quot;align&quot;:&quot;center&quot;,&quot;btnStyle&quot;:{&quot;color&quot;:&quot;#fff&quot;,&quot;backgroundColor&quot;:&quot;#006BA1&quot;,&quot;fontSize&quot;:&quot;16px&quot;,&quot;padding&quot;:{&quot;top&quot;:&quot;10px&quot;,&quot;right&quot;:&quot;20px&quot;,&quot;bottom&quot;:&quot;10px&quot;,&quot;left&quot;:&quot;20px&quot;}},&quot;isTrigger&quot;:false},&quot;overlay&quot;:{&quot;enabled&quot;:false,&quot;items&quot;:[{&quot;color&quot;:&quot;#fff&quot;,&quot;backgroundColor&quot;:&quot;#333&quot;,&quot;fontSize&quot;:&quot;16px&quot;,&quot;link&quot;:&quot;&quot;,&quot;logo&quot;:&quot;&quot;,&quot;text&quot;:&quot;Simple Text&quot;,&quot;position&quot;:&quot;top_right&quot;,&quot;type&quot;:&quot;text&quot;,&quot;opacity&quot;:1}]},&quot;endScreen&quot;:{&quot;enabled&quot;:false,&quot;text&quot;:&quot;Simple Text&quot;,&quot;btnText&quot;:&quot;Visit&quot;,&quot;btnLink&quot;:&quot;&quot;,&quot;btnStyle&quot;:[]},&quot;thumbInPause&quot;:{&quot;enabled&quot;:false,&quot;type&quot;:&quot;default&quot;},&quot;watermark&quot;:{&quot;enabled&quot;:false,&quot;type&quot;:&quot;email&quot;,&quot;text&quot;:&quot;&quot;,&quot;color&quot;:&quot;#f00&quot;},&quot;passwordProtected&quot;:{&quot;enabled&quot;:false,&quot;errorMessage&quot;:&quot;Password didn&#039;t matched&quot;,&quot;heading&quot;:&quot;Please Entire the password to access the video&quot;,&quot;button&quot;:{&quot;text&quot;:&quot;Access&quot;,&quot;color&quot;:&quot;#222&quot;,&quot;backgroundColor&quot;:&quot;#ffffffe3&quot;},&quot;password&quot;:null},&quot;sticky&quot;:{&quot;enabled&quot;:false,&quot;position&quot;:&quot;top_right&quot;},&quot;playWhenVisible&quot;:false,&quot;disablePause&quot;:false,&quot;hideYoutubeUI&quot;:false,&quot;startTime&quot;:null,&quot;hideLoadingPlaceholder&quot;:false,&quot;saveState&quot;:false},&quot;onlyLoggedIn&quot;:{&quot;whoCanSeeThisVideo&quot;:&quot;everyone&quot;,&quot;allowedRoles&quot;:[],&quot;message&quot;:&quot;This video is only for registered users. Please login to view the video.&quot;},&quot;seo&quot;:{&quot;title&quot;:&quot;&quot;,&quot;description&quot;:&quot;&quot;,&quot;duration&quot;:&quot;&quot;},&quot;quality&quot;:[],&quot;subtitle&quot;:[{&quot;label&quot;:&quot;English\\\/en&quot;,&quot;caption_file&quot;:&quot;&quot;}],&quot;thumbInPause&quot;:false,&quot;hideYoutubeUI&quot;:false,&quot;autoplayWhenVisible&quot;:false,&quot;styles&quot;:{&quot;plyr_wrapper&quot;:{&quot;width&quot;:&quot;100%&quot;,&quot;borderRadius&quot;:&quot;0px&quot;,&quot;overflow&quot;:&quot;hidden&quot;},&quot;.plyr&quot;:{&quot;--plyr-color-main&quot;:&quot;#00b2ff&quot;}},&quot;CSS&quot;:&quot;&quot;,&quot;isCDURL&quot;:false,&quot;posterTime&quot;:20,&quot;chapters&quot;:[],&quot;controls&quot;:{&quot;play-large&quot;:true,&quot;restart&quot;:false,&quot;rewind&quot;:false,&quot;play&quot;:true,&quot;fast-forward&quot;:false,&quot;progress&quot;:true,&quot;current-time&quot;:true,&quot;duration&quot;:false,&quot;mute&quot;:true,&quot;volume&quot;:true,&quot;pip&quot;:false,&quot;airplay&quot;:false,&quot;settings&quot;:true,&quot;downlaod&quot;:false,&quot;fullscreen&quot;:true},&quot;brandColor&quot;:&quot;#00B3FF&quot;,&quot;width&quot;:{&quot;deprecated&quot;:true,&quot;number&quot;:100,&quot;unit&quot;:&quot;%&quot;},&quot;radius&quot;:{&quot;number&quot;:0,&quot;unit&quot;:&quot;px&quot;},&quot;repeat&quot;:false,&quot;autoplay&quot;:false,&quot;muted&quot;:false,&quot;sticky&quot;:false,&quot;stickyPosition&quot;:&quot;top-right&quot;,&quot;popup&quot;:false,&quot;popupType&quot;:&quot;button&quot;,&quot;playsinline&quot;:false,&quot;popupBtnStyle&quot;:{&quot;color&quot;:&quot;#fff&quot;,&quot;backgroundColor&quot;:&quot;#006BA1&quot;,&quot;fontSize&quot;:&quot;16px&quot;,&quot;padding&quot;:{&quot;top&quot;:&quot;10px&quot;,&quot;right&quot;:&quot;20px&quot;,&quot;bottom&quot;:&quot;10px&quot;,&quot;left&quot;:&quot;20px&quot;},&quot;align&quot;:&quot;center&quot;},&quot;popupBtnText&quot;:&quot;Watch Video&quot;,&quot;disablePause&quot;:false,&quot;thumbStyle&quot;:&quot;default&quot;,&quot;resetOnEnd&quot;:false,&quot;autoHideControl&quot;:true,&quot;protected&quot;:false,&quot;protectedText&quot;:&quot;Please enter password to wath the video&quot;,&quot;seekTime&quot;:10,&quot;startTime&quot;:0,&quot;preload&quot;:&quot;metadata&quot;,&quot;overlay&quot;:false,&quot;overlayPosition&quot;:&quot;top_right&quot;,&quot;overlayBackground&quot;:&quot;#333&quot;,&quot;overlayOpacity&quot;:0.8,&quot;overlayTextColor&quot;:&quot;#ffffff&quot;,&quot;overlayFontSize&quot;:{&quot;number&quot;:20,&quot;unit&quot;:&quot;px&quot;},&quot;overlayTextHoverColor&quot;:&quot;#ffffff&quot;,&quot;endScreen&quot;:{&quot;enabled&quot;:false,&quot;text&quot;:&quot;Simple Text&quot;,&quot;btnText&quot;:&quot;Watch Again&quot;,&quot;btnLink&quot;:&quot;&quot;,&quot;btnStyle&quot;:[]},&quot;endscreen&quot;:false,&quot;endscreenText&quot;:&quot;Endscreen text&quot;,&quot;endscreenTextLink&quot;:&quot;#&quot;,&quot;streaming&quot;:false,&quot;streamingType&quot;:&quot;hls&quot;,&quot;speed&quot;:{&quot;1&quot;:true,&quot;2&quot;:true,&quot;3&quot;:true,&quot;0.5&quot;:true,&quot;0.75&quot;:true,&quot;1.25&quot;:true,&quot;1.5&quot;:true,&quot;1.75&quot;:true,&quot;2.5&quot;:true},&quot;captionEnabled&quot;:false,&quot;saveState&quot;:false}\" style=\"aspect-ratio:16\/9\">\n    <div class=\"preload_poster\" style=\"overflow:hidden;aspect-ratio:16\/9;\">\n        <svg width=\"36px\" height=\"36px\" viewBox=\"0 0 15 15\" fill=\"none\" xmlns=\"http:\/\/www.w3.org\/2000\/svg\">\n            <path d=\"M4.79062 2.09314C4.63821 1.98427 4.43774 1.96972 4.27121 2.05542C4.10467 2.14112 4 2.31271 4 2.5V12.5C4 12.6873 4.10467 12.8589 4.27121 12.9446C4.43774 13.0303 4.63821 13.0157 4.79062 12.9069L11.7906 7.90687C11.922 7.81301 12 7.66148 12 7.5C12 7.33853 11.922 7.18699 11.7906 7.09314L4.79062 2.09314Z\" fill=\"#fff\" \/>\n        <\/svg>\n    <\/div>\n<\/div>\n\n\n\n\n<p>Con motivo de celebrarse hoy 8 de noviembre el D\u00eda de las y los Trabajadores Municipales, el Consejo Directivo Provincial de ATE C\u00f3rdoba env\u00eda un c\u00e1lido saludo a cada uno de las y los municipales de toda la provincia, que d\u00eda a d\u00eda cumplen con la poblaci\u00f3n, garantizando derechos, cuidando la salud general, poniendo la piel brindar la atenci\u00f3n necesaria para cubrir las demandas de la comunidad.<\/p>\n\n\n\n<p>ATE es el sindicato m\u00e1s antiguo del pa\u00eds y cuenta con la personer\u00eda gremial N\u00b02, representando a las y los trabajadores del Estado Nacional, Provincial y Municipal. Con 96 a\u00f1os de historia, ATE C\u00f3rdoba est\u00e1 creciendo y construyendo organizaci\u00f3n en el sector municipal, atento que la provincia cuenta con cien mil trabajadoras y trabajadores estatales municipales, en 429 comunas y municipios.<\/p>\n\n\n\n<p>Ya en casi 100 de ellas ATE est\u00e1 presente organizando la esperanza de revertir una realidad penosa de baj\u00edsimos salarios y malas condiciones de trabajo, carentes de la estabilidad laboral que debiera gozar cada trabajador y trabajadora, como nos otorga la Constituci\u00f3n y la normativa vigente.<\/p>\n\n\n\n<p>Desde la coordinaci\u00f3n del Departamento de las y los trabajadores municipales del Consejo Directivo Provincial de ATE C\u00f3rdoba, m\u00e1s de 90 localidades est\u00e1n representadas a trav\u00e9s de ocho seccionales y delegaciones como son: Adelia Mar\u00eda, R\u00edo Cuarto, R\u00edo Tercero, Villa Mar\u00eda, San Francisco, Cruz del Eje, Sierras Chicas y Traslasierra.<\/p>\n\n\n\n<div class=\"wp-block-image\"><figure class=\"alignright size-large is-resized\"><img loading=\"lazy\" decoding=\"async\" src=\"https:\/\/atecordoba.org\/wp-content\/uploads\/2021\/11\/WhatsApp-Image-2021-11-08-at-11.27.47-1024x1017.jpeg\" alt=\"\" class=\"wp-image-28811\" width=\"563\" height=\"559\" \/><\/figure><\/div>\n\n\n\n<p>Vale se\u00f1alar que muchas veces no nos permiten organizarnos, la patronal municipal acuerda con sectores obsecuentes y esa es la traba principal para avanzar en m\u00e1s derechos, en carreras administrativas justas, en pagos de \u00edtems necesarios, entre otras.<\/p>\n\n\n\n<p>Suele decirse que el Estado municipal es la primera ventanilla que tienen los estatales para atender a la poblaci\u00f3n. Por eso la dignidad y calidad del trabajo es primordial, al igual que sus condiciones de trabajo y la necesidad de un Convenio Colectivo de Trabajo, abonan la idea de que no basta con la lucha para que las y los trabajadores del Estado estemos bien, sino que tambi\u00e9n hay que luchar para que mejore el conjunto de la sociedad.<\/p>\n\n\n\n<p>Para que las y los trabajadores tengamos derechos hubo much\u00edsimos compa\u00f1eros y compa\u00f1eras que pelearon, lucharon y dieran su vida. A los trabajadores y trabajadoras nadie nos regal\u00f3 nada, ocurre que los patrones\/as, siempre \u201cpresionaron\u201d un poco m\u00e1s, quieren hacernos creer que lo que tenemos es gracias a ellos y no por las conquistas propias de los y las trabajadoras.<\/p>\n\n\n\n<p>El jefe, el capataz, el director o el intendente, no son la Ley. Ninguno de ellos y ellas decide sobre nuestros derechos. Por eso, donde no hay representaci\u00f3n sindical, los y las trabajadoras ven limitados sus derechos.<\/p>\n\n\n\n<ul class=\"wp-block-list\"><li>POR SALARIO M\u00cdNIMO VITAL Y M\u00d3VIL. Como piso de dignidad para avanzar en haberes que cubran totalmente la canasta familiar.<\/li><li>Por Convenios Colectivos de Trabajo y ESTATUTOS para discutir concretamente condiciones dignas de trabajo, situaciones contractuales, etc.<\/li><li>Por el reconocimiento de la INSALUBRIDAD, LICENCIA IGUALITARIA, LICENCIA POR VIOLENCIA DE GENERO, CUPO DE DISCAPACIDAD Y TRAVESTI TRANS, para ampliar derechos y recibir el reconocimiento que corresponde por nuestras tareas realizadas.<\/li><\/ul>\n\n\n\n<p>Porque somos cada d\u00eda m\u00e1s, porque en ATE estamos devolviendo poco a poco la dignidad que los gremios amarillos entregan a las patronales, porque sumamos convenios de acci\u00f3n social en toda la provincia y peleamos por salarios, pase a planta y condiciones de trabajo:<\/p>\n\n\n\n<p class=\"has-text-align-center\"><strong>\u00a1<\/strong><strong>Feliz D\u00eda para cada municipal de la Provincia de C\u00f3rdoba!<\/strong><\/p>\n","protected":false},"excerpt":{"rendered":"<p>Con motivo de celebrarse hoy 8 de noviembre el D\u00eda de las y los Trabajadores Municipales, el Consejo Directivo Provincial de ATE C\u00f3rdoba env\u00eda un c\u00e1lido saludo a cada uno de las y los municipales de toda la provincia, que d\u00eda a d\u00eda cumplen con la poblaci\u00f3n, garantizando derechos, cuidando la salud general, poniendo la [&hellip;]<\/p>\n","protected":false},"author":7,"featured_media":28811,"comment_status":"open","ping_status":"open","sticky":false,"template":"","format":"standard","meta":{"_exactmetrics_skip_tracking":false,"_exactmetrics_sitenote_active":false,"_exactmetrics_sitenote_note":"","_exactmetrics_sitenote_category":0,"jnews-multi-image_gallery":[],"jnews_single_post":{"subtitle":"Este merecido festejo, tras un largo a\u00f1o de trabajo, nos impulsa tambi\u00e9n a dar una mirada a la situaci\u00f3n que atravesamos las y los municipales para impulsar una acci\u00f3n decidida que mejore nuestra realidad como trabajadores y trabajadoras.","format":"standard","video":"","gallery":"","source_name":"","source_url":"","via_name":"","via_url":"","override":[{"template":"1","single_blog_custom":"","parallax":"1","fullscreen":"1","layout":"right-sidebar","sidebar":"default-sidebar","second_sidebar":"default-sidebar","sticky_sidebar":"1","share_position":"top","share_float_style":"share-monocrhome","show_share_counter":"1","show_view_counter":"1","show_featured":"1","show_post_meta":"1","show_post_author":"1","show_post_author_image":"1","show_post_date":"1","post_date_format":"default","post_date_format_custom":"Y\/m\/d","show_post_category":"1","post_reading_time_wpm":"300","zoom_button_out_step":"2","zoom_button_in_step":"3","show_post_tag":"1","show_prev_next_post":"1","show_popup_post":"1","number_popup_post":"1"}],"image_override":[{"single_post_thumbnail_size":"crop-500","single_post_gallery_size":"crop-500"}],"trending_post_position":"meta","trending_post_label":"Trending","sponsored_post_label":"Sponsored by","sponsored_post_name":"","sponsored_post_url":"","sponsored_post_logo":"","sponsored_post_desc":""},"jnews_primary_category":{"id":""},"jnews_social_meta":[],"jnews_review":[],"enable_review":"","type":"","name":"","summary":"","brand":"","sku":"","good":[],"bad":[],"score_override":"","override_value":"","rating":[],"price":[],"jnews_override_counter":[],"jnews_post_split":[],"footnotes":""},"categories":[20,1],"tags":[668],"class_list":["post-28809","post","type-post","status-publish","format-standard","has-post-thumbnail","hentry","category-municipales","category-sin-categoria","tag-dia-del-trabajador-municipal"],"jetpack_featured_media_url":"https:\/\/atecordoba.org\/wp-content\/uploads\/2021\/11\/WhatsApp-Image-2021-11-08-at-11.27.47-e1636383522818.jpeg","_links":{"self":[{"href":"https:\/\/atecordoba.org\/index.php?rest_route=\/wp\/v2\/posts\/28809","targetHints":{"allow":["GET"]}}],"collection":[{"href":"https:\/\/atecordoba.org\/index.php?rest_route=\/wp\/v2\/posts"}],"about":[{"href":"https:\/\/atecordoba.org\/index.php?rest_route=\/wp\/v2\/types\/post"}],"author":[{"embeddable":true,"href":"https:\/\/atecordoba.org\/index.php?rest_route=\/wp\/v2\/users\/7"}],"replies":[{"embeddable":true,"href":"https:\/\/atecordoba.org\/index.php?rest_route=%2Fwp%2Fv2%2Fcomments&post=28809"}],"version-history":[{"count":2,"href":"https:\/\/atecordoba.org\/index.php?rest_route=\/wp\/v2\/posts\/28809\/revisions"}],"predecessor-version":[{"id":28813,"href":"https:\/\/atecordoba.org\/index.php?rest_route=\/wp\/v2\/posts\/28809\/revisions\/28813"}],"wp:featuredmedia":[{"embeddable":true,"href":"https:\/\/atecordoba.org\/index.php?rest_route=\/wp\/v2\/media\/28811"}],"wp:attachment":[{"href":"https:\/\/atecordoba.org\/index.php?rest_route=%2Fwp%2Fv2%2Fmedia&parent=28809"}],"wp:term":[{"taxonomy":"category","embeddable":true,"href":"https:\/\/atecordoba.org\/index.php?rest_route=%2Fwp%2Fv2%2Fcategories&post=28809"},{"taxonomy":"post_tag","embeddable":true,"href":"https:\/\/atecordoba.org\/index.php?rest_route=%2Fwp%2Fv2%2Ftags&post=28809"}],"curies":[{"name":"wp","href":"https:\/\/api.w.org\/{rel}","templated":true}]}}